{"id":2060,"date":"2020-02-18T16:46:27","date_gmt":"2020-02-18T15:46:27","guid":{"rendered":"http:\/\/www.ceipmaestrorafaelbravomartin.es\/?p=2060"},"modified":"2020-03-13T11:57:21","modified_gmt":"2020-03-13T10:57:21","slug":"ipasen","status":"publish","type":"post","link":"http:\/\/www.ceipmaestrorafaelbravomartin.es\/?p=2060","title":{"rendered":"IPasen"},"content":{"rendered":"\n<p>Hoy en d\u00eda disponemos de una herramientas muy \u00fatiles para la comunicaci\u00f3n de las familias. Nuestro centro est\u00e1 comenzando a utilizar la herramienta iPasen para la comunicaci\u00f3n eficaz y veraz con las familias.<\/p>\n\n\n\n<p>Os dejamos el enlace donde aparece todo explicado y muy detallado.<\/p>\n\n\n\n<p><a href=\"http:\/\/portals.ced.junta-andalucia.es\/educacion\/portals\/web\/ced\/pasen\">http:\/\/portals.ced.junta-andalucia.es\/educacion\/portals\/web\/ced\/pasen<\/a><\/p>\n\n\n\n<p>Seguimos trabajando por nuestro pueblo.<\/p>\n\n\n\n<p><\/p>\n","protected":false},"excerpt":{"rendered":"<p>Hoy en d\u00eda disponemos de una herramientas muy \u00fatiles para la comunicaci\u00f3n de las familias. Nuestro centro est\u00e1 comenzando a utilizar la herramienta iPasen para la comunicaci\u00f3n eficaz y veraz con las familias. Os dejamos el enlace donde aparece todo explicado y muy detallado. http:\/\/portals.ced.junta-andalucia.es\/educacion\/portals\/web\/ced\/pasen Seguimos trabajando por nuestro pueblo.<\/p>\n","protected":false},"author":6,"featured_media":0,"comment_status":"closed","ping_status":"closed","sticky":false,"template":"","format":"standard","meta":{"jetpack_post_was_ever_published":false,"_jetpack_newsletter_access":"","_jetpack_dont_email_post_to_subs":false,"_jetpack_newsletter_tier_id":0,"_jetpack_memberships_contains_paywalled_content":false,"_jetpack_memberships_contains_paid_content":false,"footnotes":""},"categories":[2],"tags":[120,119],"class_list":["post-2060","post","type-post","status-publish","format-standard","hentry","category-info","tag-comunicacion","tag-ipasen"],"jetpack_featured_media_url":"","jetpack_sharing_enabled":true,"jetpack_shortlink":"https:\/\/wp.me\/s9VlHp-ipasen","jetpack-related-posts":[{"id":3270,"url":"http:\/\/www.ceipmaestrorafaelbravomartin.es\/?p=3270","url_meta":{"origin":2060,"position":0},"title":"Matriculaci\u00f3n curso 2023\/2024","author":"CEIP Maestro Rafael Bravo Mart\u00edn","date":"1 junio, 2023","format":false,"excerpt":"Desde hoy hasta el pr\u00f3ximo 8 de junio, podr\u00e1n matricular a su hijo\/a en nuestro centro para el curso 2022\/2023 pinchando en el siguiente enlace:https:\/\/www.juntadeandalucia.es\/educacion\/secretariavirtual\/accesoTramite\/365\/ Ser\u00e1 necesario el c\u00f3digo iAnde, que se encuentra en el apartado de mensajes de iPasen. Igualmente podr\u00e1n solicitar aula matinal o comedor en el mismo\u2026","rel":"","context":"En \u00abInformaci\u00f3n\u00bb","block_context":{"text":"Informaci\u00f3n","link":"http:\/\/www.ceipmaestrorafaelbravomartin.es\/?cat=20"},"img":{"alt_text":"","src":"https:\/\/i0.wp.com\/img.youtube.com\/vi\/VCcL3E5x7lk\/0.jpg?resize=350%2C200","width":350,"height":200},"classes":[]},{"id":3446,"url":"http:\/\/www.ceipmaestrorafaelbravomartin.es\/?p=3446","url_meta":{"origin":2060,"position":1},"title":"Matriculaci\u00f3n curso 2025\/2026","author":"CEIP Maestro Rafael Bravo Mart\u00edn","date":"1 junio, 2025","format":false,"excerpt":"Desde el 1 hasta el pr\u00f3ximo 9 de junio, podr\u00e1n matricular a su hijo\/a en nuestro centro para el curso 2025\/2026 pinchando en el siguiente enlace:https:\/\/www.juntadeandalucia.es\/educacion\/secretariavirtual\/accesoTramite\/365\/ Ser\u00e1 necesario el c\u00f3digo iAnde, que se encuentra en el apartado de mensajes de iPasen. Igualmente podr\u00e1n solicitar aula matinal o comedor en el\u2026","rel":"","context":"En \u00abMatriculaci\u00f3n\u00bb","block_context":{"text":"Matriculaci\u00f3n","link":"http:\/\/www.ceipmaestrorafaelbravomartin.es\/?cat=147"},"img":{"alt_text":"","src":"https:\/\/i0.wp.com\/img.youtube.com\/vi\/VCcL3E5x7lk\/0.jpg?resize=350%2C200","width":350,"height":200},"classes":[]},{"id":2770,"url":"http:\/\/www.ceipmaestrorafaelbravomartin.es\/?p=2770","url_meta":{"origin":2060,"position":2},"title":"Cheque-libro 1\u00ba y 2\u00ba","author":"CEIP Maestro Rafael Bravo Mart\u00edn","date":"26 junio, 2020","format":false,"excerpt":"Los tutores legales podr\u00e1n recoger de forma telem\u00e1tica los cheques-libro. Para ello acceder\u00e1n mediante la introducci\u00f3n de la fecha de nacimiento del alumno y su clave iANDe (esta se encuentra en las comunicaciones de iPasen) en la siguiente ruta: https:\/\/seneca.juntadeandalucia.es\/seneca\/puntoderecogida\/index.html Una vez introducidos los datos de acceso, acceder\u00e1 a la\u2026","rel":"","context":"En \u00abInformaci\u00f3n\u00bb","block_context":{"text":"Informaci\u00f3n","link":"http:\/\/www.ceipmaestrorafaelbravomartin.es\/?cat=20"},"img":{"alt_text":"","src":"","width":0,"height":0},"classes":[]},{"id":2800,"url":"http:\/\/www.ceipmaestrorafaelbravomartin.es\/?p=2800","url_meta":{"origin":2060,"position":3},"title":"Solicitud de bonificaci\u00f3n del aula matinal y del comedor","author":"CEIP Maestro Rafael Bravo Mart\u00edn","date":"1 septiembre, 2020","format":false,"excerpt":"Se ha abierto el plazo para solicitar la bonificaci\u00f3n del aula matinal y del comedor (del 1 al 7 de septiembre), pod\u00e9is solicitar su bonificaci\u00f3n en el siguiente enlace: https:\/\/www.juntadeandalucia.es\/educacion\/secretariavirtual\/accesoTramite\/381\/ Necesitar\u00e9is el c\u00f3digo iAnde que se encuentra en iPasen. Los listados de admitidos en los servicios complementarios est\u00e1n expuestos en\u2026","rel":"","context":"En \u00abInformaci\u00f3n\u00bb","block_context":{"text":"Informaci\u00f3n","link":"http:\/\/www.ceipmaestrorafaelbravomartin.es\/?cat=2"},"img":{"alt_text":"","src":"","width":0,"height":0},"classes":[]},{"id":2075,"url":"http:\/\/www.ceipmaestrorafaelbravomartin.es\/?p=2075","url_meta":{"origin":2060,"position":4},"title":"Informaci\u00f3n importante","author":"CEIP Maestro Rafael Bravo Mart\u00edn","date":"13 marzo, 2020","format":false,"excerpt":"Toda la informaci\u00f3n correspondiente a este periodo excepcional, tanto comunicados como informaci\u00f3n de inter\u00e9s, ser\u00e1 publicada en esta web. Igualmente les recomendamos que se registren en iPasen para poder recibir la informaci\u00f3n del centro. https:\/\/youtu.be\/cHLova48ULE","rel":"","context":"En \u00abInformaci\u00f3n\u00bb","block_context":{"text":"Informaci\u00f3n","link":"http:\/\/www.ceipmaestrorafaelbravomartin.es\/?cat=2"},"img":{"alt_text":"","src":"https:\/\/i0.wp.com\/img.youtube.com\/vi\/cHLova48ULE\/0.jpg?resize=350%2C200","width":350,"height":200},"classes":[]},{"id":3149,"url":"http:\/\/www.ceipmaestrorafaelbravomartin.es\/?p=3149","url_meta":{"origin":2060,"position":5},"title":"Bonificaci\u00f3n de Aula Matinal y Comedor","author":"CEIP Maestro Rafael Bravo Mart\u00edn","date":"2 septiembre, 2021","format":false,"excerpt":"El alumnado, que est\u00e1 admitido en aula matinal y comedor, puede solicitar la bonificaci\u00f3n de dichos servicios del 1 al 7 de septiembre. Se podr\u00e1 acceder a dicha bonificaci\u00f3n a trav\u00e9s de iPasen o pinchando en el siguiente enlace: Secretar\u00eda Virtual de los centros docentes andaluces (juntadeandalucia.es)","rel":"","context":"En \u00abcomedor\u00bb","block_context":{"text":"comedor","link":"http:\/\/www.ceipmaestrorafaelbravomartin.es\/?cat=129"},"img":{"alt_text":"","src":"","width":0,"height":0},"classes":[]}],"_links":{"self":[{"href":"http:\/\/www.ceipmaestrorafaelbravomartin.es\/index.php?rest_route=\/wp\/v2\/posts\/2060","targetHints":{"allow":["GET"]}}],"collection":[{"href":"http:\/\/www.ceipmaestrorafaelbravomartin.es\/index.php?rest_route=\/wp\/v2\/posts"}],"about":[{"href":"http:\/\/www.ceipmaestrorafaelbravomartin.es\/index.php?rest_route=\/wp\/v2\/types\/post"}],"author":[{"embeddable":true,"href":"http:\/\/www.ceipmaestrorafaelbravomartin.es\/index.php?rest_route=\/wp\/v2\/users\/6"}],"replies":[{"embeddable":true,"href":"http:\/\/www.ceipmaestrorafaelbravomartin.es\/index.php?rest_route=%2Fwp%2Fv2%2Fcomments&post=2060"}],"version-history":[{"count":2,"href":"http:\/\/www.ceipmaestrorafaelbravomartin.es\/index.php?rest_route=\/wp\/v2\/posts\/2060\/revisions"}],"predecessor-version":[{"id":2062,"href":"http:\/\/www.ceipmaestrorafaelbravomartin.es\/index.php?rest_route=\/wp\/v2\/posts\/2060\/revisions\/2062"}],"wp:attachment":[{"href":"http:\/\/www.ceipmaestrorafaelbravomartin.es\/index.php?rest_route=%2Fwp%2Fv2%2Fmedia&parent=2060"}],"wp:term":[{"taxonomy":"category","embeddable":true,"href":"http:\/\/www.ceipmaestrorafaelbravomartin.es\/index.php?rest_route=%2Fwp%2Fv2%2Fcategories&post=2060"},{"taxonomy":"post_tag","embeddable":true,"href":"http:\/\/www.ceipmaestrorafaelbravomartin.es\/index.php?rest_route=%2Fwp%2Fv2%2Ftags&post=2060"}],"curies":[{"name":"wp","href":"https:\/\/api.w.org\/{rel}","templated":true}]}}