{"id":2748,"date":"2020-06-09T10:59:50","date_gmt":"2020-06-09T08:59:50","guid":{"rendered":"http:\/\/www.ceipmaestrorafaelbravomartin.es\/?p=2748"},"modified":"2020-10-28T11:27:02","modified_gmt":"2020-10-28T10:27:02","slug":"publicacion-de-listados","status":"publish","type":"post","link":"http:\/\/www.ceipmaestrorafaelbravomartin.es\/?p=2748","title":{"rendered":"Publicaci\u00f3n de listados"},"content":{"rendered":"\n<p>Ya est\u00e1n disponibles, para consultar en nuestro centro, la <strong>relaci\u00f3n baremada de alumnado solicitante<\/strong>. Pod\u00e9is pasaros por el colegio de 9:30 a 13:30 para verlas.<\/p>\n","protected":false},"excerpt":{"rendered":"<p>Ya est\u00e1n disponibles, para consultar en nuestro centro, la relaci\u00f3n baremada de alumnado solicitante. Pod\u00e9is pasaros por el colegio de 9:30 a 13:30 para verlas.<\/p>\n","protected":false},"author":6,"featured_media":0,"comment_status":"closed","ping_status":"closed","sticky":false,"template":"","format":"standard","meta":{"jetpack_post_was_ever_published":false,"_jetpack_newsletter_access":"","_jetpack_dont_email_post_to_subs":false,"_jetpack_newsletter_tier_id":0,"_jetpack_memberships_contains_paywalled_content":false,"_jetpack_memberships_contains_paid_content":false,"footnotes":""},"categories":[2],"tags":[126],"class_list":["post-2748","post","type-post","status-publish","format-standard","hentry","category-info","tag-listado"],"jetpack_featured_media_url":"","jetpack_sharing_enabled":true,"jetpack_shortlink":"https:\/\/wp.me\/p9VlHp-Ik","jetpack-related-posts":[{"id":71,"url":"http:\/\/www.ceipmaestrorafaelbravomartin.es\/?p=71","url_meta":{"origin":2748,"position":0},"title":"Documentos de organizaci\u00f3n de la dotac\u00edon TIC","author":"CEIP Maestro Rafael Bravo Mart\u00edn","date":"27 octubre, 2010","format":false,"excerpt":"1.\u00a0Autorizaci\u00f3n para im\u00e1genes.\u00a02.\u00a0Documento de Organizaci\u00f3n de la dotaci\u00f3n TIC del Centro.-\u00a0Anexo 1: Cuadrante para el uso de los port\u00e1tiles del Centro.-\u00a0Anexo 2: Compromiso de responsabilidad en el uso de la dotaci\u00f3n TIC para el 2\u00ba ciclo.-\u00a0Anexo 3: Funciones y acta de elecci\u00f3n de los Responsables TIC.-\u00a0Anexo 4: Calendario para la\u2026","rel":"","context":"En \u00abDocumentos TIC\u00bb","block_context":{"text":"Documentos TIC","link":"http:\/\/www.ceipmaestrorafaelbravomartin.es\/?cat=37"},"img":{"alt_text":"","src":"","width":0,"height":0},"classes":[]},{"id":1830,"url":"http:\/\/www.ceipmaestrorafaelbravomartin.es\/?p=1830","url_meta":{"origin":2748,"position":1},"title":"Coeducaci\u00f3n.","author":"CEIP Maestro Rafael Bravo Mart\u00edn","date":"18 abril, 2018","format":false,"excerpt":"Ahora que se acerca el d\u00eda del libro (23 de abril) y para lograr uno de nuestros objetivos principales: la transmisi\u00f3n de valores, actitudes y modelos de referencia personales y colectivos, que contribuyan a la tan ansiada igualdad, desde\u00a0coeducaci\u00f3n\u00a0queremos contribuir a que ni\u00f1os\/as accedan a un tipo de literatura que\u2026","rel":"","context":"En \u00abCoeducaci\u00f3n\u00bb","block_context":{"text":"Coeducaci\u00f3n","link":"http:\/\/www.ceipmaestrorafaelbravomartin.es\/?cat=114"},"img":{"alt_text":"","src":"","width":0,"height":0},"classes":[]},{"id":1363,"url":"http:\/\/www.ceipmaestrorafaelbravomartin.es\/?p=1363","url_meta":{"origin":2748,"position":2},"title":"Proceso de escolarizaci\u00f3n curso 2016\/2017","author":"CEIP Maestro Rafael Bravo Mart\u00edn","date":"19 febrero, 2016","format":false,"excerpt":"Del 1 al 31 de marzo, ambos inclusive, se abre plazo para la presentaci\u00f3n de solicitud de matriculaci\u00f3n para el pr\u00f3ximo curso tanto del alumnado de nuevo ingreso como del que cambie de centro. En el tabl\u00f3n de anuncios, se publicar\u00e1 toda la informaci\u00f3n al respecto: normativa, zona de influencia,\u2026","rel":"","context":"En \u00abDirecci\u00f3n\u00bb","block_context":{"text":"Direcci\u00f3n","link":"http:\/\/www.ceipmaestrorafaelbravomartin.es\/?cat=46"},"img":{"alt_text":"","src":"","width":0,"height":0},"classes":[]},{"id":2054,"url":"http:\/\/www.ceipmaestrorafaelbravomartin.es\/?p=2054","url_meta":{"origin":2748,"position":3},"title":"H\u00c1BITOS DE VIDA SALUDABLE","author":"CEIP Maestro Rafael Bravo Mart\u00edn","date":"11 febrero, 2020","format":false,"excerpt":"En el marco del \u201cPlan Escolar de Consumo de Frutas y Hortalizas\", recurso para promover Estilos de Vida Saludable del que nuestro centro es beneficiario, nos comunican que hemos resultado seleccionados para recibir el\u00a0\"Kit de\u00a0Materiales para Huertos Escolares\u201d El\u00a0material del que consta el Kit se\u00a0repartir\u00e1\u00a0a los centros educativos beneficiarios\u00a0dividido\u00a0en dos\u2026","rel":"","context":"En \u00abEl centro\u00bb","block_context":{"text":"El centro","link":"http:\/\/www.ceipmaestrorafaelbravomartin.es\/?cat=10"},"img":{"alt_text":"","src":"https:\/\/i0.wp.com\/www.ceipmaestrorafaelbravomartin.es\/wp-content\/uploads\/2020\/02\/unnamed.jpg?resize=350%2C200","width":350,"height":200,"srcset":"https:\/\/i0.wp.com\/www.ceipmaestrorafaelbravomartin.es\/wp-content\/uploads\/2020\/02\/unnamed.jpg?resize=350%2C200 1x, https:\/\/i0.wp.com\/www.ceipmaestrorafaelbravomartin.es\/wp-content\/uploads\/2020\/02\/unnamed.jpg?resize=525%2C300 1.5x"},"classes":[]},{"id":22,"url":"http:\/\/www.ceipmaestrorafaelbravomartin.es\/?p=22","url_meta":{"origin":2748,"position":4},"title":"Materiales Escolares Curso 2010\/11","author":"CEIP Maestro Rafael Bravo Mart\u00edn","date":"14 septiembre, 2010","format":false,"excerpt":"Aqu\u00ed puedes consultar los materiales para el presente curso escolar.Haz clic en el siguiente enlace para descargar los libros de texto para el curso 2010\/11, \u00a0los cuales ya est\u00e1n incluidos en el cheque-libro correspondiente al programa de gratuidad de libros de texto:Libros de texto incluidos en el cheque-libro.En los enlaces\u2026","rel":"","context":"En \u00abPlanes y programas\u00bb","block_context":{"text":"Planes y programas","link":"http:\/\/www.ceipmaestrorafaelbravomartin.es\/?cat=9"},"img":{"alt_text":"","src":"","width":0,"height":0},"classes":[]},{"id":34,"url":"http:\/\/www.ceipmaestrorafaelbravomartin.es\/?p=34","url_meta":{"origin":2748,"position":5},"title":"Biblioteca Escolar","author":"CEIP Maestro Rafael Bravo Mart\u00edn","date":"18 octubre, 2010","format":false,"excerpt":"El colegio p\u00fablico Nuestra Se\u00f1ora de Asunci\u00f3n de Alcal\u00e1 del R\u00edo dispone de una magnifica biblioteca de centro, instalada en una sala de la segunda planta , dicha sala est\u00e1 habilitada con 9 mesas y unas 40 sillas para la lectura y el estudio, 5 estanter\u00edas grandes\u00a0 de madera de\u2026","rel":"","context":"En \u00abPlanes y programas\u00bb","block_context":{"text":"Planes y programas","link":"http:\/\/www.ceipmaestrorafaelbravomartin.es\/?cat=23"},"img":{"alt_text":"","src":"","width":0,"height":0},"classes":[]}],"_links":{"self":[{"href":"http:\/\/www.ceipmaestrorafaelbravomartin.es\/index.php?rest_route=\/wp\/v2\/posts\/2748","targetHints":{"allow":["GET"]}}],"collection":[{"href":"http:\/\/www.ceipmaestrorafaelbravomartin.es\/index.php?rest_route=\/wp\/v2\/posts"}],"about":[{"href":"http:\/\/www.ceipmaestrorafaelbravomartin.es\/index.php?rest_route=\/wp\/v2\/types\/post"}],"author":[{"embeddable":true,"href":"http:\/\/www.ceipmaestrorafaelbravomartin.es\/index.php?rest_route=\/wp\/v2\/users\/6"}],"replies":[{"embeddable":true,"href":"http:\/\/www.ceipmaestrorafaelbravomartin.es\/index.php?rest_route=%2Fwp%2Fv2%2Fcomments&post=2748"}],"version-history":[{"count":1,"href":"http:\/\/www.ceipmaestrorafaelbravomartin.es\/index.php?rest_route=\/wp\/v2\/posts\/2748\/revisions"}],"predecessor-version":[{"id":2749,"href":"http:\/\/www.ceipmaestrorafaelbravomartin.es\/index.php?rest_route=\/wp\/v2\/posts\/2748\/revisions\/2749"}],"wp:attachment":[{"href":"http:\/\/www.ceipmaestrorafaelbravomartin.es\/index.php?rest_route=%2Fwp%2Fv2%2Fmedia&parent=2748"}],"wp:term":[{"taxonomy":"category","embeddable":true,"href":"http:\/\/www.ceipmaestrorafaelbravomartin.es\/index.php?rest_route=%2Fwp%2Fv2%2Fcategories&post=2748"},{"taxonomy":"post_tag","embeddable":true,"href":"http:\/\/www.ceipmaestrorafaelbravomartin.es\/index.php?rest_route=%2Fwp%2Fv2%2Ftags&post=2748"}],"curies":[{"name":"wp","href":"https:\/\/api.w.org\/{rel}","templated":true}]}}