{"id":2960,"date":"2021-02-04T12:43:21","date_gmt":"2021-02-04T11:43:21","guid":{"rendered":"http:\/\/www.ceipmaestrorafaelbravomartin.es\/?p=2960"},"modified":"2021-02-05T10:08:06","modified_gmt":"2021-02-05T09:08:06","slug":"dia-de-la-paz-y-la-no-violencia","status":"publish","type":"post","link":"http:\/\/www.ceipmaestrorafaelbravomartin.es\/?p=2960","title":{"rendered":"D\u00eda de la Paz y la No Violencia"},"content":{"rendered":"\n<p>El mensaje b\u00e1sico de este d\u00eda es: \u201cAmor universal, No-violencia y Paz\u201d. El Amor universal es mejor que el ego\u00edsmo, la No-violencia es mejor que la violencia y la Paz es mejor que la guerra\u2019.<\/p>\n\n\n\n<p>La educaci\u00f3n en y para la tolerancia, la solidaridad, la concordia, el respeto a los Derechos Humanos, la no violencia y la paz son motivos para recordar el 30 de enero.<\/p>\n\n\n\n<p>Las actividades previas a este d\u00eda han consistido en la visualizaci\u00f3n de diferentes videos y posterior reflexi\u00f3n sobre los mismos.<\/p>\n\n\n\n<p>En Educaci\u00f3n Infantil y primer ciclo de Primaria hemos trabajado &nbsp;a partir de la <strong>\u201cHistoria de Punto\u201d<\/strong>, un cuento animado sobre la diversidad: un peque\u00f1o estudiante se siente solo, insignificante y distinto a sus compa\u00f1eras de clase, las letras, pero juntos har\u00e1n un importante descubrimiento. Puedes ver el v\u00eddeo en el siguiente enlace <a href=\"http:\/\/www.unicef.es\/educa\/biblioteca\/historia-de-punto-video-actividad-educaci\u00f3n-infantil\">www.unicef.es\/educa\/biblioteca\/historia-de-punto-video-actividad-educaci\u00f3n-infantil<\/a><\/p>\n\n\n\n<p>En segundo y tercer ciclo de Primaria reflexionamos acerca de la convivencia escolar, los conflictos en el aula y en el centro y la prevenci\u00f3n del bullying con el v\u00eddeo <strong>\u201cEl colegio como lugar de paz\u201d<\/strong> Todos somos diferentes y nuestros sue\u00f1os tambi\u00e9n lo son \u00bfY sabes qu\u00e9? \u00a1Todos tenemos derecho a cumplirlos!, por eso nos formamos con ilusi\u00f3n en la Escuela\u2026 un lugar donde trabajamos para alcanzar un sue\u00f1o en com\u00fan: aprender y crecer felices en un entorno seguro. <a href=\"https:\/\/youtu.be\/FpHPvqhibL8\">https:\/\/youtu.be\/FpHPvqhibL8<\/a><\/p>\n\n\n\n<p>Y como tarea final elaboramos la <strong>\u201cVacuna del buen trato\u201d<\/strong> porque la violencia, como los virus, s\u00f3lo produce v\u00edctimas: todos salimos perdiendo cuando estalla. Adem\u00e1s, igual que pasa con las epidemias, es mejor prevenir que curar.<\/p>\n\n\n\n<p>&nbsp;&nbsp;&nbsp;&nbsp;&nbsp;&nbsp;&nbsp;&nbsp;&nbsp;&nbsp;&nbsp; <strong>Este curso tan at\u00edpico en el que no hemos podido celebrar un acto com\u00fan hemos entre todos y todas unas vacunas de paz y buen trato<\/strong> con la que intentaremos proteger a todo nuestro entorno, una vacuna muy especial:&nbsp;<strong>es una vacuna que no se toma, se piensa.<\/strong><\/p>\n\n\n\n<p>Os dejamos un video para que ve\u00e1is que bien hemos vacunado a los <strong>Violentovirus.<\/strong><\/p>\n\n\n\n<figure class=\"wp-block-embed is-type-video is-provider-youtube wp-block-embed-youtube wp-embed-aspect-4-3 wp-has-aspect-ratio\"><div class=\"wp-block-embed__wrapper\">\n<span class=\"embed-youtube\" style=\"text-align:center; display: block;\"><iframe loading=\"lazy\" class=\"youtube-player\" width=\"750\" height=\"422\" src=\"https:\/\/www.youtube.com\/embed\/7xkvB33-Gis?version=3&#038;rel=1&#038;showsearch=0&#038;showinfo=1&#038;iv_load_policy=1&#038;fs=1&#038;hl=es-ES&#038;autohide=2&#038;wmode=transparent\" allowfullscreen=\"true\" style=\"border:0;\" sandbox=\"allow-scripts allow-same-origin allow-popups allow-presentation allow-popups-to-escape-sandbox\"><\/iframe><\/span>\n<\/div><\/figure>\n\n\n\n<p class=\"has-text-align-right\"><strong>Bel\u00e9n Infantes<\/strong><\/p>\n\n\n\n<p class=\"has-text-align-right\">Coordinadora Escuela Espacio de Paz<\/p>\n","protected":false},"excerpt":{"rendered":"<p>El mensaje b\u00e1sico de este d\u00eda es: \u201cAmor universal, No-violencia y Paz\u201d. El Amor universal es mejor que el ego\u00edsmo, la No-violencia es mejor que la violencia y la Paz es mejor que la guerra\u2019. La educaci\u00f3n en y para la tolerancia, la solidaridad, la concordia, el respeto a los [&hellip;]<\/p>\n","protected":false},"author":6,"featured_media":0,"comment_status":"closed","ping_status":"closed","sticky":false,"template":"","format":"standard","meta":{"jetpack_post_was_ever_published":false,"_jetpack_newsletter_access":"","_jetpack_dont_email_post_to_subs":false,"_jetpack_newsletter_tier_id":0,"_jetpack_memberships_contains_paywalled_content":false,"_jetpack_memberships_contains_paid_content":false,"footnotes":""},"categories":[134],"tags":[135],"class_list":["post-2960","post","type-post","status-publish","format-standard","hentry","category-dia-de-la-paz","tag-paz"],"jetpack_featured_media_url":"","jetpack_sharing_enabled":true,"jetpack_shortlink":"https:\/\/wp.me\/p9VlHp-LK","jetpack-related-posts":[{"id":1077,"url":"http:\/\/www.ceipmaestrorafaelbravomartin.es\/?p=1077","url_meta":{"origin":2960,"position":0},"title":"30 de enero: D\u00eda Escolar de la NO Violencia y la PAZ","author":"CEIP Maestro Rafael Bravo Mart\u00edn","date":"30 enero, 2015","format":false,"excerpt":"Senbazuru: Una idea que surge simult\u00e1neamente en segundo y tercer ciclo ...\u00a1! Se propopone al alumnado, y este responde con entusiasmo implic\u00e1ndose toda la comunidad educativa. Todo un \u00e9xito para el centro.","rel":"","context":"En \u00abEventos\u00bb","block_context":{"text":"Eventos","link":"http:\/\/www.ceipmaestrorafaelbravomartin.es\/?cat=103"},"img":{"alt_text":"","src":"","width":0,"height":0},"classes":[]},{"id":82,"url":"http:\/\/www.ceipmaestrorafaelbravomartin.es\/?p=82","url_meta":{"origin":2960,"position":1},"title":"Reuni\u00f3n con las familias en Ed. Infantil","author":"CEIP Maestro Rafael Bravo Mart\u00edn","date":"29 noviembre, 2009","format":false,"excerpt":"El 26 de octubre del 2010 se llev\u00f3 a cabo la reuni\u00f3n con las \u00a0 familias del alumnado de Educaci\u00f3n Infantil. En ella se trataron entre otros los siguientes puntos:","rel":"","context":"En \u00abEducaci\u00f3n Infantil\u00bb","block_context":{"text":"Educaci\u00f3n Infantil","link":"http:\/\/www.ceipmaestrorafaelbravomartin.es\/?cat=26"},"img":{"alt_text":"*","src":"file:\/\/\/C:\/DOCUME~1\/ANGELO~1\/CONFIG~1\/Temp\/msohtml1\/01\/clip_image001.gif","width":350,"height":200},"classes":[]},{"id":653,"url":"http:\/\/www.ceipmaestrorafaelbravomartin.es\/?p=653","url_meta":{"origin":2960,"position":2},"title":"30 DE ENERO","author":"CEIP Maestro Rafael Bravo Mart\u00edn","date":"30 enero, 2014","format":false,"excerpt":"Hoy 30 de enero hemos celebrado en nuestro centro el D\u00cdA ESCOLAR DE LA NO VIOLENCIA Y LA PAZ. M\u00faltiples actividades han llenado estos d\u00edas de valores nuestras aulas. Finalizando en un acto global de centro, que adem\u00e1s repercutir\u00e1 en la campa\u00f1a de C\u00c1RITAS cuya charla-coloquio, este curso, tendr\u00e1 lugar\u2026","rel":"","context":"En \u00abCelebraciones\u00bb","block_context":{"text":"Celebraciones","link":"http:\/\/www.ceipmaestrorafaelbravomartin.es\/?cat=42"},"img":{"alt_text":"","src":"","width":0,"height":0},"classes":[]},{"id":1787,"url":"http:\/\/www.ceipmaestrorafaelbravomartin.es\/?p=1787","url_meta":{"origin":2960,"position":3},"title":"20 de noviembre: D\u00eda Universal del Ni\u00f1o","author":"CEIP Maestro Rafael Bravo Mart\u00edn","date":"17 noviembre, 2017","format":false,"excerpt":"El\u00a0D\u00eda Universal del Ni\u00f1o, que se celebra todos los a\u00f1os el 20 de noviembre, es un d\u00eda dedicado a todos los ni\u00f1os y ni\u00f1as del mundo. Es un d\u00eda de celebraci\u00f3n por los avances conseguidos, pero sobre todo es un d\u00eda para llamar la atenci\u00f3n sobre la situaci\u00f3n de los\u2026","rel":"","context":"En \u00abEl centro\u00bb","block_context":{"text":"El centro","link":"http:\/\/www.ceipmaestrorafaelbravomartin.es\/?cat=10"},"img":{"alt_text":"","src":"","width":0,"height":0},"classes":[]},{"id":208,"url":"http:\/\/www.ceipmaestrorafaelbravomartin.es\/?p=208","url_meta":{"origin":2960,"position":4},"title":"25 de noviembre: D\u00eda internacional contra la violencia de g\u00e9nero.","author":"CEIP Maestro Rafael Bravo Mart\u00edn","date":"25 noviembre, 2011","format":false,"excerpt":"El viernes 25 de noviembre se celebr\u00f3 el D\u00cdA INTERNACIONAL PARA LA ELIMINACI\u00d3N DE LA VIOLENCIA CONTRA LA MUJER. Durante esa semana los alumnos\/as han realizado actividades para tomar conciencia de la igualdad entre mujeres y hombres, ni\u00f1as y ni\u00f1os. Aqu\u00ed os dejamos algunas de las muchas que se llevaron\u2026","rel":"","context":"En \u00abCurso 2011\/12\u00bb","block_context":{"text":"Curso 2011\/12","link":"http:\/\/www.ceipmaestrorafaelbravomartin.es\/?cat=45"},"img":{"alt_text":"","src":"","width":0,"height":0},"classes":[]},{"id":283,"url":"http:\/\/www.ceipmaestrorafaelbravomartin.es\/?p=283","url_meta":{"origin":2960,"position":5},"title":"1\u00aa tirada del peri\u00f3dico &#8211;  2012-13","author":"CEIP Maestro Rafael Bravo Mart\u00edn","date":"15 enero, 2013","format":false,"excerpt":"TALLER DE PERI\u00d3DICO Otro a\u00f1o mas nos disponemos a sacar el peri\u00f3dico del colegio Asunci\u00f3n. Por lo tanto animamos a todo el alumnado, profesorado, padres y madres, a participar en esta edici\u00f3n de \u201c Ventana Escolar\u201d. Os recordamos la direcci\u00f3n de correo electr\u00f3nico: periodicoasuncion@gmail.com -Se admitir\u00e1n trabajos tanto a mano\u2026","rel":"","context":"En \u00abInformaci\u00f3n\u00bb","block_context":{"text":"Informaci\u00f3n","link":"http:\/\/www.ceipmaestrorafaelbravomartin.es\/?cat=17"},"img":{"alt_text":"","src":"","width":0,"height":0},"classes":[]}],"_links":{"self":[{"href":"http:\/\/www.ceipmaestrorafaelbravomartin.es\/index.php?rest_route=\/wp\/v2\/posts\/2960","targetHints":{"allow":["GET"]}}],"collection":[{"href":"http:\/\/www.ceipmaestrorafaelbravomartin.es\/index.php?rest_route=\/wp\/v2\/posts"}],"about":[{"href":"http:\/\/www.ceipmaestrorafaelbravomartin.es\/index.php?rest_route=\/wp\/v2\/types\/post"}],"author":[{"embeddable":true,"href":"http:\/\/www.ceipmaestrorafaelbravomartin.es\/index.php?rest_route=\/wp\/v2\/users\/6"}],"replies":[{"embeddable":true,"href":"http:\/\/www.ceipmaestrorafaelbravomartin.es\/index.php?rest_route=%2Fwp%2Fv2%2Fcomments&post=2960"}],"version-history":[{"count":2,"href":"http:\/\/www.ceipmaestrorafaelbravomartin.es\/index.php?rest_route=\/wp\/v2\/posts\/2960\/revisions"}],"predecessor-version":[{"id":2963,"href":"http:\/\/www.ceipmaestrorafaelbravomartin.es\/index.php?rest_route=\/wp\/v2\/posts\/2960\/revisions\/2963"}],"wp:attachment":[{"href":"http:\/\/www.ceipmaestrorafaelbravomartin.es\/index.php?rest_route=%2Fwp%2Fv2%2Fmedia&parent=2960"}],"wp:term":[{"taxonomy":"category","embeddable":true,"href":"http:\/\/www.ceipmaestrorafaelbravomartin.es\/index.php?rest_route=%2Fwp%2Fv2%2Fcategories&post=2960"},{"taxonomy":"post_tag","embeddable":true,"href":"http:\/\/www.ceipmaestrorafaelbravomartin.es\/index.php?rest_route=%2Fwp%2Fv2%2Ftags&post=2960"}],"curies":[{"name":"wp","href":"https:\/\/api.w.org\/{rel}","templated":true}]}}