{"id":3225,"date":"2022-02-07T12:43:41","date_gmt":"2022-02-07T11:43:41","guid":{"rendered":"http:\/\/www.ceipmaestrorafaelbravomartin.es\/?p=3225"},"modified":"2022-02-07T12:43:42","modified_gmt":"2022-02-07T11:43:42","slug":"centro-examinador-oficial-delf-frances-y-cambridge-ingles","status":"publish","type":"post","link":"http:\/\/www.ceipmaestrorafaelbravomartin.es\/?p=3225","title":{"rendered":"Centro examinador oficial DELF (franc\u00e9s) y Cambridge (ingl\u00e9s)"},"content":{"rendered":"\n<p>Estimadas familias,<br>Os comunicamos que adem\u00e1s de ser uno de los tres centros examinadores del DELF (franc\u00e9s) de la provincia, tambi\u00e9n seremos a partir de este a\u00f1o centro examinador de Cambridge, ex\u00e1menes oficiales que aportan la certificaci\u00f3n correspondiente de Ingl\u00e9s. La preparaci\u00f3n a los mismos ser\u00e1 dentro del horario de clases. Las familias s\u00f3lo tendr\u00e1n que pagar las tasas de ex\u00e1menes y el alumnado realizar\u00e1 los ex\u00e1menes en las instalaciones del colegio a finales del tercer trimestre. El personal examinador nativo se desplazar\u00e1 a nuestro colegio. Es una gran oportunidad para que nuestros\/as ni\u00f1os\/as no tengan que desplazarse fuera de su localidad para acceder a la certificaci\u00f3n de Ingl\u00e9s qu a su vez les proporcionar\u00e1 una mayor motivaci\u00f3n.<\/p>\n\n\n\n<figure class=\"wp-block-embed is-type-video is-provider-youtube wp-block-embed-youtube wp-embed-aspect-16-9 wp-has-aspect-ratio\"><div class=\"wp-block-embed__wrapper\">\n<span class=\"embed-youtube\" style=\"text-align:center; display: block;\"><iframe loading=\"lazy\" class=\"youtube-player\" width=\"750\" height=\"422\" src=\"https:\/\/www.youtube.com\/embed\/vH_Qfuza_tw?version=3&#038;rel=1&#038;showsearch=0&#038;showinfo=1&#038;iv_load_policy=1&#038;fs=1&#038;hl=es-ES&#038;autohide=2&#038;wmode=transparent\" allowfullscreen=\"true\" style=\"border:0;\" sandbox=\"allow-scripts allow-same-origin allow-popups allow-presentation allow-popups-to-escape-sandbox\"><\/iframe><\/span>\n<\/div><\/figure>\n","protected":false},"excerpt":{"rendered":"<p>Estimadas familias,Os comunicamos que adem\u00e1s de ser uno de los tres centros examinadores del DELF (franc\u00e9s) de la provincia, tambi\u00e9n seremos a partir de este a\u00f1o centro examinador de Cambridge, ex\u00e1menes oficiales que aportan la certificaci\u00f3n correspondiente de Ingl\u00e9s. La preparaci\u00f3n a los mismos ser\u00e1 dentro del horario de clases. [&hellip;]<\/p>\n","protected":false},"author":6,"featured_media":0,"comment_status":"closed","ping_status":"closed","sticky":false,"template":"","format":"standard","meta":{"jetpack_post_was_ever_published":false,"_jetpack_newsletter_access":"","_jetpack_dont_email_post_to_subs":false,"_jetpack_newsletter_tier_id":0,"_jetpack_memberships_contains_paywalled_content":false,"_jetpack_memberships_contains_paid_content":false,"footnotes":""},"categories":[20],"tags":[141,142,144,143],"class_list":["post-3225","post","type-post","status-publish","format-standard","hentry","category-info-biblioteca","tag-cambridge","tag-delf","tag-frances-2","tag-ingles"],"jetpack_featured_media_url":"","jetpack_sharing_enabled":true,"jetpack_shortlink":"https:\/\/wp.me\/p9VlHp-Q1","jetpack-related-posts":[{"id":2975,"url":"http:\/\/www.ceipmaestrorafaelbravomartin.es\/?p=2975","url_meta":{"origin":3225,"position":0},"title":"DELF PRIM","author":"CEIP Maestro Rafael Bravo Mart\u00edn","date":"19 febrero, 2021","format":false,"excerpt":"Bonjour! Estimadas familias: Os comunicamos que este curso 2020\/2021 el alumnado de sexto se podr\u00e1 presentar a las pruebas oficiales para obtener el Diploma de Estudios en Lengua Francesa (DELF PRIM) y as\u00ed poder acreditar su nivel de competencia en este idioma, realizando las pruebas orales y escritas de los\u2026","rel":"","context":"En \u00abFranc\u00e9s\u00bb","block_context":{"text":"Franc\u00e9s","link":"http:\/\/www.ceipmaestrorafaelbravomartin.es\/?cat=137"},"img":{"alt_text":"","src":"","width":0,"height":0},"classes":[]},{"id":2958,"url":"http:\/\/www.ceipmaestrorafaelbravomartin.es\/?p=2958","url_meta":{"origin":3225,"position":1},"title":"Resultados DELF PRIM","author":"CEIP Maestro Rafael Bravo Mart\u00edn","date":"1 febrero, 2021","format":false,"excerpt":"Nos complace comunicaros que el 100% del alumnado de nuestro centro, que se present\u00f3 a las pruebas oficiales para la obtenci\u00f3n del t\u00edtulo A1.1 de franc\u00e9s, HA APROBADO con muy buenas notas. Dichas pruebas se realizaron en nuestro colegio ya que es centro examinador. Felicidades a todos\/as por vuestro gran\u2026","rel":"","context":"En \u00abBiling\u00fcismo\u00bb","block_context":{"text":"Biling\u00fcismo","link":"http:\/\/www.ceipmaestrorafaelbravomartin.es\/?cat=109"},"img":{"alt_text":"","src":"","width":0,"height":0},"classes":[]},{"id":3142,"url":"http:\/\/www.ceipmaestrorafaelbravomartin.es\/?p=3142","url_meta":{"origin":3225,"position":2},"title":"Resultados DELF PRIM","author":"CEIP Maestro Rafael Bravo Mart\u00edn","date":"22 julio, 2021","format":false,"excerpt":"Ayer se publicaron los resultados de los ex\u00e1menes oficiales de franc\u00e9s de los niveles A1.1 y A1, realizados en nuestro colegio. Nos alegra comunicar que el 100% de nuestros alumnos\/as, que se presentaron a la prueba, han aprobado. \u00a1Muchas felicidades a todos\/as!","rel":"","context":"En \u00abFranc\u00e9s\u00bb","block_context":{"text":"Franc\u00e9s","link":"http:\/\/www.ceipmaestrorafaelbravomartin.es\/?cat=137"},"img":{"alt_text":"","src":"","width":0,"height":0},"classes":[]},{"id":2938,"url":"http:\/\/www.ceipmaestrorafaelbravomartin.es\/?p=2938","url_meta":{"origin":3225,"position":3},"title":"Pruebas DELF-PRIM","author":"CEIP Maestro Rafael Bravo Mart\u00edn","date":"20 diciembre, 2020","format":false,"excerpt":"Durante este mes, nuestro centro ha acogido las pruebas oficiales el DELF Prim,\u00a0Dipl\u00f4me d\u2019\u00e9tudes en langue fran\u00e7aise\u00a0(Diploma de Estudios en Lengua Francesa), que es una\u00a0certificaci\u00f3n oficial internacional expedida por\u00a0el el Ministerio de Educaci\u00f3n Nacional de Francia, para acreditar las competencias en franc\u00e9s de los candidatos extranjeros. En estas pruebas han\u2026","rel":"","context":"En \u00abBiling\u00fcismo\u00bb","block_context":{"text":"Biling\u00fcismo","link":"http:\/\/www.ceipmaestrorafaelbravomartin.es\/?cat=109"},"img":{"alt_text":"","src":"https:\/\/i0.wp.com\/www.ceipmaestrorafaelbravomartin.es\/wp-content\/uploads\/2020\/12\/delf-prim-scaled.jpg?resize=350%2C200","width":350,"height":200,"srcset":"https:\/\/i0.wp.com\/www.ceipmaestrorafaelbravomartin.es\/wp-content\/uploads\/2020\/12\/delf-prim-scaled.jpg?resize=350%2C200 1x, https:\/\/i0.wp.com\/www.ceipmaestrorafaelbravomartin.es\/wp-content\/uploads\/2020\/12\/delf-prim-scaled.jpg?resize=525%2C300 1.5x, https:\/\/i0.wp.com\/www.ceipmaestrorafaelbravomartin.es\/wp-content\/uploads\/2020\/12\/delf-prim-scaled.jpg?resize=700%2C400 2x, https:\/\/i0.wp.com\/www.ceipmaestrorafaelbravomartin.es\/wp-content\/uploads\/2020\/12\/delf-prim-scaled.jpg?resize=1050%2C600 3x, https:\/\/i0.wp.com\/www.ceipmaestrorafaelbravomartin.es\/wp-content\/uploads\/2020\/12\/delf-prim-scaled.jpg?resize=1400%2C800 4x"},"classes":[]},{"id":198,"url":"http:\/\/www.ceipmaestrorafaelbravomartin.es\/?p=198","url_meta":{"origin":3225,"position":4},"title":"Informaci\u00f3n Plan biling\u00fce curso 2011\/12","author":"CEIP Maestro Rafael Bravo Mart\u00edn","date":"4 noviembre, 2011","format":false,"excerpt":"PRESENTACI\u00d3N Atendiendo a las caracter\u00edsticas de nuestro Centro, de los recursos con los que contamos tanto personales como materiales, as\u00ed como de las caracter\u00edsticas propias de nuestro alumnado; procedemos a dar respuesta a la formaci\u00f3n que se requiere para la inclusi\u00f3n de los ni\u00f1os y las ni\u00f1as de nuestro colegio\u2026","rel":"","context":"En \u00abPlanes y programas\u00bb","block_context":{"text":"Planes y programas","link":"http:\/\/www.ceipmaestrorafaelbravomartin.es\/?cat=23"},"img":{"alt_text":"","src":"","width":0,"height":0},"classes":[]},{"id":36,"url":"http:\/\/www.ceipmaestrorafaelbravomartin.es\/?p=36","url_meta":{"origin":3225,"position":5},"title":"Plan biling\u00fce","author":"CEIP Maestro Rafael Bravo Mart\u00edn","date":"18 octubre, 2010","format":false,"excerpt":"\u00bfPOR QU\u00c9 SOMOS CENTRO BILING\u00dcE?La sociedad actual demanda la formaci\u00f3n pluriling\u00fce y multicultural, es decir, dominio de varios idiomas y conocimiento de distintas culturas. Esto no s\u00f3lo enriquece a nivel personal sino que favorece la\u00a0 inserci\u00f3n en la vida laboral y facilita la convivencia de distintas culturas en un mismo\u2026","rel":"","context":"En \u00abPlanes y programas\u00bb","block_context":{"text":"Planes y programas","link":"http:\/\/www.ceipmaestrorafaelbravomartin.es\/?cat=23"},"img":{"alt_text":"","src":"","width":0,"height":0},"classes":[]}],"_links":{"self":[{"href":"http:\/\/www.ceipmaestrorafaelbravomartin.es\/index.php?rest_route=\/wp\/v2\/posts\/3225","targetHints":{"allow":["GET"]}}],"collection":[{"href":"http:\/\/www.ceipmaestrorafaelbravomartin.es\/index.php?rest_route=\/wp\/v2\/posts"}],"about":[{"href":"http:\/\/www.ceipmaestrorafaelbravomartin.es\/index.php?rest_route=\/wp\/v2\/types\/post"}],"author":[{"embeddable":true,"href":"http:\/\/www.ceipmaestrorafaelbravomartin.es\/index.php?rest_route=\/wp\/v2\/users\/6"}],"replies":[{"embeddable":true,"href":"http:\/\/www.ceipmaestrorafaelbravomartin.es\/index.php?rest_route=%2Fwp%2Fv2%2Fcomments&post=3225"}],"version-history":[{"count":1,"href":"http:\/\/www.ceipmaestrorafaelbravomartin.es\/index.php?rest_route=\/wp\/v2\/posts\/3225\/revisions"}],"predecessor-version":[{"id":3226,"href":"http:\/\/www.ceipmaestrorafaelbravomartin.es\/index.php?rest_route=\/wp\/v2\/posts\/3225\/revisions\/3226"}],"wp:attachment":[{"href":"http:\/\/www.ceipmaestrorafaelbravomartin.es\/index.php?rest_route=%2Fwp%2Fv2%2Fmedia&parent=3225"}],"wp:term":[{"taxonomy":"category","embeddable":true,"href":"http:\/\/www.ceipmaestrorafaelbravomartin.es\/index.php?rest_route=%2Fwp%2Fv2%2Fcategories&post=3225"},{"taxonomy":"post_tag","embeddable":true,"href":"http:\/\/www.ceipmaestrorafaelbravomartin.es\/index.php?rest_route=%2Fwp%2Fv2%2Ftags&post=3225"}],"curies":[{"name":"wp","href":"https:\/\/api.w.org\/{rel}","templated":true}]}}