{"id":3233,"date":"2022-02-11T11:02:15","date_gmt":"2022-02-11T10:02:15","guid":{"rendered":"http:\/\/www.ceipmaestrorafaelbravomartin.es\/?p=3233"},"modified":"2022-02-11T11:02:17","modified_gmt":"2022-02-11T10:02:17","slug":"conectamos-en-directo-con-la-radio","status":"publish","type":"post","link":"http:\/\/www.ceipmaestrorafaelbravomartin.es\/?p=3233","title":{"rendered":"Conectamos en directo con la radio"},"content":{"rendered":"\n<p>Hoy conectamos en directo con Radio Alberquilla <a href=\"http:\/\/www.radioalberquilla.com\/\">Radio Alberquilla<\/a> para que entrevisten a nuestra ganadora del concurso literario. <\/p>\n\n\n\n<figure class=\"wp-block-image size-large\"><img loading=\"lazy\" decoding=\"async\" width=\"1024\" height=\"768\" data-attachment-id=\"3234\" data-permalink=\"http:\/\/www.ceipmaestrorafaelbravomartin.es\/?attachment_id=3234\" data-orig-file=\"http:\/\/www.ceipmaestrorafaelbravomartin.es\/wp-content\/uploads\/2022\/02\/IMG_75375812-scaled.jpg\" data-orig-size=\"2560,1920\" data-comments-opened=\"0\" data-image-meta=\"{&quot;aperture&quot;:&quot;1.8&quot;,&quot;credit&quot;:&quot;&quot;,&quot;camera&quot;:&quot;iPhone 11&quot;,&quot;caption&quot;:&quot;&quot;,&quot;created_timestamp&quot;:&quot;1644576676&quot;,&quot;copyright&quot;:&quot;&quot;,&quot;focal_length&quot;:&quot;4.25&quot;,&quot;iso&quot;:&quot;100&quot;,&quot;shutter_speed&quot;:&quot;0.02&quot;,&quot;title&quot;:&quot;&quot;,&quot;orientation&quot;:&quot;1&quot;}\" data-image-title=\"IMG_75375812\" data-image-description=\"\" data-image-caption=\"\" data-medium-file=\"http:\/\/www.ceipmaestrorafaelbravomartin.es\/wp-content\/uploads\/2022\/02\/IMG_75375812-300x225.jpg\" data-large-file=\"http:\/\/www.ceipmaestrorafaelbravomartin.es\/wp-content\/uploads\/2022\/02\/IMG_75375812-1024x768.jpg\" src=\"http:\/\/www.ceipmaestrorafaelbravomartin.es\/wp-content\/uploads\/2022\/02\/IMG_75375812-1024x768.jpg\" alt=\"\" class=\"wp-image-3234\" srcset=\"http:\/\/www.ceipmaestrorafaelbravomartin.es\/wp-content\/uploads\/2022\/02\/IMG_75375812-1024x768.jpg 1024w, http:\/\/www.ceipmaestrorafaelbravomartin.es\/wp-content\/uploads\/2022\/02\/IMG_75375812-300x225.jpg 300w, http:\/\/www.ceipmaestrorafaelbravomartin.es\/wp-content\/uploads\/2022\/02\/IMG_75375812-768x576.jpg 768w, http:\/\/www.ceipmaestrorafaelbravomartin.es\/wp-content\/uploads\/2022\/02\/IMG_75375812-1536x1152.jpg 1536w, http:\/\/www.ceipmaestrorafaelbravomartin.es\/wp-content\/uploads\/2022\/02\/IMG_75375812-2048x1536.jpg 2048w\" sizes=\"auto, (max-width: 1024px) 100vw, 1024px\" \/><\/figure>\n\n\n\n<p>\u00a1Enhorabuena!<\/p>\n","protected":false},"excerpt":{"rendered":"<p>Hoy conectamos en directo con Radio Alberquilla Radio Alberquilla para que entrevisten a nuestra ganadora del concurso literario. \u00a1Enhorabuena!<\/p>\n","protected":false},"author":6,"featured_media":0,"comment_status":"closed","ping_status":"closed","sticky":false,"template":"","format":"standard","meta":{"jetpack_post_was_ever_published":false,"_jetpack_newsletter_access":"","_jetpack_dont_email_post_to_subs":false,"_jetpack_newsletter_tier_id":0,"_jetpack_memberships_contains_paywalled_content":false,"_jetpack_memberships_contains_paid_content":false,"footnotes":""},"categories":[20],"tags":[],"class_list":["post-3233","post","type-post","status-publish","format-standard","hentry","category-info-biblioteca"],"jetpack_featured_media_url":"","jetpack_sharing_enabled":true,"jetpack_shortlink":"https:\/\/wp.me\/p9VlHp-Q9","jetpack-related-posts":[{"id":56,"url":"http:\/\/www.ceipmaestrorafaelbravomartin.es\/?p=56","url_meta":{"origin":3233,"position":0},"title":"Excursi\u00f3n granja escuela de Educaci\u00f3n Intantil.","author":"CEIP Maestro Rafael Bravo Mart\u00edn","date":"8 abril, 2010","format":false,"excerpt":"El pasado mi\u00e9rcoles d\u00eda 7 de abril de 2010, todo el alumnado de educaci\u00f3n infantil realiz\u00f3 una salida a la granja escuela \u201cLa Buhardilla\u201d, en la que realizaron actividades como:Elaboraci\u00f3n de tortitas de granja.Descubrieron qu\u00e9 es una granja y lo que se puede encontrar en ella, y tuvieron un contacto\u2026","rel":"","context":"En \u00abCurso 2009\/10\u00bb","block_context":{"text":"Curso 2009\/10","link":"http:\/\/www.ceipmaestrorafaelbravomartin.es\/?cat=27"},"img":{"alt_text":"","src":"","width":0,"height":0},"classes":[]},{"id":232,"url":"http:\/\/www.ceipmaestrorafaelbravomartin.es\/?p=232","url_meta":{"origin":3233,"position":1},"title":"\u00abRobin Hood\u00bb","author":"CEIP Maestro Rafael Bravo Mart\u00edn","date":"18 marzo, 2012","format":false,"excerpt":"El viernes d\u00eda 16 de Marzo, el alumnado de Segundo y Tercer Ciclo de Primaria asisti\u00f3 a la Casa de la Cultura para disfrutar de una estupenda obra de teatro en Ingl\u00e9s adaptada para ni\u00f1os y ni\u00f1as, en la que, como podr\u00e9is comprobar, alumnos y alumnas fueron seleccionados\/as al azar\u2026","rel":"","context":"En \u00abPlanes y programas\u00bb","block_context":{"text":"Planes y programas","link":"http:\/\/www.ceipmaestrorafaelbravomartin.es\/?cat=9"},"img":{"alt_text":"","src":"","width":0,"height":0},"classes":[]},{"id":36,"url":"http:\/\/www.ceipmaestrorafaelbravomartin.es\/?p=36","url_meta":{"origin":3233,"position":2},"title":"Plan biling\u00fce","author":"CEIP Maestro Rafael Bravo Mart\u00edn","date":"18 octubre, 2010","format":false,"excerpt":"\u00bfPOR QU\u00c9 SOMOS CENTRO BILING\u00dcE?La sociedad actual demanda la formaci\u00f3n pluriling\u00fce y multicultural, es decir, dominio de varios idiomas y conocimiento de distintas culturas. Esto no s\u00f3lo enriquece a nivel personal sino que favorece la\u00a0 inserci\u00f3n en la vida laboral y facilita la convivencia de distintas culturas en un mismo\u2026","rel":"","context":"En \u00abPlanes y programas\u00bb","block_context":{"text":"Planes y programas","link":"http:\/\/www.ceipmaestrorafaelbravomartin.es\/?cat=23"},"img":{"alt_text":"","src":"","width":0,"height":0},"classes":[]},{"id":148,"url":"http:\/\/www.ceipmaestrorafaelbravomartin.es\/?p=148","url_meta":{"origin":3233,"position":3},"title":"Semana Cultural: Nuestro Centro. Ayer y Hoy","author":"CEIP Maestro Rafael Bravo Mart\u00edn","date":"10 marzo, 2011","format":false,"excerpt":"Lema: Nuestro Centro. Ayer y Hoy. \u00a0 Durante la semana del 21 al 25 de marzo y durante un tiempo, cada curso con su tutor-a realizar\u00e1 una actividad relacionada con le lema de nuestra semana cultural.\u00a0 \u00a0 Actividades: - Limpieza del centro. - Decoraci\u00f3n del centro. - Conocimiento del centro.\u2026","rel":"","context":"En \u00abActividades extraescolares\u00bb","block_context":{"text":"Actividades extraescolares","link":"http:\/\/www.ceipmaestrorafaelbravomartin.es\/?cat=14"},"img":{"alt_text":"","src":"","width":0,"height":0},"classes":[]},{"id":198,"url":"http:\/\/www.ceipmaestrorafaelbravomartin.es\/?p=198","url_meta":{"origin":3233,"position":4},"title":"Informaci\u00f3n Plan biling\u00fce curso 2011\/12","author":"CEIP Maestro Rafael Bravo Mart\u00edn","date":"4 noviembre, 2011","format":false,"excerpt":"PRESENTACI\u00d3N Atendiendo a las caracter\u00edsticas de nuestro Centro, de los recursos con los que contamos tanto personales como materiales, as\u00ed como de las caracter\u00edsticas propias de nuestro alumnado; procedemos a dar respuesta a la formaci\u00f3n que se requiere para la inclusi\u00f3n de los ni\u00f1os y las ni\u00f1as de nuestro colegio\u2026","rel":"","context":"En \u00abPlanes y programas\u00bb","block_context":{"text":"Planes y programas","link":"http:\/\/www.ceipmaestrorafaelbravomartin.es\/?cat=23"},"img":{"alt_text":"","src":"","width":0,"height":0},"classes":[]},{"id":162,"url":"http:\/\/www.ceipmaestrorafaelbravomartin.es\/?p=162","url_meta":{"origin":3233,"position":5},"title":"LA BICICLETA , UN MARAVILLOSO Y SALUDABLE MEDIO DE TRANSPORTE.","author":"CEIP Maestro Rafael Bravo Mart\u00edn","date":"17 junio, 2011","format":false,"excerpt":"Durante esto a\u00f1os,\u00a0 han sido muchos los ni\u00f1os\/as que han sacado su carnet de conducir bicicletas. El maestro Pepe Palma, junto con la maestra Puri llevan muchos a\u00f1os dedicando un d\u00eda a esta actividad tan maravillosa con los m\u00e1s peque\u00f1os\/as ( al finalizar su segundo curso de Educaci\u00f3n Primaria). \u00a0\u2026","rel":"","context":"En \u00abEd. F\u00edsica\u00bb","block_context":{"text":"Ed. F\u00edsica","link":"http:\/\/www.ceipmaestrorafaelbravomartin.es\/?cat=28"},"img":{"alt_text":"","src":"","width":0,"height":0},"classes":[]}],"_links":{"self":[{"href":"http:\/\/www.ceipmaestrorafaelbravomartin.es\/index.php?rest_route=\/wp\/v2\/posts\/3233","targetHints":{"allow":["GET"]}}],"collection":[{"href":"http:\/\/www.ceipmaestrorafaelbravomartin.es\/index.php?rest_route=\/wp\/v2\/posts"}],"about":[{"href":"http:\/\/www.ceipmaestrorafaelbravomartin.es\/index.php?rest_route=\/wp\/v2\/types\/post"}],"author":[{"embeddable":true,"href":"http:\/\/www.ceipmaestrorafaelbravomartin.es\/index.php?rest_route=\/wp\/v2\/users\/6"}],"replies":[{"embeddable":true,"href":"http:\/\/www.ceipmaestrorafaelbravomartin.es\/index.php?rest_route=%2Fwp%2Fv2%2Fcomments&post=3233"}],"version-history":[{"count":1,"href":"http:\/\/www.ceipmaestrorafaelbravomartin.es\/index.php?rest_route=\/wp\/v2\/posts\/3233\/revisions"}],"predecessor-version":[{"id":3235,"href":"http:\/\/www.ceipmaestrorafaelbravomartin.es\/index.php?rest_route=\/wp\/v2\/posts\/3233\/revisions\/3235"}],"wp:attachment":[{"href":"http:\/\/www.ceipmaestrorafaelbravomartin.es\/index.php?rest_route=%2Fwp%2Fv2%2Fmedia&parent=3233"}],"wp:term":[{"taxonomy":"category","embeddable":true,"href":"http:\/\/www.ceipmaestrorafaelbravomartin.es\/index.php?rest_route=%2Fwp%2Fv2%2Fcategories&post=3233"},{"taxonomy":"post_tag","embeddable":true,"href":"http:\/\/www.ceipmaestrorafaelbravomartin.es\/index.php?rest_route=%2Fwp%2Fv2%2Ftags&post=3233"}],"curies":[{"name":"wp","href":"https:\/\/api.w.org\/{rel}","templated":true}]}}