{"id":3254,"date":"2022-04-05T12:56:33","date_gmt":"2022-04-05T10:56:33","guid":{"rendered":"http:\/\/www.ceipmaestrorafaelbravomartin.es\/?p=3254"},"modified":"2022-04-05T12:56:35","modified_gmt":"2022-04-05T10:56:35","slug":"premio-concurso-de-relatos","status":"publish","type":"post","link":"http:\/\/www.ceipmaestrorafaelbravomartin.es\/?p=3254","title":{"rendered":"Premio concurso de relatos"},"content":{"rendered":"\n<p>Muchas felicidades a nuestra alumna por conseguir el primer premio en el concurso de literario \u00abLo que la historia no nos cont\u00f3\u00bb.<\/p>\n\n\n\n<p>Muchas felicidades de nuevo y a seguir creando.<\/p>\n\n\n\n<p> <\/p>\n\n\n\n<figure class=\"wp-block-gallery columns-3 is-cropped wp-block-gallery-1 is-layout-flex wp-block-gallery-is-layout-flex\"><ul class=\"blocks-gallery-grid\"><li class=\"blocks-gallery-item\"><figure><img loading=\"lazy\" decoding=\"async\" width=\"724\" height=\"1024\" data-attachment-id=\"3255\" data-permalink=\"http:\/\/www.ceipmaestrorafaelbravomartin.es\/?attachment_id=3255\" data-orig-file=\"http:\/\/www.ceipmaestrorafaelbravomartin.es\/wp-content\/uploads\/2022\/04\/concurso-literario-lo-que-la-historia-nonos-conto.jpg\" data-orig-size=\"1448,2048\" data-comments-opened=\"0\" data-image-meta=\"{&quot;aperture&quot;:&quot;0&quot;,&quot;credit&quot;:&quot;AIDA Fernandez&quot;,&quot;camera&quot;:&quot;&quot;,&quot;caption&quot;:&quot;&quot;,&quot;created_timestamp&quot;:&quot;0&quot;,&quot;copyright&quot;:&quot;&quot;,&quot;focal_length&quot;:&quot;0&quot;,&quot;iso&quot;:&quot;0&quot;,&quot;shutter_speed&quot;:&quot;0&quot;,&quot;title&quot;:&quot;&quot;,&quot;orientation&quot;:&quot;1&quot;}\" data-image-title=\"concurso-literario-lo-que-la-historia-nonos-conto\" data-image-description=\"\" data-image-caption=\"\" data-medium-file=\"http:\/\/www.ceipmaestrorafaelbravomartin.es\/wp-content\/uploads\/2022\/04\/concurso-literario-lo-que-la-historia-nonos-conto-212x300.jpg\" data-large-file=\"http:\/\/www.ceipmaestrorafaelbravomartin.es\/wp-content\/uploads\/2022\/04\/concurso-literario-lo-que-la-historia-nonos-conto-724x1024.jpg\" src=\"http:\/\/www.ceipmaestrorafaelbravomartin.es\/wp-content\/uploads\/2022\/04\/concurso-literario-lo-que-la-historia-nonos-conto-724x1024.jpg\" alt=\"\" data-id=\"3255\" data-full-url=\"http:\/\/www.ceipmaestrorafaelbravomartin.es\/wp-content\/uploads\/2022\/04\/concurso-literario-lo-que-la-historia-nonos-conto.jpg\" data-link=\"http:\/\/www.ceipmaestrorafaelbravomartin.es\/?attachment_id=3255\" class=\"wp-image-3255\" srcset=\"http:\/\/www.ceipmaestrorafaelbravomartin.es\/wp-content\/uploads\/2022\/04\/concurso-literario-lo-que-la-historia-nonos-conto-724x1024.jpg 724w, http:\/\/www.ceipmaestrorafaelbravomartin.es\/wp-content\/uploads\/2022\/04\/concurso-literario-lo-que-la-historia-nonos-conto-212x300.jpg 212w, http:\/\/www.ceipmaestrorafaelbravomartin.es\/wp-content\/uploads\/2022\/04\/concurso-literario-lo-que-la-historia-nonos-conto-768x1086.jpg 768w, http:\/\/www.ceipmaestrorafaelbravomartin.es\/wp-content\/uploads\/2022\/04\/concurso-literario-lo-que-la-historia-nonos-conto-1086x1536.jpg 1086w, http:\/\/www.ceipmaestrorafaelbravomartin.es\/wp-content\/uploads\/2022\/04\/concurso-literario-lo-que-la-historia-nonos-conto.jpg 1448w\" sizes=\"auto, (max-width: 724px) 100vw, 724px\" \/><\/figure><\/li><li class=\"blocks-gallery-item\"><figure><img loading=\"lazy\" decoding=\"async\" width=\"1024\" height=\"1024\" data-attachment-id=\"3256\" data-permalink=\"http:\/\/www.ceipmaestrorafaelbravomartin.es\/?attachment_id=3256\" data-orig-file=\"http:\/\/www.ceipmaestrorafaelbravomartin.es\/wp-content\/uploads\/2022\/04\/WhatsApp-Image-2022-03-23-at-6.32.39-PM.jpeg\" data-orig-size=\"1728,1728\" data-comments-opened=\"0\" data-image-meta=\"{&quot;aperture&quot;:&quot;0&quot;,&quot;credit&quot;:&quot;&quot;,&quot;camera&quot;:&quot;&quot;,&quot;caption&quot;:&quot;&quot;,&quot;created_timestamp&quot;:&quot;0&quot;,&quot;copyright&quot;:&quot;&quot;,&quot;focal_length&quot;:&quot;0&quot;,&quot;iso&quot;:&quot;0&quot;,&quot;shutter_speed&quot;:&quot;0&quot;,&quot;title&quot;:&quot;&quot;,&quot;orientation&quot;:&quot;0&quot;}\" data-image-title=\"WhatsApp-Image-2022-03-23-at-6.32.39-PM\" data-image-description=\"\" data-image-caption=\"\" data-medium-file=\"http:\/\/www.ceipmaestrorafaelbravomartin.es\/wp-content\/uploads\/2022\/04\/WhatsApp-Image-2022-03-23-at-6.32.39-PM-300x300.jpeg\" data-large-file=\"http:\/\/www.ceipmaestrorafaelbravomartin.es\/wp-content\/uploads\/2022\/04\/WhatsApp-Image-2022-03-23-at-6.32.39-PM-1024x1024.jpeg\" src=\"http:\/\/www.ceipmaestrorafaelbravomartin.es\/wp-content\/uploads\/2022\/04\/WhatsApp-Image-2022-03-23-at-6.32.39-PM-1024x1024.jpeg\" alt=\"\" data-id=\"3256\" data-full-url=\"http:\/\/www.ceipmaestrorafaelbravomartin.es\/wp-content\/uploads\/2022\/04\/WhatsApp-Image-2022-03-23-at-6.32.39-PM.jpeg\" data-link=\"http:\/\/www.ceipmaestrorafaelbravomartin.es\/?attachment_id=3256\" class=\"wp-image-3256\" srcset=\"http:\/\/www.ceipmaestrorafaelbravomartin.es\/wp-content\/uploads\/2022\/04\/WhatsApp-Image-2022-03-23-at-6.32.39-PM-1024x1024.jpeg 1024w, http:\/\/www.ceipmaestrorafaelbravomartin.es\/wp-content\/uploads\/2022\/04\/WhatsApp-Image-2022-03-23-at-6.32.39-PM-300x300.jpeg 300w, http:\/\/www.ceipmaestrorafaelbravomartin.es\/wp-content\/uploads\/2022\/04\/WhatsApp-Image-2022-03-23-at-6.32.39-PM-150x150.jpeg 150w, http:\/\/www.ceipmaestrorafaelbravomartin.es\/wp-content\/uploads\/2022\/04\/WhatsApp-Image-2022-03-23-at-6.32.39-PM-768x768.jpeg 768w, http:\/\/www.ceipmaestrorafaelbravomartin.es\/wp-content\/uploads\/2022\/04\/WhatsApp-Image-2022-03-23-at-6.32.39-PM-1536x1536.jpeg 1536w, http:\/\/www.ceipmaestrorafaelbravomartin.es\/wp-content\/uploads\/2022\/04\/WhatsApp-Image-2022-03-23-at-6.32.39-PM-50x50.jpeg 50w, http:\/\/www.ceipmaestrorafaelbravomartin.es\/wp-content\/uploads\/2022\/04\/WhatsApp-Image-2022-03-23-at-6.32.39-PM.jpeg 1728w\" sizes=\"auto, (max-width: 1024px) 100vw, 1024px\" \/><\/figure><\/li><li class=\"blocks-gallery-item\"><figure><img loading=\"lazy\" decoding=\"async\" width=\"1024\" height=\"1024\" data-attachment-id=\"3257\" data-permalink=\"http:\/\/www.ceipmaestrorafaelbravomartin.es\/?attachment_id=3257\" data-orig-file=\"http:\/\/www.ceipmaestrorafaelbravomartin.es\/wp-content\/uploads\/2022\/04\/WhatsApp-Image-2022-03-23-at-6.32.38-PM.jpeg\" data-orig-size=\"1728,1728\" data-comments-opened=\"0\" data-image-meta=\"{&quot;aperture&quot;:&quot;0&quot;,&quot;credit&quot;:&quot;&quot;,&quot;camera&quot;:&quot;&quot;,&quot;caption&quot;:&quot;&quot;,&quot;created_timestamp&quot;:&quot;0&quot;,&quot;copyright&quot;:&quot;&quot;,&quot;focal_length&quot;:&quot;0&quot;,&quot;iso&quot;:&quot;0&quot;,&quot;shutter_speed&quot;:&quot;0&quot;,&quot;title&quot;:&quot;&quot;,&quot;orientation&quot;:&quot;0&quot;}\" data-image-title=\"WhatsApp-Image-2022-03-23-at-6.32.38-PM\" data-image-description=\"\" data-image-caption=\"\" data-medium-file=\"http:\/\/www.ceipmaestrorafaelbravomartin.es\/wp-content\/uploads\/2022\/04\/WhatsApp-Image-2022-03-23-at-6.32.38-PM-300x300.jpeg\" data-large-file=\"http:\/\/www.ceipmaestrorafaelbravomartin.es\/wp-content\/uploads\/2022\/04\/WhatsApp-Image-2022-03-23-at-6.32.38-PM-1024x1024.jpeg\" src=\"http:\/\/www.ceipmaestrorafaelbravomartin.es\/wp-content\/uploads\/2022\/04\/WhatsApp-Image-2022-03-23-at-6.32.38-PM-1024x1024.jpeg\" alt=\"\" data-id=\"3257\" data-full-url=\"http:\/\/www.ceipmaestrorafaelbravomartin.es\/wp-content\/uploads\/2022\/04\/WhatsApp-Image-2022-03-23-at-6.32.38-PM.jpeg\" data-link=\"http:\/\/www.ceipmaestrorafaelbravomartin.es\/?attachment_id=3257\" class=\"wp-image-3257\" srcset=\"http:\/\/www.ceipmaestrorafaelbravomartin.es\/wp-content\/uploads\/2022\/04\/WhatsApp-Image-2022-03-23-at-6.32.38-PM-1024x1024.jpeg 1024w, http:\/\/www.ceipmaestrorafaelbravomartin.es\/wp-content\/uploads\/2022\/04\/WhatsApp-Image-2022-03-23-at-6.32.38-PM-300x300.jpeg 300w, http:\/\/www.ceipmaestrorafaelbravomartin.es\/wp-content\/uploads\/2022\/04\/WhatsApp-Image-2022-03-23-at-6.32.38-PM-150x150.jpeg 150w, http:\/\/www.ceipmaestrorafaelbravomartin.es\/wp-content\/uploads\/2022\/04\/WhatsApp-Image-2022-03-23-at-6.32.38-PM-768x768.jpeg 768w, http:\/\/www.ceipmaestrorafaelbravomartin.es\/wp-content\/uploads\/2022\/04\/WhatsApp-Image-2022-03-23-at-6.32.38-PM-1536x1536.jpeg 1536w, http:\/\/www.ceipmaestrorafaelbravomartin.es\/wp-content\/uploads\/2022\/04\/WhatsApp-Image-2022-03-23-at-6.32.38-PM-50x50.jpeg 50w, http:\/\/www.ceipmaestrorafaelbravomartin.es\/wp-content\/uploads\/2022\/04\/WhatsApp-Image-2022-03-23-at-6.32.38-PM.jpeg 1728w\" sizes=\"auto, (max-width: 1024px) 100vw, 1024px\" \/><\/figure><\/li><\/ul><\/figure>\n","protected":false},"excerpt":{"rendered":"<p>Muchas felicidades a nuestra alumna por conseguir el primer premio en el concurso de literario \u00abLo que la historia no nos cont\u00f3\u00bb. Muchas felicidades de nuevo y a seguir creando.<\/p>\n","protected":false},"author":6,"featured_media":0,"comment_status":"closed","ping_status":"closed","sticky":false,"template":"","format":"standard","meta":{"jetpack_post_was_ever_published":false,"_jetpack_newsletter_access":"","_jetpack_dont_email_post_to_subs":false,"_jetpack_newsletter_tier_id":0,"_jetpack_memberships_contains_paywalled_content":false,"_jetpack_memberships_contains_paid_content":false,"footnotes":""},"categories":[4,20],"tags":[],"class_list":["post-3254","post","type-post","status-publish","format-standard","hentry","category-s7-biblioteca","category-info-biblioteca"],"jetpack_featured_media_url":"","jetpack_sharing_enabled":true,"jetpack_shortlink":"https:\/\/wp.me\/p9VlHp-Qu","jetpack-related-posts":[{"id":1973,"url":"http:\/\/www.ceipmaestrorafaelbravomartin.es\/?p=1973","url_meta":{"origin":3254,"position":0},"title":"Certamen de dibujo infantil SICAB","author":"CEIP Maestro Rafael Bravo Mart\u00edn","date":"12 noviembre, 2019","format":false,"excerpt":"Nuestro alumno JMCC ha ganado el concurso de pintura infantil del SICAB en su modalidad. Queremos felicitar y agradecer tanto al alumno como a sus maestras la participaci\u00f3n e inter\u00e9s en todo lo que hacen. El alumno recoger\u00e1 el premio (una bicicleta) en el sal\u00f3n internacional del caballo. Felicidades de\u2026","rel":"","context":"En \u00abNoticiero\u00bb","block_context":{"text":"Noticiero","link":"http:\/\/www.ceipmaestrorafaelbravomartin.es\/?cat=3"},"img":{"alt_text":"","src":"https:\/\/i0.wp.com\/www.ceipmaestrorafaelbravomartin.es\/wp-content\/uploads\/2019\/11\/WhatsApp-Image-2019-11-12-at-12.18.23.jpeg?resize=350%2C200","width":350,"height":200,"srcset":"https:\/\/i0.wp.com\/www.ceipmaestrorafaelbravomartin.es\/wp-content\/uploads\/2019\/11\/WhatsApp-Image-2019-11-12-at-12.18.23.jpeg?resize=350%2C200 1x, https:\/\/i0.wp.com\/www.ceipmaestrorafaelbravomartin.es\/wp-content\/uploads\/2019\/11\/WhatsApp-Image-2019-11-12-at-12.18.23.jpeg?resize=525%2C300 1.5x, https:\/\/i0.wp.com\/www.ceipmaestrorafaelbravomartin.es\/wp-content\/uploads\/2019\/11\/WhatsApp-Image-2019-11-12-at-12.18.23.jpeg?resize=700%2C400 2x, https:\/\/i0.wp.com\/www.ceipmaestrorafaelbravomartin.es\/wp-content\/uploads\/2019\/11\/WhatsApp-Image-2019-11-12-at-12.18.23.jpeg?resize=1050%2C600 3x, https:\/\/i0.wp.com\/www.ceipmaestrorafaelbravomartin.es\/wp-content\/uploads\/2019\/11\/WhatsApp-Image-2019-11-12-at-12.18.23.jpeg?resize=1400%2C800 4x"},"classes":[]},{"id":1640,"url":"http:\/\/www.ceipmaestrorafaelbravomartin.es\/?p=1640","url_meta":{"origin":3254,"position":1},"title":"Ganador del concurso: \u00abUna mascota para la biblioteca\u00bb.","author":"CEIP Maestro Rafael Bravo Mart\u00edn","date":"16 enero, 2017","format":false,"excerpt":"Aqu\u00ed ten\u00e9is el ganador del concurso: \"una mascota para la biblioteca\". Su nombre es Jos\u00e9 Mar\u00eda y es de 4\u00ba A y su dibujo ha sido el ganador, por lo que aparecer\u00e1 en todos los carn\u00e9s de la biblioteca de nuestro colegio. Muchas felicidades y gracias a todos\/as por participar.","rel":"","context":"En \u00abBiblioteca Escolar\u00bb","block_context":{"text":"Biblioteca Escolar","link":"http:\/\/www.ceipmaestrorafaelbravomartin.es\/?cat=4"},"img":{"alt_text":"Carnet biblioteca con logo","src":"https:\/\/i0.wp.com\/www.ceipmaestrorafaelbravomartin.es\/wp-content\/uploads\/2017\/01\/Carnet-biblioteca-con-logo-300x200.jpg?resize=350%2C200","width":350,"height":200},"classes":[]},{"id":3142,"url":"http:\/\/www.ceipmaestrorafaelbravomartin.es\/?p=3142","url_meta":{"origin":3254,"position":2},"title":"Resultados DELF PRIM","author":"CEIP Maestro Rafael Bravo Mart\u00edn","date":"22 julio, 2021","format":false,"excerpt":"Ayer se publicaron los resultados de los ex\u00e1menes oficiales de franc\u00e9s de los niveles A1.1 y A1, realizados en nuestro colegio. Nos alegra comunicar que el 100% de nuestros alumnos\/as, que se presentaron a la prueba, han aprobado. \u00a1Muchas felicidades a todos\/as!","rel":"","context":"En \u00abFranc\u00e9s\u00bb","block_context":{"text":"Franc\u00e9s","link":"http:\/\/www.ceipmaestrorafaelbravomartin.es\/?cat=137"},"img":{"alt_text":"","src":"","width":0,"height":0},"classes":[]},{"id":1284,"url":"http:\/\/www.ceipmaestrorafaelbravomartin.es\/?p=1284","url_meta":{"origin":3254,"position":3},"title":"Ganadores del certamen de carteles y cuentos navide\u00f1os.","author":"CEIP Maestro Rafael Bravo Mart\u00edn","date":"22 diciembre, 2015","format":false,"excerpt":"\u00a1Ya tenemos ganadores\/as para nuestro certamen! Aqu\u00ed ten\u00e9is a los afortunados\/as, cada uno ha obtenido un libro como premio. Felicidades a todos\/as los participantes y seguid creando. \u00a0 Luc\u00eda Molina (5 a\u00f1os A - Infantil)\u00a0 \u00a0 \u00a0 \u00a0 \u00a0Mar\u00eda Angustias Olmedo (1\u00baC - 1\u00ba Ciclo) \u00a0 Antonio Mat\u00edas N\u00fa\u00f1ez (3\u00ba\u2026","rel":"","context":"En \u00abBiblioteca Escolar\u00bb","block_context":{"text":"Biblioteca Escolar","link":"http:\/\/www.ceipmaestrorafaelbravomartin.es\/?cat=4"},"img":{"alt_text":"image-1024x768","src":"https:\/\/i0.wp.com\/blogasuncion.es\/wp-content\/uploads\/2015\/12\/image-1024x768-225x300.jpeg?resize=350%2C200","width":350,"height":200},"classes":[]},{"id":133,"url":"http:\/\/www.ceipmaestrorafaelbravomartin.es\/?p=133","url_meta":{"origin":3254,"position":4},"title":"Concurso de trompos 2010","author":"CEIP Maestro Rafael Bravo Mart\u00edn","date":"4 mayo, 2011","format":false,"excerpt":"Ahora que se est\u00e1 celebrando el III Concurso de Trompos del Centro, recuperamos\u00a0 los ganadores del concurso\u00a0 celebrado el curso anterior. Quiz\u00e1s puedan serviros de inspiraci\u00f3n para realizar el vuestro.","rel":"","context":"En \u00abEd. F\u00edsica\u00bb","block_context":{"text":"Ed. F\u00edsica","link":"http:\/\/www.ceipmaestrorafaelbravomartin.es\/?cat=28"},"img":{"alt_text":"","src":"","width":0,"height":0},"classes":[]},{"id":2958,"url":"http:\/\/www.ceipmaestrorafaelbravomartin.es\/?p=2958","url_meta":{"origin":3254,"position":5},"title":"Resultados DELF PRIM","author":"CEIP Maestro Rafael Bravo Mart\u00edn","date":"1 febrero, 2021","format":false,"excerpt":"Nos complace comunicaros que el 100% del alumnado de nuestro centro, que se present\u00f3 a las pruebas oficiales para la obtenci\u00f3n del t\u00edtulo A1.1 de franc\u00e9s, HA APROBADO con muy buenas notas. Dichas pruebas se realizaron en nuestro colegio ya que es centro examinador. Felicidades a todos\/as por vuestro gran\u2026","rel":"","context":"En \u00abBiling\u00fcismo\u00bb","block_context":{"text":"Biling\u00fcismo","link":"http:\/\/www.ceipmaestrorafaelbravomartin.es\/?cat=109"},"img":{"alt_text":"","src":"","width":0,"height":0},"classes":[]}],"_links":{"self":[{"href":"http:\/\/www.ceipmaestrorafaelbravomartin.es\/index.php?rest_route=\/wp\/v2\/posts\/3254","targetHints":{"allow":["GET"]}}],"collection":[{"href":"http:\/\/www.ceipmaestrorafaelbravomartin.es\/index.php?rest_route=\/wp\/v2\/posts"}],"about":[{"href":"http:\/\/www.ceipmaestrorafaelbravomartin.es\/index.php?rest_route=\/wp\/v2\/types\/post"}],"author":[{"embeddable":true,"href":"http:\/\/www.ceipmaestrorafaelbravomartin.es\/index.php?rest_route=\/wp\/v2\/users\/6"}],"replies":[{"embeddable":true,"href":"http:\/\/www.ceipmaestrorafaelbravomartin.es\/index.php?rest_route=%2Fwp%2Fv2%2Fcomments&post=3254"}],"version-history":[{"count":1,"href":"http:\/\/www.ceipmaestrorafaelbravomartin.es\/index.php?rest_route=\/wp\/v2\/posts\/3254\/revisions"}],"predecessor-version":[{"id":3258,"href":"http:\/\/www.ceipmaestrorafaelbravomartin.es\/index.php?rest_route=\/wp\/v2\/posts\/3254\/revisions\/3258"}],"wp:attachment":[{"href":"http:\/\/www.ceipmaestrorafaelbravomartin.es\/index.php?rest_route=%2Fwp%2Fv2%2Fmedia&parent=3254"}],"wp:term":[{"taxonomy":"category","embeddable":true,"href":"http:\/\/www.ceipmaestrorafaelbravomartin.es\/index.php?rest_route=%2Fwp%2Fv2%2Fcategories&post=3254"},{"taxonomy":"post_tag","embeddable":true,"href":"http:\/\/www.ceipmaestrorafaelbravomartin.es\/index.php?rest_route=%2Fwp%2Fv2%2Ftags&post=3254"}],"curies":[{"name":"wp","href":"https:\/\/api.w.org\/{rel}","templated":true}]}}