{"id":3273,"date":"2022-06-14T13:53:22","date_gmt":"2022-06-14T11:53:22","guid":{"rendered":"http:\/\/www.ceipmaestrorafaelbravomartin.es\/?p=3273"},"modified":"2023-06-01T08:47:51","modified_gmt":"2023-06-01T06:47:51","slug":"plazos-aula-matinal-y-comedor","status":"publish","type":"post","link":"http:\/\/www.ceipmaestrorafaelbravomartin.es\/?p=3273","title":{"rendered":"Plazos Aula Matinal y Comedor"},"content":{"rendered":"\n<p>Estimadas familias,<\/p>\n\n\n\n<p>A continuaci\u00f3n pueden ver las fechas a tener en cuenta en lo referente al aula matinal y comedor:<\/p>\n\n\n\n<ul class=\"wp-block-list\"><li>14 de junio: consulta de Listados Provisionales en el siguiente enlace: <a href=\"https:\/\/www.juntadeandalucia.es\/educacion\/secretariavirtual\/accesoConsultas\/1318\/\">Secretar\u00eda Virtual de los centros docentes andaluces (juntadeandalucia.es)<\/a><\/li><li>Del 15 al 28 de junio: plazo de alegaciones.<\/li><li>30 de junio: listados definitivos. <a href=\"https:\/\/www.juntadeandalucia.es\/educacion\/secretariavirtual\/\">Secretar\u00eda Virtual de los centros docentes andaluces (juntadeandalucia.es)<\/a><\/li><li>Del 1 al 7 de septiembre solicitud de bonificaci\u00f3n\/gratuidad. <a href=\"https:\/\/www.juntadeandalucia.es\/educacion\/secretariavirtual\/\">Secretar\u00eda Virtual de los centros docentes andaluces (juntadeandalucia.es)<\/a><\/li><\/ul>\n","protected":false},"excerpt":{"rendered":"<p>Estimadas familias, A continuaci\u00f3n pueden ver las fechas a tener en cuenta en lo referente al aula matinal y comedor: 14 de junio: consulta de Listados Provisionales en el siguiente enlace: Secretar\u00eda Virtual de los centros docentes andaluces (juntadeandalucia.es) Del 15 al 28 de junio: plazo de alegaciones. 30 de [&hellip;]<\/p>\n","protected":false},"author":6,"featured_media":0,"comment_status":"closed","ping_status":"closed","sticky":false,"template":"","format":"standard","meta":{"jetpack_post_was_ever_published":false,"_jetpack_newsletter_access":"","_jetpack_dont_email_post_to_subs":false,"_jetpack_newsletter_tier_id":0,"_jetpack_memberships_contains_paywalled_content":false,"_jetpack_memberships_contains_paid_content":false,"footnotes":""},"categories":[20],"tags":[],"class_list":["post-3273","post","type-post","status-publish","format-standard","hentry","category-info-biblioteca"],"jetpack_featured_media_url":"","jetpack_sharing_enabled":true,"jetpack_shortlink":"https:\/\/wp.me\/p9VlHp-QN","jetpack-related-posts":[{"id":3149,"url":"http:\/\/www.ceipmaestrorafaelbravomartin.es\/?p=3149","url_meta":{"origin":3273,"position":0},"title":"Bonificaci\u00f3n de Aula Matinal y Comedor","author":"CEIP Maestro Rafael Bravo Mart\u00edn","date":"2 septiembre, 2021","format":false,"excerpt":"El alumnado, que est\u00e1 admitido en aula matinal y comedor, puede solicitar la bonificaci\u00f3n de dichos servicios del 1 al 7 de septiembre. Se podr\u00e1 acceder a dicha bonificaci\u00f3n a trav\u00e9s de iPasen o pinchando en el siguiente enlace: Secretar\u00eda Virtual de los centros docentes andaluces (juntadeandalucia.es)","rel":"","context":"En \u00abcomedor\u00bb","block_context":{"text":"comedor","link":"http:\/\/www.ceipmaestrorafaelbravomartin.es\/?cat=129"},"img":{"alt_text":"","src":"","width":0,"height":0},"classes":[]},{"id":3085,"url":"http:\/\/www.ceipmaestrorafaelbravomartin.es\/?p=3085","url_meta":{"origin":3273,"position":1},"title":"Adjudicaci\u00f3n de plazas del alumnado no admitido","author":"CEIP Maestro Rafael Bravo Mart\u00edn","date":"21 mayo, 2021","format":false,"excerpt":"Ya se pueden consultar en nuestro centro, y en la secretar\u00eda virtual de la consejer\u00eda de educaci\u00f3n, la adjudicaci\u00f3n de plazas al alumnado que no fue admitido en este centro. Secretar\u00eda Virtual de los centros docentes andaluces (juntadeandalucia.es)","rel":"","context":"En \u00abInformaci\u00f3n\u00bb","block_context":{"text":"Informaci\u00f3n","link":"http:\/\/www.ceipmaestrorafaelbravomartin.es\/?cat=20"},"img":{"alt_text":"","src":"","width":0,"height":0},"classes":[]},{"id":2685,"url":"http:\/\/www.ceipmaestrorafaelbravomartin.es\/?p=2685","url_meta":{"origin":3273,"position":2},"title":"Admisi\u00f3n nuevo alumnado","author":"CEIP Maestro Rafael Bravo Mart\u00edn","date":"21 mayo, 2020","format":false,"excerpt":"A continuaci\u00f3n os enlazamos el calendario a tener en cuenta para el proceso de admisi\u00f3n en los centros docentes de Andaluc\u00eda. https:\/\/portals.ced.junta-andalucia.es\/educacion\/portals\/web\/escolarizacion\/infantil-a-bachillerato\/calendario Una vez admitidos, y como aparece el calendario , del 25 al 30 de junio deber\u00e1 formalizar la matr\u00edcula y los interesados podr\u00e1n solicitar aula matinal y comedor\u2026","rel":"","context":"En \u00abSecretar\u00eda\u00bb","block_context":{"text":"Secretar\u00eda","link":"http:\/\/www.ceipmaestrorafaelbravomartin.es\/?cat=16"},"img":{"alt_text":"","src":"","width":0,"height":0},"classes":[]},{"id":2690,"url":"http:\/\/www.ceipmaestrorafaelbravomartin.es\/?p=2690","url_meta":{"origin":3273,"position":3},"title":"Renovaci\u00f3n de matr\u00edcula","author":"CEIP Maestro Rafael Bravo Mart\u00edn","date":"21 mayo, 2020","format":false,"excerpt":"El alumnado de nuestro centro debe renovar la matr\u00edcula para el curso 2020\/2021 del 2 al 8 de junio. Igualmente en ese mismo periodo se podr\u00e1 solicitar los servicios de aula matinal y comedor. Ambas gestiones deber\u00e1n hacerse preferentemente de forma telem\u00e1tica, a trav\u00e9s de la secretaria virtual de la\u2026","rel":"","context":"En \u00abSecretar\u00eda\u00bb","block_context":{"text":"Secretar\u00eda","link":"http:\/\/www.ceipmaestrorafaelbravomartin.es\/?cat=16"},"img":{"alt_text":"","src":"","width":0,"height":0},"classes":[]},{"id":3381,"url":"http:\/\/www.ceipmaestrorafaelbravomartin.es\/?p=3381","url_meta":{"origin":3273,"position":4},"title":"Bonificaci\u00f3n del aula matinal y comedor","author":"CEIP Maestro Rafael Bravo Mart\u00edn","date":"5 septiembre, 2023","format":false,"excerpt":"Los alumnos\/as admitidos en los servicios de aula matinal y comedor, deben presentar la solicitud de gratuidad\/bonificaci\u00f3n del 1 al 7 de septiembre a trav\u00e9s de la Secretar\u00eda Virtual (pincha en el enlace). https:\/\/www.juntadeandalucia.es\/educacion\/secretariavirtual\/accesoTramite\/381\/","rel":"","context":"En \u00abInformaci\u00f3n\u00bb","block_context":{"text":"Informaci\u00f3n","link":"http:\/\/www.ceipmaestrorafaelbravomartin.es\/?cat=20"},"img":{"alt_text":"","src":"","width":0,"height":0},"classes":[]},{"id":3475,"url":"http:\/\/www.ceipmaestrorafaelbravomartin.es\/?p=3475","url_meta":{"origin":3273,"position":5},"title":"Bonificaci\u00f3n del precio p\u00fablico\\gratuidad total de los servicios complementarios (aula matinal y comedor)","author":"CEIP Maestro Rafael Bravo Mart\u00edn","date":"4 septiembre, 2024","format":false,"excerpt":"Se encuentra abierto el plazo para la solicitud de bonificaci\u00f3n del aula matinal y del comedor, dicho plazo es del 1 al 9 de septiembre. Las personas interesadas deber\u00e1n rellenar la solicitud en la secretar\u00eda virtual. Para facilitarles la informaci\u00f3n les dejamos el siguiente tutorial: https:\/\/youtu.be\/NVFu4hjwZCI?si=s8ouPIv4oe9c-Zx0","rel":"","context":"En \u00abcomedor\u00bb","block_context":{"text":"comedor","link":"http:\/\/www.ceipmaestrorafaelbravomartin.es\/?cat=129"},"img":{"alt_text":"","src":"https:\/\/i0.wp.com\/img.youtube.com\/vi\/NVFu4hjwZCI\/0.jpg?resize=350%2C200","width":350,"height":200},"classes":[]}],"_links":{"self":[{"href":"http:\/\/www.ceipmaestrorafaelbravomartin.es\/index.php?rest_route=\/wp\/v2\/posts\/3273","targetHints":{"allow":["GET"]}}],"collection":[{"href":"http:\/\/www.ceipmaestrorafaelbravomartin.es\/index.php?rest_route=\/wp\/v2\/posts"}],"about":[{"href":"http:\/\/www.ceipmaestrorafaelbravomartin.es\/index.php?rest_route=\/wp\/v2\/types\/post"}],"author":[{"embeddable":true,"href":"http:\/\/www.ceipmaestrorafaelbravomartin.es\/index.php?rest_route=\/wp\/v2\/users\/6"}],"replies":[{"embeddable":true,"href":"http:\/\/www.ceipmaestrorafaelbravomartin.es\/index.php?rest_route=%2Fwp%2Fv2%2Fcomments&post=3273"}],"version-history":[{"count":1,"href":"http:\/\/www.ceipmaestrorafaelbravomartin.es\/index.php?rest_route=\/wp\/v2\/posts\/3273\/revisions"}],"predecessor-version":[{"id":3274,"href":"http:\/\/www.ceipmaestrorafaelbravomartin.es\/index.php?rest_route=\/wp\/v2\/posts\/3273\/revisions\/3274"}],"wp:attachment":[{"href":"http:\/\/www.ceipmaestrorafaelbravomartin.es\/index.php?rest_route=%2Fwp%2Fv2%2Fmedia&parent=3273"}],"wp:term":[{"taxonomy":"category","embeddable":true,"href":"http:\/\/www.ceipmaestrorafaelbravomartin.es\/index.php?rest_route=%2Fwp%2Fv2%2Fcategories&post=3273"},{"taxonomy":"post_tag","embeddable":true,"href":"http:\/\/www.ceipmaestrorafaelbravomartin.es\/index.php?rest_route=%2Fwp%2Fv2%2Ftags&post=3273"}],"curies":[{"name":"wp","href":"https:\/\/api.w.org\/{rel}","templated":true}]}}