{"id":3293,"date":"2022-09-07T10:49:33","date_gmt":"2022-09-07T08:49:33","guid":{"rendered":"http:\/\/www.ceipmaestrorafaelbravomartin.es\/?p=3293"},"modified":"2022-09-07T10:49:37","modified_gmt":"2022-09-07T08:49:37","slug":"inicio-de-curso","status":"publish","type":"post","link":"http:\/\/www.ceipmaestrorafaelbravomartin.es\/?p=3293","title":{"rendered":"Inicio de curso"},"content":{"rendered":"\n<p>Estimadas familias,<\/p>\n\n\n\n<p>El pr\u00f3ximo martes 13 de septiembre se inicia el curso escolar en nuestro centro. Os dejamos la planificaci\u00f3n para tal d\u00eda.<\/p>\n\n\n\n<div class=\"wp-block-file\"><a href=\"http:\/\/www.ceipmaestrorafaelbravomartin.es\/wp-content\/uploads\/2022\/09\/Inicio-de-curso.pdf\">Inicio de curso<\/a><a href=\"http:\/\/www.ceipmaestrorafaelbravomartin.es\/wp-content\/uploads\/2022\/09\/Inicio-de-curso.pdf\" class=\"wp-block-file__button\" download>Descarga<\/a><\/div>\n\n\n\n<p>Nos vemos en el cole.<\/p>\n\n\n\n<p><\/p>\n","protected":false},"excerpt":{"rendered":"<p>Estimadas familias, El pr\u00f3ximo martes 13 de septiembre se inicia el curso escolar en nuestro centro. Os dejamos la planificaci\u00f3n para tal d\u00eda. Nos vemos en el cole.<\/p>\n","protected":false},"author":6,"featured_media":0,"comment_status":"closed","ping_status":"closed","sticky":false,"template":"","format":"standard","meta":{"jetpack_post_was_ever_published":false,"_jetpack_newsletter_access":"","_jetpack_dont_email_post_to_subs":false,"_jetpack_newsletter_tier_id":0,"_jetpack_memberships_contains_paywalled_content":false,"_jetpack_memberships_contains_paid_content":false,"footnotes":""},"categories":[20],"tags":[],"class_list":["post-3293","post","type-post","status-publish","format-standard","hentry","category-info-biblioteca"],"jetpack_featured_media_url":"","jetpack_sharing_enabled":true,"jetpack_shortlink":"https:\/\/wp.me\/p9VlHp-R7","jetpack-related-posts":[{"id":786,"url":"http:\/\/www.ceipmaestrorafaelbravomartin.es\/?p=786","url_meta":{"origin":3293,"position":0},"title":"INICIO DEL CURSO 2014\/15","author":"CEIP Maestro Rafael Bravo Mart\u00edn","date":"7 septiembre, 2014","format":false,"excerpt":"INICIO DEL CURSO 2014\/15: BIENVENIDA EL MI\u00c9RCOLES, 10 DE SEPTIEMBRE A LAS 12:30 H. EN EL PATIO \u201cANTONIO MILL\u00c1N RUVIRA\u201d EDUCACI\u00d3N INFANTIL : REUNI\u00d3N DE PADRES\/MADRES SIN NI\u00d1OS-AS EN SUS RESPECTIVAS AULAS 1\u00ba Y 2\u00ba: REUNI\u00d3N DE PADRES\/MADRES CON NI\u00d1OS-AS EN SUS RESPECTIVAS AULAS 3\u00ba, 4\u00ba, 5\u00ba Y 6\u00ba: LOS\/AS\u2026","rel":"","context":"En \u00abEl centro\u00bb","block_context":{"text":"El centro","link":"http:\/\/www.ceipmaestrorafaelbravomartin.es\/?cat=10"},"img":{"alt_text":"","src":"","width":0,"height":0},"classes":[]},{"id":519,"url":"http:\/\/www.ceipmaestrorafaelbravomartin.es\/?p=519","url_meta":{"origin":3293,"position":1},"title":"INICIO DEL CURSO 2013\/14","author":"CEIP Maestro Rafael Bravo Mart\u00edn","date":"4 septiembre, 2013","format":false,"excerpt":"INICIO DEL CURSO 2013\/14: BIENVENIDA EL MARTES, 10 DE SEPTIEMBRE A LAS 10:00 H. EN EL PATIO \u201cANTONIO MILL\u00c1N RUVIRA\u201d EDUCACI\u00d3N INFANTIL : REUNI\u00d3N DE PADRES\/MADRES SIN NI\u00d1OS-AS EN SUS RESPECTIVAS AULAS 1\u00ba Y 2\u00ba: REUNI\u00d3N DE PADRES\/MADRES CON NI\u00d1OS-AS EN SUS RESPECTIVAS AULAS 3\u00ba, 4\u00ba, 5\u00ba Y 6\u00ba: LOS\u2026","rel":"","context":"En \u00abEl centro\u00bb","block_context":{"text":"El centro","link":"http:\/\/www.ceipmaestrorafaelbravomartin.es\/?cat=10"},"img":{"alt_text":"","src":"","width":0,"height":0},"classes":[]},{"id":3378,"url":"http:\/\/www.ceipmaestrorafaelbravomartin.es\/?p=3378","url_meta":{"origin":3293,"position":2},"title":"Inicio de curso","author":"CEIP Maestro Rafael Bravo Mart\u00edn","date":"5 septiembre, 2023","format":false,"excerpt":"Estimadas familias, Se acerca el comienzo de las clases y el tan esperado inicio de curso escolar, os dejamos por aqu\u00ed la informaci\u00f3n relativa a la organizaci\u00f3n del primer d\u00eda lectivo en nuestra localidad (12 de septiembre). Os esperamos a todos\/as con muchas ganas de veros. Un cordial saludo. Informaci\u00f3n\u2026","rel":"","context":"En \u00abInformaci\u00f3n\u00bb","block_context":{"text":"Informaci\u00f3n","link":"http:\/\/www.ceipmaestrorafaelbravomartin.es\/?cat=20"},"img":{"alt_text":"","src":"","width":0,"height":0},"classes":[]},{"id":2803,"url":"http:\/\/www.ceipmaestrorafaelbravomartin.es\/?p=2803","url_meta":{"origin":3293,"position":3},"title":"Inicio de curso escolar","author":"CEIP Maestro Rafael Bravo Mart\u00edn","date":"8 septiembre, 2020","format":false,"excerpt":"Estimadas familias. Os adjuntamos el horario para el inicio del curso escolar 2020\/ 2021. Un saludo. Inicio de curso escolar 2020Descarga","rel":"","context":"En \u00abInformaci\u00f3n\u00bb","block_context":{"text":"Informaci\u00f3n","link":"http:\/\/www.ceipmaestrorafaelbravomartin.es\/?cat=2"},"img":{"alt_text":"","src":"","width":0,"height":0},"classes":[]},{"id":1534,"url":"http:\/\/www.ceipmaestrorafaelbravomartin.es\/?p=1534","url_meta":{"origin":3293,"position":4},"title":"Inicio de curso 2016\/2017.","author":"CEIP Maestro Rafael Bravo Mart\u00edn","date":"6 septiembre, 2016","format":false,"excerpt":"El pr\u00f3ximo\u00a0martes 13\u00a0de septiembre tendr\u00e1 lugar la presentaci\u00f3n del el curso escolar que ahora comienza. La entrada al centro conmenzar\u00e1 con una bienvenida en el patio \"Antonio Mill\u00e1n Ruvira\" a las 12:30 horas. En dicho acto nos dedicar\u00e1n unas palabras la directora del centro y la coordinadora del proyecto biling\u00fce.\u2026","rel":"","context":"En \u00abEl centro\u00bb","block_context":{"text":"El centro","link":"http:\/\/www.ceipmaestrorafaelbravomartin.es\/?cat=10"},"img":{"alt_text":"","src":"","width":0,"height":0},"classes":[]},{"id":261,"url":"http:\/\/www.ceipmaestrorafaelbravomartin.es\/?p=261","url_meta":{"origin":3293,"position":5},"title":"BIENVENIDA AL CURSO 2012-2013","author":"CEIP Maestro Rafael Bravo Mart\u00edn","date":"5 septiembre, 2012","format":false,"excerpt":"D\u00cdA DE INICIO DEL CURSO 2012\/13: MARTES, 11 DE SEPTIEMBRE BIENVENIDA A \u00a0 TODOS\/AS EN EL PATIO INTERIOR DE ALBERO, A LAS 10:00 H. A CONTINUACI\u00d3N: \u00a0 \u00a0 \u00a0 INFANTIL: REUNI\u00d3N DE PADRES\/MADRES SIN NI\u00d1OS\/AS EN SUS CLASES. \u00a0 PRIMER CICLO DE PRIMARIA: EN SUS RESPECTIVAS AULAS REUNI\u00d3N DE PADRES\/MADRES\u2026","rel":"","context":"En \u00abEl centro\u00bb","block_context":{"text":"El centro","link":"http:\/\/www.ceipmaestrorafaelbravomartin.es\/?cat=10"},"img":{"alt_text":"","src":"","width":0,"height":0},"classes":[]}],"_links":{"self":[{"href":"http:\/\/www.ceipmaestrorafaelbravomartin.es\/index.php?rest_route=\/wp\/v2\/posts\/3293","targetHints":{"allow":["GET"]}}],"collection":[{"href":"http:\/\/www.ceipmaestrorafaelbravomartin.es\/index.php?rest_route=\/wp\/v2\/posts"}],"about":[{"href":"http:\/\/www.ceipmaestrorafaelbravomartin.es\/index.php?rest_route=\/wp\/v2\/types\/post"}],"author":[{"embeddable":true,"href":"http:\/\/www.ceipmaestrorafaelbravomartin.es\/index.php?rest_route=\/wp\/v2\/users\/6"}],"replies":[{"embeddable":true,"href":"http:\/\/www.ceipmaestrorafaelbravomartin.es\/index.php?rest_route=%2Fwp%2Fv2%2Fcomments&post=3293"}],"version-history":[{"count":1,"href":"http:\/\/www.ceipmaestrorafaelbravomartin.es\/index.php?rest_route=\/wp\/v2\/posts\/3293\/revisions"}],"predecessor-version":[{"id":3295,"href":"http:\/\/www.ceipmaestrorafaelbravomartin.es\/index.php?rest_route=\/wp\/v2\/posts\/3293\/revisions\/3295"}],"wp:attachment":[{"href":"http:\/\/www.ceipmaestrorafaelbravomartin.es\/index.php?rest_route=%2Fwp%2Fv2%2Fmedia&parent=3293"}],"wp:term":[{"taxonomy":"category","embeddable":true,"href":"http:\/\/www.ceipmaestrorafaelbravomartin.es\/index.php?rest_route=%2Fwp%2Fv2%2Fcategories&post=3293"},{"taxonomy":"post_tag","embeddable":true,"href":"http:\/\/www.ceipmaestrorafaelbravomartin.es\/index.php?rest_route=%2Fwp%2Fv2%2Ftags&post=3293"}],"curies":[{"name":"wp","href":"https:\/\/api.w.org\/{rel}","templated":true}]}}