{"id":3337,"date":"2023-03-03T14:14:04","date_gmt":"2023-03-03T13:14:04","guid":{"rendered":"http:\/\/www.ceipmaestrorafaelbravomartin.es\/?p=3337"},"modified":"2023-06-01T08:48:51","modified_gmt":"2023-06-01T06:48:51","slug":"admision-curso-2023-2024","status":"publish","type":"post","link":"http:\/\/www.ceipmaestrorafaelbravomartin.es\/?p=3337","title":{"rendered":"Admisi\u00f3n curso 2023\/2024"},"content":{"rendered":"\n<p>Acceda a toda la informaci\u00f3n sobre la admisi\u00f3n del alumnado nuevo en la pesta\u00f1a Admisi\u00f3n 2023\/2024<\/p>\n\n\n\n<figure class=\"wp-block-gallery columns-1 is-cropped wp-block-gallery-1 is-layout-flex wp-block-gallery-is-layout-flex\"><ul class=\"blocks-gallery-grid\"><li class=\"blocks-gallery-item\"><figure><img loading=\"lazy\" decoding=\"async\" width=\"724\" height=\"1024\" data-attachment-id=\"3338\" data-permalink=\"http:\/\/www.ceipmaestrorafaelbravomartin.es\/?attachment_id=3338\" data-orig-file=\"http:\/\/www.ceipmaestrorafaelbravomartin.es\/wp-content\/uploads\/2023\/03\/CARTEL-COLE-41_page-0001-scaled.jpg\" data-orig-size=\"1810,2560\" data-comments-opened=\"0\" data-image-meta=\"{&quot;aperture&quot;:&quot;0&quot;,&quot;credit&quot;:&quot;&quot;,&quot;camera&quot;:&quot;&quot;,&quot;caption&quot;:&quot;&quot;,&quot;created_timestamp&quot;:&quot;0&quot;,&quot;copyright&quot;:&quot;&quot;,&quot;focal_length&quot;:&quot;0&quot;,&quot;iso&quot;:&quot;0&quot;,&quot;shutter_speed&quot;:&quot;0&quot;,&quot;title&quot;:&quot;&quot;,&quot;orientation&quot;:&quot;0&quot;}\" data-image-title=\"CARTEL-COLE-41_page-0001\" data-image-description=\"\" data-image-caption=\"\" data-medium-file=\"http:\/\/www.ceipmaestrorafaelbravomartin.es\/wp-content\/uploads\/2023\/03\/CARTEL-COLE-41_page-0001-212x300.jpg\" data-large-file=\"http:\/\/www.ceipmaestrorafaelbravomartin.es\/wp-content\/uploads\/2023\/03\/CARTEL-COLE-41_page-0001-724x1024.jpg\" src=\"http:\/\/www.ceipmaestrorafaelbravomartin.es\/wp-content\/uploads\/2023\/03\/CARTEL-COLE-41_page-0001-724x1024.jpg\" alt=\"\" data-id=\"3338\" data-full-url=\"http:\/\/www.ceipmaestrorafaelbravomartin.es\/wp-content\/uploads\/2023\/03\/CARTEL-COLE-41_page-0001-scaled.jpg\" data-link=\"http:\/\/www.ceipmaestrorafaelbravomartin.es\/?attachment_id=3338\" class=\"wp-image-3338\" srcset=\"http:\/\/www.ceipmaestrorafaelbravomartin.es\/wp-content\/uploads\/2023\/03\/CARTEL-COLE-41_page-0001-724x1024.jpg 724w, http:\/\/www.ceipmaestrorafaelbravomartin.es\/wp-content\/uploads\/2023\/03\/CARTEL-COLE-41_page-0001-212x300.jpg 212w, http:\/\/www.ceipmaestrorafaelbravomartin.es\/wp-content\/uploads\/2023\/03\/CARTEL-COLE-41_page-0001-768x1086.jpg 768w, http:\/\/www.ceipmaestrorafaelbravomartin.es\/wp-content\/uploads\/2023\/03\/CARTEL-COLE-41_page-0001-1086x1536.jpg 1086w, http:\/\/www.ceipmaestrorafaelbravomartin.es\/wp-content\/uploads\/2023\/03\/CARTEL-COLE-41_page-0001-1448x2048.jpg 1448w, http:\/\/www.ceipmaestrorafaelbravomartin.es\/wp-content\/uploads\/2023\/03\/CARTEL-COLE-41_page-0001-scaled.jpg 1810w\" sizes=\"auto, (max-width: 724px) 100vw, 724px\" \/><\/figure><\/li><\/ul><\/figure>\n","protected":false},"excerpt":{"rendered":"<p>Acceda a toda la informaci\u00f3n sobre la admisi\u00f3n del alumnado nuevo en la pesta\u00f1a Admisi\u00f3n 2023\/2024<\/p>\n","protected":false},"author":6,"featured_media":0,"comment_status":"closed","ping_status":"closed","sticky":false,"template":"","format":"standard","meta":{"jetpack_post_was_ever_published":false,"_jetpack_newsletter_access":"","_jetpack_dont_email_post_to_subs":false,"_jetpack_newsletter_tier_id":0,"_jetpack_memberships_contains_paywalled_content":false,"_jetpack_memberships_contains_paid_content":false,"footnotes":""},"categories":[20],"tags":[],"class_list":["post-3337","post","type-post","status-publish","format-standard","hentry","category-info-biblioteca"],"jetpack_featured_media_url":"","jetpack_sharing_enabled":true,"jetpack_shortlink":"https:\/\/wp.me\/p9VlHp-RP","jetpack-related-posts":[{"id":303,"url":"http:\/\/www.ceipmaestrorafaelbravomartin.es\/?p=303","url_meta":{"origin":3337,"position":0},"title":"Proceso de escolarizaci\u00f3n 2013\/2014","author":"CEIP Maestro Rafael Bravo Mart\u00edn","date":"21 febrero, 2013","format":false,"excerpt":"Normativa que regula los criterios y el procedimiento de admisi\u00f3n del alumnado en los centros docentes p\u00fablicos y privados concertados.\u00a0 DECRETO 40\/2011, de 22 de febrero, por el que se regulan los criterios y el procedimiento de admisi\u00f3n del alumnado en los centros docentes p\u00fablicos y privados concertados para cursar\u2026","rel":"","context":"En \u00abEl centro\u00bb","block_context":{"text":"El centro","link":"http:\/\/www.ceipmaestrorafaelbravomartin.es\/?cat=10"},"img":{"alt_text":"","src":"","width":0,"height":0},"classes":[]},{"id":687,"url":"http:\/\/www.ceipmaestrorafaelbravomartin.es\/?p=687","url_meta":{"origin":3337,"position":1},"title":"Proceso de escolarizaci\u00f3n 2014\/2015","author":"CEIP Maestro Rafael Bravo Mart\u00edn","date":"4 marzo, 2014","format":false,"excerpt":"Normativa que regula los criterios y el procedimiento de admisi\u00f3n del alumnado en los centros docentes p\u00fablicos y privados concertados.\u00a0 DECRETO 40\/2011, de 22 de febrero, por el que se regulan los criterios y el procedimiento de admisi\u00f3n del alumnado en los centros docentes p\u00fablicos y privados concertados para cursar\u2026","rel":"","context":"En \u00abEl centro\u00bb","block_context":{"text":"El centro","link":"http:\/\/www.ceipmaestrorafaelbravomartin.es\/?cat=10"},"img":{"alt_text":"","src":"","width":0,"height":0},"classes":[]},{"id":1825,"url":"http:\/\/www.ceipmaestrorafaelbravomartin.es\/?p=1825","url_meta":{"origin":3337,"position":2},"title":"Admisi\u00f3n y Matriculaci\u00f3n curso 2018\/2019","author":"CEIP Maestro Rafael Bravo Mart\u00edn","date":"1 marzo, 2018","format":false,"excerpt":"Durante todo el mes de marzo queda abierto el per\u00edodo de solicitud de matriculaci\u00f3n en el Centro. Toda la informaci\u00f3n y listas correspondientes se ir\u00e1n exponiendo en el tabl\u00f3n informativo del Colegio, siguiendo el calendario previsto para el procedimiento de admisi\u00f3n y matriculaci\u00f3n para el curso 2018\/2019. Muchas gracias por\u2026","rel":"","context":"En \u00abSin categor\u00eda\u00bb","block_context":{"text":"Sin categor\u00eda","link":"http:\/\/www.ceipmaestrorafaelbravomartin.es\/?cat=1"},"img":{"alt_text":"","src":"","width":0,"height":0},"classes":[]},{"id":2685,"url":"http:\/\/www.ceipmaestrorafaelbravomartin.es\/?p=2685","url_meta":{"origin":3337,"position":3},"title":"Admisi\u00f3n nuevo alumnado","author":"CEIP Maestro Rafael Bravo Mart\u00edn","date":"21 mayo, 2020","format":false,"excerpt":"A continuaci\u00f3n os enlazamos el calendario a tener en cuenta para el proceso de admisi\u00f3n en los centros docentes de Andaluc\u00eda. https:\/\/portals.ced.junta-andalucia.es\/educacion\/portals\/web\/escolarizacion\/infantil-a-bachillerato\/calendario Una vez admitidos, y como aparece el calendario , del 25 al 30 de junio deber\u00e1 formalizar la matr\u00edcula y los interesados podr\u00e1n solicitar aula matinal y comedor\u2026","rel":"","context":"En \u00abSecretar\u00eda\u00bb","block_context":{"text":"Secretar\u00eda","link":"http:\/\/www.ceipmaestrorafaelbravomartin.es\/?cat=16"},"img":{"alt_text":"","src":"","width":0,"height":0},"classes":[]},{"id":3442,"url":"http:\/\/www.ceipmaestrorafaelbravomartin.es\/?p=3442","url_meta":{"origin":3337,"position":4},"title":"Resultado del sorteo p\u00fablico","author":"CEIP Maestro Rafael Bravo Mart\u00edn","date":"13 mayo, 2024","format":false,"excerpt":"De conformidad con lo establecido en el art\u00edculo 30.8 del Decreto 21\/2020, de 17 de febrero (BOJA N\u00fam. 34, de 19 febrero) por el que se regulan los criterios y el procedimiento de admisi\u00f3n del alumnado en los centros docentes p\u00fablicos y privados concertados para cursar las ense\u00f1anzas de segundo\u2026","rel":"","context":"En \u00abInformaci\u00f3n\u00bb","block_context":{"text":"Informaci\u00f3n","link":"http:\/\/www.ceipmaestrorafaelbravomartin.es\/?cat=20"},"img":{"alt_text":"","src":"","width":0,"height":0},"classes":[]},{"id":3052,"url":"http:\/\/www.ceipmaestrorafaelbravomartin.es\/?p=3052","url_meta":{"origin":3337,"position":5},"title":"Publicaci\u00f3n de listados de admisi\u00f3n","author":"CEIP Maestro Rafael Bravo Mart\u00edn","date":"14 abril, 2021","format":false,"excerpt":"En el tabl\u00f3n de anuncios de nuestro centro se ha publicado la relaci\u00f3n baremada de alumnado solicitante.","rel":"","context":"En \u00abInformaci\u00f3n\u00bb","block_context":{"text":"Informaci\u00f3n","link":"http:\/\/www.ceipmaestrorafaelbravomartin.es\/?cat=20"},"img":{"alt_text":"","src":"","width":0,"height":0},"classes":[]}],"_links":{"self":[{"href":"http:\/\/www.ceipmaestrorafaelbravomartin.es\/index.php?rest_route=\/wp\/v2\/posts\/3337","targetHints":{"allow":["GET"]}}],"collection":[{"href":"http:\/\/www.ceipmaestrorafaelbravomartin.es\/index.php?rest_route=\/wp\/v2\/posts"}],"about":[{"href":"http:\/\/www.ceipmaestrorafaelbravomartin.es\/index.php?rest_route=\/wp\/v2\/types\/post"}],"author":[{"embeddable":true,"href":"http:\/\/www.ceipmaestrorafaelbravomartin.es\/index.php?rest_route=\/wp\/v2\/users\/6"}],"replies":[{"embeddable":true,"href":"http:\/\/www.ceipmaestrorafaelbravomartin.es\/index.php?rest_route=%2Fwp%2Fv2%2Fcomments&post=3337"}],"version-history":[{"count":1,"href":"http:\/\/www.ceipmaestrorafaelbravomartin.es\/index.php?rest_route=\/wp\/v2\/posts\/3337\/revisions"}],"predecessor-version":[{"id":3339,"href":"http:\/\/www.ceipmaestrorafaelbravomartin.es\/index.php?rest_route=\/wp\/v2\/posts\/3337\/revisions\/3339"}],"wp:attachment":[{"href":"http:\/\/www.ceipmaestrorafaelbravomartin.es\/index.php?rest_route=%2Fwp%2Fv2%2Fmedia&parent=3337"}],"wp:term":[{"taxonomy":"category","embeddable":true,"href":"http:\/\/www.ceipmaestrorafaelbravomartin.es\/index.php?rest_route=%2Fwp%2Fv2%2Fcategories&post=3337"},{"taxonomy":"post_tag","embeddable":true,"href":"http:\/\/www.ceipmaestrorafaelbravomartin.es\/index.php?rest_route=%2Fwp%2Fv2%2Ftags&post=3337"}],"curies":[{"name":"wp","href":"https:\/\/api.w.org\/{rel}","templated":true}]}}