{"id":3378,"date":"2023-09-05T16:27:46","date_gmt":"2023-09-05T14:27:46","guid":{"rendered":"http:\/\/www.ceipmaestrorafaelbravomartin.es\/?p=3378"},"modified":"2023-09-05T16:39:33","modified_gmt":"2023-09-05T14:39:33","slug":"inicio-de-curso-2","status":"publish","type":"post","link":"http:\/\/www.ceipmaestrorafaelbravomartin.es\/?p=3378","title":{"rendered":"Inicio de curso"},"content":{"rendered":"\n<p>Estimadas familias,<\/p>\n\n\n\n<p>Se acerca el comienzo de las clases y el tan esperado inicio de curso escolar, os dejamos por aqu\u00ed la informaci\u00f3n relativa a la organizaci\u00f3n del primer d\u00eda lectivo en nuestra localidad (12 de septiembre). <\/p>\n\n\n\n<p>Os esperamos a todos\/as con muchas ganas de veros.<\/p>\n\n\n\n<p>Un cordial saludo.<\/p>\n\n\n\n<div class=\"wp-block-file\"><a href=\"http:\/\/www.ceipmaestrorafaelbravomartin.es\/wp-content\/uploads\/2023\/09\/Inicio-de-curso-familias.pdf\">Informaci\u00f3n primer d\u00eda lectivo<\/a><a href=\"http:\/\/www.ceipmaestrorafaelbravomartin.es\/wp-content\/uploads\/2023\/09\/Inicio-de-curso-familias.pdf\" class=\"wp-block-file__button\" download>Descarga<\/a><\/div>\n\n\n\n<p><\/p>\n","protected":false},"excerpt":{"rendered":"<p>Estimadas familias, Se acerca el comienzo de las clases y el tan esperado inicio de curso escolar, os dejamos por aqu\u00ed la informaci\u00f3n relativa a la organizaci\u00f3n del primer d\u00eda lectivo en nuestra localidad (12 de septiembre). Os esperamos a todos\/as con muchas ganas de veros. Un cordial saludo.<\/p>\n","protected":false},"author":6,"featured_media":0,"comment_status":"closed","ping_status":"closed","sticky":false,"template":"","format":"standard","meta":{"jetpack_post_was_ever_published":false,"_jetpack_newsletter_access":"","_jetpack_dont_email_post_to_subs":false,"_jetpack_newsletter_tier_id":0,"_jetpack_memberships_contains_paywalled_content":false,"_jetpack_memberships_contains_paid_content":false,"footnotes":""},"categories":[20],"tags":[85],"class_list":["post-3378","post","type-post","status-publish","format-standard","hentry","category-info-biblioteca","tag-informacion"],"jetpack_featured_media_url":"","jetpack_sharing_enabled":true,"jetpack_shortlink":"https:\/\/wp.me\/p9VlHp-Su","jetpack-related-posts":[{"id":3293,"url":"http:\/\/www.ceipmaestrorafaelbravomartin.es\/?p=3293","url_meta":{"origin":3378,"position":0},"title":"Inicio de curso","author":"CEIP Maestro Rafael Bravo Mart\u00edn","date":"7 septiembre, 2022","format":false,"excerpt":"Estimadas familias, El pr\u00f3ximo martes 13 de septiembre se inicia el curso escolar en nuestro centro. Os dejamos la planificaci\u00f3n para tal d\u00eda. Inicio de cursoDescarga Nos vemos en el cole.","rel":"","context":"En \u00abInformaci\u00f3n\u00bb","block_context":{"text":"Informaci\u00f3n","link":"http:\/\/www.ceipmaestrorafaelbravomartin.es\/?cat=20"},"img":{"alt_text":"","src":"","width":0,"height":0},"classes":[]},{"id":2803,"url":"http:\/\/www.ceipmaestrorafaelbravomartin.es\/?p=2803","url_meta":{"origin":3378,"position":1},"title":"Inicio de curso escolar","author":"CEIP Maestro Rafael Bravo Mart\u00edn","date":"8 septiembre, 2020","format":false,"excerpt":"Estimadas familias. Os adjuntamos el horario para el inicio del curso escolar 2020\/ 2021. Un saludo. Inicio de curso escolar 2020Descarga","rel":"","context":"En \u00abInformaci\u00f3n\u00bb","block_context":{"text":"Informaci\u00f3n","link":"http:\/\/www.ceipmaestrorafaelbravomartin.es\/?cat=2"},"img":{"alt_text":"","src":"","width":0,"height":0},"classes":[]},{"id":3154,"url":"http:\/\/www.ceipmaestrorafaelbravomartin.es\/?p=3154","url_meta":{"origin":3378,"position":2},"title":"Inicio del curso escolar","author":"CEIP Maestro Rafael Bravo Mart\u00edn","date":"6 septiembre, 2021","format":false,"excerpt":"Comenzamos un nuevo curso escolar con mucha ilusi\u00f3n y ganas. Os dejamos el documento de bienvenida del inicio de curso de nuestra directora. Bienvenida cursoDescarga","rel":"","context":"En \u00abSin categor\u00eda\u00bb","block_context":{"text":"Sin categor\u00eda","link":"http:\/\/www.ceipmaestrorafaelbravomartin.es\/?cat=1"},"img":{"alt_text":"","src":"","width":0,"height":0},"classes":[]},{"id":786,"url":"http:\/\/www.ceipmaestrorafaelbravomartin.es\/?p=786","url_meta":{"origin":3378,"position":3},"title":"INICIO DEL CURSO 2014\/15","author":"CEIP Maestro Rafael Bravo Mart\u00edn","date":"7 septiembre, 2014","format":false,"excerpt":"INICIO DEL CURSO 2014\/15: BIENVENIDA EL MI\u00c9RCOLES, 10 DE SEPTIEMBRE A LAS 12:30 H. EN EL PATIO \u201cANTONIO MILL\u00c1N RUVIRA\u201d EDUCACI\u00d3N INFANTIL : REUNI\u00d3N DE PADRES\/MADRES SIN NI\u00d1OS-AS EN SUS RESPECTIVAS AULAS 1\u00ba Y 2\u00ba: REUNI\u00d3N DE PADRES\/MADRES CON NI\u00d1OS-AS EN SUS RESPECTIVAS AULAS 3\u00ba, 4\u00ba, 5\u00ba Y 6\u00ba: LOS\/AS\u2026","rel":"","context":"En \u00abEl centro\u00bb","block_context":{"text":"El centro","link":"http:\/\/www.ceipmaestrorafaelbravomartin.es\/?cat=10"},"img":{"alt_text":"","src":"","width":0,"height":0},"classes":[]},{"id":519,"url":"http:\/\/www.ceipmaestrorafaelbravomartin.es\/?p=519","url_meta":{"origin":3378,"position":4},"title":"INICIO DEL CURSO 2013\/14","author":"CEIP Maestro Rafael Bravo Mart\u00edn","date":"4 septiembre, 2013","format":false,"excerpt":"INICIO DEL CURSO 2013\/14: BIENVENIDA EL MARTES, 10 DE SEPTIEMBRE A LAS 10:00 H. EN EL PATIO \u201cANTONIO MILL\u00c1N RUVIRA\u201d EDUCACI\u00d3N INFANTIL : REUNI\u00d3N DE PADRES\/MADRES SIN NI\u00d1OS-AS EN SUS RESPECTIVAS AULAS 1\u00ba Y 2\u00ba: REUNI\u00d3N DE PADRES\/MADRES CON NI\u00d1OS-AS EN SUS RESPECTIVAS AULAS 3\u00ba, 4\u00ba, 5\u00ba Y 6\u00ba: LOS\u2026","rel":"","context":"En \u00abEl centro\u00bb","block_context":{"text":"El centro","link":"http:\/\/www.ceipmaestrorafaelbravomartin.es\/?cat=10"},"img":{"alt_text":"","src":"","width":0,"height":0},"classes":[]},{"id":261,"url":"http:\/\/www.ceipmaestrorafaelbravomartin.es\/?p=261","url_meta":{"origin":3378,"position":5},"title":"BIENVENIDA AL CURSO 2012-2013","author":"CEIP Maestro Rafael Bravo Mart\u00edn","date":"5 septiembre, 2012","format":false,"excerpt":"D\u00cdA DE INICIO DEL CURSO 2012\/13: MARTES, 11 DE SEPTIEMBRE BIENVENIDA A \u00a0 TODOS\/AS EN EL PATIO INTERIOR DE ALBERO, A LAS 10:00 H. A CONTINUACI\u00d3N: \u00a0 \u00a0 \u00a0 INFANTIL: REUNI\u00d3N DE PADRES\/MADRES SIN NI\u00d1OS\/AS EN SUS CLASES. \u00a0 PRIMER CICLO DE PRIMARIA: EN SUS RESPECTIVAS AULAS REUNI\u00d3N DE PADRES\/MADRES\u2026","rel":"","context":"En \u00abEl centro\u00bb","block_context":{"text":"El centro","link":"http:\/\/www.ceipmaestrorafaelbravomartin.es\/?cat=10"},"img":{"alt_text":"","src":"","width":0,"height":0},"classes":[]}],"_links":{"self":[{"href":"http:\/\/www.ceipmaestrorafaelbravomartin.es\/index.php?rest_route=\/wp\/v2\/posts\/3378","targetHints":{"allow":["GET"]}}],"collection":[{"href":"http:\/\/www.ceipmaestrorafaelbravomartin.es\/index.php?rest_route=\/wp\/v2\/posts"}],"about":[{"href":"http:\/\/www.ceipmaestrorafaelbravomartin.es\/index.php?rest_route=\/wp\/v2\/types\/post"}],"author":[{"embeddable":true,"href":"http:\/\/www.ceipmaestrorafaelbravomartin.es\/index.php?rest_route=\/wp\/v2\/users\/6"}],"replies":[{"embeddable":true,"href":"http:\/\/www.ceipmaestrorafaelbravomartin.es\/index.php?rest_route=%2Fwp%2Fv2%2Fcomments&post=3378"}],"version-history":[{"count":1,"href":"http:\/\/www.ceipmaestrorafaelbravomartin.es\/index.php?rest_route=\/wp\/v2\/posts\/3378\/revisions"}],"predecessor-version":[{"id":3380,"href":"http:\/\/www.ceipmaestrorafaelbravomartin.es\/index.php?rest_route=\/wp\/v2\/posts\/3378\/revisions\/3380"}],"wp:attachment":[{"href":"http:\/\/www.ceipmaestrorafaelbravomartin.es\/index.php?rest_route=%2Fwp%2Fv2%2Fmedia&parent=3378"}],"wp:term":[{"taxonomy":"category","embeddable":true,"href":"http:\/\/www.ceipmaestrorafaelbravomartin.es\/index.php?rest_route=%2Fwp%2Fv2%2Fcategories&post=3378"},{"taxonomy":"post_tag","embeddable":true,"href":"http:\/\/www.ceipmaestrorafaelbravomartin.es\/index.php?rest_route=%2Fwp%2Fv2%2Ftags&post=3378"}],"curies":[{"name":"wp","href":"https:\/\/api.w.org\/{rel}","templated":true}]}}