{"id":10,"date":"2010-10-13T11:38:03","date_gmt":"2010-10-13T09:38:03","guid":{"rendered":"http:\/\/blogasuncion.es\/?p=10"},"modified":"2014-10-12T20:23:27","modified_gmt":"2014-10-12T18:23:27","slug":"instalaciones","status":"publish","type":"post","link":"https:\/\/www.ceipmaestrorafaelbravomartin.es\/?p=10","title":{"rendered":"Instalaciones"},"content":{"rendered":"<p>Nuestro colegio est\u00e1 formado por tres edificios:<\/p>\n<p>El primer edificio cuenta con tres plantas donde se ubican las aulas de Educaci\u00f3n Primaria:<\/p>\n<ul>\n<li style=\"text-align: left\"> Ciclo 1\u00ba en planta baja.<\/li>\n<li style=\"text-align: left\">Ciclo 2\u00ba en planta primera.<\/li>\n<li style=\"text-align: left\">Ciclo 3\u00ba en la segunda planta.<\/li>\n<\/ul>\n<p>En el segundo edificio se ubica:<\/p>\n<ul>\n<li> Infantil (dos aulas de cada nivel).<\/li>\n<li>Dos aulas de Pedagog\u00eda Terap\u00e9utica.<\/li>\n<li>AMPA.<\/li>\n<li> Secretar\u00eda.<\/li>\n<li> Direcci\u00f3n-Jefatura de Estudios.<\/li>\n<\/ul>\n<p>En el tercer edificio se localizan:<\/p>\n<ul>\n<li> Sala de Profesores.<\/li>\n<li> Aulas de Inform\u00e1tica y M\u00fasica.<\/li>\n<li>Sal\u00f3n de Usos M\u00fatiples.<\/li>\n<li>Sala de Recursos.<\/li>\n<li>Dos departamentos de\u00a0 Ciclos.<\/li>\n<li>Biblioteca.<\/li>\n<\/ul>\n<p>Los tres edificios est\u00e1n unidos por pasillos interiores tanto en la planta baja como en la primera.<\/p>\n<p>Los patios y pista con los que contamos son amplios. Tenemos un patio para Infantil y otro para Primaria con canastas, porter\u00edas y mesas de ping-pong. Tambi\u00e9n en este patio tenemos un Gimnasio en el que tenemos instalado un roc\u00f3dromo.<\/p>\n<h2 style=\"text-align: center\"><a href=\"\/?p=35\" title=\"Enlace permanente a \" rel=\"bookmark\"> <\/a>Fotograf\u00edas de las instalaciones del Centro.<\/h2>\n<p align=\"center\">\u00a0<span class=\"editlinktip hasTip\">{morfeo 14} \t\t\t\t\t<\/span><\/p>\n<p>&nbsp;<\/p>\n<div id=\"ngg-gallery-1-158\" class=\"ngg-galleryoverview\">  \t<!-- Slideshow link --><\/div>\n","protected":false},"excerpt":{"rendered":"<p>Nuestro colegio est\u00e1 formado por tres edificios: El primer edificio cuenta con tres plantas donde se ubican las aulas de Educaci\u00f3n Primaria: Ciclo 1\u00ba en planta baja. Ciclo 2\u00ba en planta primera. Ciclo 3\u00ba en la segunda planta. En el segundo edificio se ubica: Infantil (dos aulas de cada nivel). [&hellip;]<\/p>\n","protected":false},"author":4,"featured_media":0,"comment_status":"closed","ping_status":"open","sticky":false,"template":"","format":"standard","meta":{"jetpack_post_was_ever_published":false,"_jetpack_newsletter_access":"","_jetpack_dont_email_post_to_subs":false,"_jetpack_newsletter_tier_id":0,"_jetpack_memberships_contains_paywalled_content":false,"_jetpack_memberships_contains_paid_content":false,"footnotes":""},"categories":[10],"tags":[],"class_list":["post-10","post","type-post","status-publish","format-standard","hentry","category-centro"],"jetpack_featured_media_url":"","jetpack_sharing_enabled":true,"jetpack_shortlink":"https:\/\/wp.me\/p9VlHp-a","jetpack-related-posts":[{"id":140,"url":"https:\/\/www.ceipmaestrorafaelbravomartin.es\/?p=140","url_meta":{"origin":10,"position":0},"title":"Ntra Sra de la ASUNCI\u00d3N, una nueva etapa.","author":"CEIP Maestro Rafael Bravo Mart\u00edn","date":"8 febrero, 2011","format":false,"excerpt":"Si como qued\u00f3 reflejado en el art\u00edculo anterior, el nombre del Centro Nuestra Se\u00f1ora de la Asunci\u00f3n comenz\u00f3 en el curso 1960\/61se puede decir que en el curso 1981\/82 comienza una nueva etapa pues hasta ese momento todo el alumnado, y por tanto el profesorado, pertenec\u00eda al mismo Centro, Colegio\u2026","rel":"","context":"En \u00abHistoria\u00bb","block_context":{"text":"Historia","link":"https:\/\/www.ceipmaestrorafaelbravomartin.es\/?cat=43"},"img":{"alt_text":"","src":"","width":0,"height":0},"classes":[]},{"id":19,"url":"https:\/\/www.ceipmaestrorafaelbravomartin.es\/?p=19","url_meta":{"origin":10,"position":1},"title":"Normas de entradas y salidas del alumnado del Centro","author":"CEIP Maestro Rafael Bravo Mart\u00edn","date":"13 octubre, 2010","format":false,"excerpt":"Se informa a toda la comunidad educativa sobre las normas que rigen la entrada y salida del alumnado del Centro.","rel":"","context":"En \u00abEl centro\u00bb","block_context":{"text":"El centro","link":"https:\/\/www.ceipmaestrorafaelbravomartin.es\/?cat=10"},"img":{"alt_text":"","src":"","width":0,"height":0},"classes":[]},{"id":33,"url":"https:\/\/www.ceipmaestrorafaelbravomartin.es\/?p=33","url_meta":{"origin":10,"position":2},"title":"Centro TIC","author":"CEIP Maestro Rafael Bravo Mart\u00edn","date":"18 octubre, 2010","format":false,"excerpt":"Nuestra sociedad actual est\u00e1 caracterizada por cambios r\u00e1pidos y profundos, especialmente motivados por el desarrollo de las Nuevas Tecnolog\u00edas de la Informaci\u00f3n y el Conocimiento. La escuela no puede estar ajena a este fen\u00f3meno y tenemos la obligaci\u00f3n de preparar a nuestros alumnos y alumnas para esta sociedad, en la\u2026","rel":"","context":"En \u00abPlanes y programas\u00bb","block_context":{"text":"Planes y programas","link":"https:\/\/www.ceipmaestrorafaelbravomartin.es\/?cat=23"},"img":{"alt_text":"","src":"","width":0,"height":0},"classes":[]},{"id":58,"url":"https:\/\/www.ceipmaestrorafaelbravomartin.es\/?p=58","url_meta":{"origin":10,"position":3},"title":"Excursi\u00f3n de 5\u00ba de primaria a la Mancomunidad de Servicios La Vega.","author":"CEIP Maestro Rafael Bravo Mart\u00edn","date":"4 mayo, 2010","format":false,"excerpt":"El d\u00eda 4 de mayo, los\/as alumnos\/as de 5\u00ba curso fuimos a la planta de recogida de residuos de la \"Mancomunidad de servicios de la Vega\", que se encarga de la recogida de residuos org\u00e1nicos (los de los contenedores tradicionales) y envases de pl\u00e1sticos, tetra-brick y latas (contenedores amarillos) de\u2026","rel":"","context":"En \u00abCurso 2009\/10\u00bb","block_context":{"text":"Curso 2009\/10","link":"https:\/\/www.ceipmaestrorafaelbravomartin.es\/?cat=27"},"img":{"alt_text":"","src":"","width":0,"height":0},"classes":[]},{"id":3551,"url":"https:\/\/www.ceipmaestrorafaelbravomartin.es\/?p=3551","url_meta":{"origin":10,"position":4},"title":"Inicio de curso 2025\/2026","author":"CEIP Maestro Rafael Bravo Mart\u00edn","date":"5 septiembre, 2025","format":false,"excerpt":"Estimadas familias, El pr\u00f3ximo mi\u00e9rcoles 10 de septiembre iniciamos el nuevo curso escolar cargado de ilusi\u00f3n y ganas de aprender. La organizaci\u00f3n ser\u00e1 de la siguiente manera:\u25cf De 3 a\u00f1os a 1\u00ba: se realizar\u00e1n reuniones de los padres y madres con los\/las tutores\/as a las horas abajo indicadas.\u25cf De 2\u00ba\u2026","rel":"","context":"En \u00abInformaci\u00f3n\u00bb","block_context":{"text":"Informaci\u00f3n","link":"https:\/\/www.ceipmaestrorafaelbravomartin.es\/?cat=2"},"img":{"alt_text":"","src":"","width":0,"height":0},"classes":[]},{"id":601,"url":"https:\/\/www.ceipmaestrorafaelbravomartin.es\/?p=601","url_meta":{"origin":10,"position":5},"title":"25 de noviembre: D\u00eda Internacional de la Eliminaci\u00f3n de la Violencia contra la Mujer","author":"CEIP Maestro Rafael Bravo Mart\u00edn","date":"25 noviembre, 2013","format":false,"excerpt":"A trav\u00e9s de nuestro Ayuntamiento nos unimos a la propuesta del Instituto Andaluz de la Mujer con la lectura simult\u00e1nea del libro \"NI UN BESITO A LA FUERZA\" un cuento coeditado en 2009 por dicho Instituto y que este a\u00f1o se utiliza como recurso coeducativo para trabajar con el alumnado\u2026","rel":"","context":"En \u00abNoticiero\u00bb","block_context":{"text":"Noticiero","link":"https:\/\/www.ceipmaestrorafaelbravomartin.es\/?cat=3"},"img":{"alt_text":"","src":"","width":0,"height":0},"classes":[]}],"_links":{"self":[{"href":"https:\/\/www.ceipmaestrorafaelbravomartin.es\/index.php?rest_route=\/wp\/v2\/posts\/10","targetHints":{"allow":["GET"]}}],"collection":[{"href":"https:\/\/www.ceipmaestrorafaelbravomartin.es\/index.php?rest_route=\/wp\/v2\/posts"}],"about":[{"href":"https:\/\/www.ceipmaestrorafaelbravomartin.es\/index.php?rest_route=\/wp\/v2\/types\/post"}],"author":[{"embeddable":true,"href":"https:\/\/www.ceipmaestrorafaelbravomartin.es\/index.php?rest_route=\/wp\/v2\/users\/4"}],"replies":[{"embeddable":true,"href":"https:\/\/www.ceipmaestrorafaelbravomartin.es\/index.php?rest_route=%2Fwp%2Fv2%2Fcomments&post=10"}],"version-history":[{"count":1,"href":"https:\/\/www.ceipmaestrorafaelbravomartin.es\/index.php?rest_route=\/wp\/v2\/posts\/10\/revisions"}],"predecessor-version":[{"id":988,"href":"https:\/\/www.ceipmaestrorafaelbravomartin.es\/index.php?rest_route=\/wp\/v2\/posts\/10\/revisions\/988"}],"wp:attachment":[{"href":"https:\/\/www.ceipmaestrorafaelbravomartin.es\/index.php?rest_route=%2Fwp%2Fv2%2Fmedia&parent=10"}],"wp:term":[{"taxonomy":"category","embeddable":true,"href":"https:\/\/www.ceipmaestrorafaelbravomartin.es\/index.php?rest_route=%2Fwp%2Fv2%2Fcategories&post=10"},{"taxonomy":"post_tag","embeddable":true,"href":"https:\/\/www.ceipmaestrorafaelbravomartin.es\/index.php?rest_route=%2Fwp%2Fv2%2Ftags&post=10"}],"curies":[{"name":"wp","href":"https:\/\/api.w.org\/{rel}","templated":true}]}}