{"id":1010,"date":"2014-10-20T09:11:04","date_gmt":"2014-10-20T07:11:04","guid":{"rendered":"http:\/\/blogasuncion.es\/?p=1010"},"modified":"2014-10-20T09:14:25","modified_gmt":"2014-10-20T07:14:25","slug":"elecciones-a-consejos-escolares","status":"publish","type":"post","link":"https:\/\/www.ceipmaestrorafaelbravomartin.es\/?p=1010","title":{"rendered":"Elecciones a Consejos Escolares"},"content":{"rendered":"<p>Las elecciones a Consejos Escolares y Consejos de Residencias Escolares para los distintos sectores de la Comunidad Educativa se celebrar\u00e1n, en todos los centros docentes sostenidos con fondos p\u00fablicos a excepci\u00f3n de los centros espec\u00edficos de educaci\u00f3n permanente de personas adultas, los pr\u00f3ximos d\u00edas 4, 5 y 6 de noviembre de 2014. Hasta el d\u00eda 18 de octubre est\u00e1 abierto el plazo de admisi\u00f3n de candidaturas.<\/p>\n<p><img decoding=\"async\" class=\"alignleft\" alt=\"\" src=\"http:\/\/www.juntadeandalucia.es\/educacion\/portal\/com\/bin\/Contenidos\/PSE\/participacion\/ConsejosEscolares\/20140917_EleccionesConsejosEscolares1415\/1410957244673_diptico.jpg\" \/><\/p>\n<p>&nbsp;<\/p>\n<div style=\"background-color: #ffffff; width: 393px; height: 324px;\"><video id=\"reproductorEducacion4\" width=\"393\" height=\"324\" preload=\"metadata\" poster=\"http:\/\/www.juntadeandalucia.es\/educacion\/mediva\/css\/cssimg\/medivainicio.png\" controls=\"controls\"><source src=\"http:\/\/ondemand.jaedu.ondemand.flumotion.com\/jaedu\/ondemand\/video\/1413288800855.mp4.mp4\" type=\"video\/mp4\" \/><source src=\"http:\/\/ondemand.jaedu.ondemand.flumotion.com\/jaedu\/ondemand\/video\/1413288800855.mp4.webm\" type=\"video\/webm\" \/><object id=\"reproductorEducacion4\" width=\"393\" height=\"324\" classid=\"clsid:d27cdb6e-ae6d-11cf-96b8-444553540000\" codebase=\"http:\/\/download.macromedia.com\/pub\/shockwave\/cabs\/flash\/swflash.cab#version=6,0,40,0\" align=\"middle\" bgcolor=\"#000000\"><param name=\"allowScriptAccess\" value=\"always\" \/><param name=\"allowFullScreen\" value=\"true\" \/><param name=\"quality\" value=\"high\" \/><param name=\"src\" value=\"http:\/\/blogasuncion.es\/wp-includes\/js\/tinymce\/plugins\/media\/moxieplayer.swf\" \/><param name=\"pluginspage\" value=\"http:\/\/www.macromedia.com\/go\/getflashplayer\" \/><param name=\"swliveconnect\" value=\"true\" \/><param name=\"allowscriptaccess\" value=\"true\" \/><param name=\"allowfullscreen\" value=\"true\" \/><param name=\"flashvars\" value=\"url=http%3A\/\/ondemand.jaedu.ondemand.flumotion.com\/jaedu\/ondemand\/video\/1413288800855.mp4.mp4&amp;poster=http%3A\/\/www.juntadeandalucia.es\/educacion\/mediva\/css\/cssimg\/medivainicio.png\" \/><\/object><\/video><\/div>\n<div style=\"background-color: #ffffff; width: 393px; height: 324px;\"><\/div>\n","protected":false},"excerpt":{"rendered":"<p>Las elecciones a Consejos Escolares y Consejos de Residencias Escolares para los distintos sectores de la Comunidad Educativa se celebrar\u00e1n, en todos los centros docentes sostenidos con fondos p\u00fablicos a excepci\u00f3n de los centros espec\u00edficos de educaci\u00f3n permanente de personas adultas, los pr\u00f3ximos d\u00edas 4, 5 y 6 de noviembre [&hellip;]<\/p>\n","protected":false},"author":4,"featured_media":0,"comment_status":"closed","ping_status":"closed","sticky":false,"template":"","format":"standard","meta":{"jetpack_post_was_ever_published":false,"_jetpack_newsletter_access":"","_jetpack_dont_email_post_to_subs":false,"_jetpack_newsletter_tier_id":0,"_jetpack_memberships_contains_paywalled_content":false,"_jetpack_memberships_contains_paid_content":false,"footnotes":""},"categories":[10,2],"tags":[],"class_list":["post-1010","post","type-post","status-publish","format-standard","hentry","category-centro","category-info"],"jetpack_featured_media_url":"","jetpack_sharing_enabled":true,"jetpack_shortlink":"https:\/\/wp.me\/p9VlHp-gi","jetpack-related-posts":[{"id":31,"url":"https:\/\/www.ceipmaestrorafaelbravomartin.es\/?p=31","url_meta":{"origin":1010,"position":0},"title":"Consejos Escolares 2010\/11","author":"CEIP Maestro Rafael Bravo Mart\u00edn","date":"18 octubre, 2010","format":false,"excerpt":"Las elecciones a Consejos Escolares se celebrar\u00e1n en Andaluc\u00eda los pr\u00f3ximos d\u00edas 16, 17 y 18 de noviembre para los distintos sectores de la Comunidad Educativa, en todos los centros docentes sostenidos con fondos p\u00fablicos de la comunidad aut\u00f3noma de Andaluc\u00eda, a excepci\u00f3n de los centros espec\u00edficos de educaci\u00f3n permanente\u2026","rel":"","context":"En \u00abConsejo escolar\u00bb","block_context":{"text":"Consejo escolar","link":"https:\/\/www.ceipmaestrorafaelbravomartin.es\/?cat=12"},"img":{"alt_text":"","src":"","width":0,"height":0},"classes":[]},{"id":3181,"url":"https:\/\/www.ceipmaestrorafaelbravomartin.es\/?p=3181","url_meta":{"origin":1010,"position":1},"title":"Elecciones al Consejo Escolar","author":"CEIP Maestro Rafael Bravo Mart\u00edn","date":"1 octubre, 2021","format":false,"excerpt":"En el mes de Octubre de 2021 se inicia el proceso electoral para la renovaci\u00f3n y constituci\u00f3n de los Consejos Escolares de los centros docentes sostenidos con fondos p\u00fablicos El calendario de celebraci\u00f3n es el siguiente: La Junta Electoral se constituir\u00e1 entre los d\u00edas 4 y 8 de octubre de\u2026","rel":"","context":"En \u00abSin categor\u00eda\u00bb","block_context":{"text":"Sin categor\u00eda","link":"https:\/\/www.ceipmaestrorafaelbravomartin.es\/?cat=1"},"img":{"alt_text":"","src":"","width":0,"height":0},"classes":[]},{"id":16,"url":"https:\/\/www.ceipmaestrorafaelbravomartin.es\/?p=16","url_meta":{"origin":1010,"position":2},"title":"Elecciones a Consejos Escolares","author":"CEIP Maestro Rafael Bravo Mart\u00edn","date":"13 octubre, 2010","format":false,"excerpt":"Se informa a toda la comunidad educativa de que a partir de este a\u00f1o y tras la publicaci\u00f3n del Decreto 328\/2010, de 13 de Julio por el que se aprueba el Reglamento Org\u00e1nico de las escuelas infantil de segundo ciclo, de los colegios de educaci\u00f3n infantil y primaria","rel":"","context":"En \u00abConsejo escolar\u00bb","block_context":{"text":"Consejo escolar","link":"https:\/\/www.ceipmaestrorafaelbravomartin.es\/?cat=12"},"img":{"alt_text":"","src":"","width":0,"height":0},"classes":[]},{"id":83,"url":"https:\/\/www.ceipmaestrorafaelbravomartin.es\/?p=83","url_meta":{"origin":1010,"position":3},"title":"Inauguramos nueva secci\u00f3n de foros","author":"CEIP Maestro Rafael Bravo Mart\u00edn","date":"14 noviembre, 2010","format":false,"excerpt":"Con la intenci\u00f3n de promover la participaci\u00f3n de toda la comunidad educativa y el intercambio de ideas y opiniones, tengo el placer de informaros de la inauguraci\u00f3n de una nueva secci\u00f3n en la que todos y todas pod\u00e9is participar. Pod\u00e9is encontrarla en el men\u00fa superior horizontal con el nombre de\u2026","rel":"","context":"En \u00abNoticias TIC\u00bb","block_context":{"text":"Noticias TIC","link":"https:\/\/www.ceipmaestrorafaelbravomartin.es\/?cat=19"},"img":{"alt_text":"","src":"","width":0,"height":0},"classes":[]},{"id":2054,"url":"https:\/\/www.ceipmaestrorafaelbravomartin.es\/?p=2054","url_meta":{"origin":1010,"position":4},"title":"H\u00c1BITOS DE VIDA SALUDABLE","author":"CEIP Maestro Rafael Bravo Mart\u00edn","date":"11 febrero, 2020","format":false,"excerpt":"En el marco del \u201cPlan Escolar de Consumo de Frutas y Hortalizas\", recurso para promover Estilos de Vida Saludable del que nuestro centro es beneficiario, nos comunican que hemos resultado seleccionados para recibir el\u00a0\"Kit de\u00a0Materiales para Huertos Escolares\u201d El\u00a0material del que consta el Kit se\u00a0repartir\u00e1\u00a0a los centros educativos beneficiarios\u00a0dividido\u00a0en dos\u2026","rel":"","context":"En \u00abEl centro\u00bb","block_context":{"text":"El centro","link":"https:\/\/www.ceipmaestrorafaelbravomartin.es\/?cat=10"},"img":{"alt_text":"","src":"https:\/\/i0.wp.com\/www.ceipmaestrorafaelbravomartin.es\/wp-content\/uploads\/2020\/02\/unnamed.jpg?resize=350%2C200","width":350,"height":200,"srcset":"https:\/\/i0.wp.com\/www.ceipmaestrorafaelbravomartin.es\/wp-content\/uploads\/2020\/02\/unnamed.jpg?resize=350%2C200 1x, https:\/\/i0.wp.com\/www.ceipmaestrorafaelbravomartin.es\/wp-content\/uploads\/2020\/02\/unnamed.jpg?resize=525%2C300 1.5x"},"classes":[]},{"id":29,"url":"https:\/\/www.ceipmaestrorafaelbravomartin.es\/?p=29","url_meta":{"origin":1010,"position":5},"title":"Escuelas Deportivas","author":"CEIP Maestro Rafael Bravo Mart\u00edn","date":"15 octubre, 2010","format":false,"excerpt":"Escuelas deportivas es un programa totalmente subvencionado por la Consejer\u00eda de Educaci\u00f3n y su objetivo es regular todas las actividades fisico-deportivas que se realicen por las tarde en los centros escolares. Por lo tanto todas las actividades ser\u00e1n totalmente gratuitas.Adem\u00e1s estas actividades se contemplan como un complemento ideal para las\u2026","rel":"","context":"En \u00abPlanes y programas\u00bb","block_context":{"text":"Planes y programas","link":"https:\/\/www.ceipmaestrorafaelbravomartin.es\/?cat=23"},"img":{"alt_text":"Escuelas deportiva","src":"https:\/\/i0.wp.com\/blogasuncion.es\/wp-content\/uploads\/2010\/10\/deporteescuela-281x300.png?resize=350%2C200","width":350,"height":200},"classes":[]}],"_links":{"self":[{"href":"https:\/\/www.ceipmaestrorafaelbravomartin.es\/index.php?rest_route=\/wp\/v2\/posts\/1010","targetHints":{"allow":["GET"]}}],"collection":[{"href":"https:\/\/www.ceipmaestrorafaelbravomartin.es\/index.php?rest_route=\/wp\/v2\/posts"}],"about":[{"href":"https:\/\/www.ceipmaestrorafaelbravomartin.es\/index.php?rest_route=\/wp\/v2\/types\/post"}],"author":[{"embeddable":true,"href":"https:\/\/www.ceipmaestrorafaelbravomartin.es\/index.php?rest_route=\/wp\/v2\/users\/4"}],"replies":[{"embeddable":true,"href":"https:\/\/www.ceipmaestrorafaelbravomartin.es\/index.php?rest_route=%2Fwp%2Fv2%2Fcomments&post=1010"}],"version-history":[{"count":6,"href":"https:\/\/www.ceipmaestrorafaelbravomartin.es\/index.php?rest_route=\/wp\/v2\/posts\/1010\/revisions"}],"predecessor-version":[{"id":1016,"href":"https:\/\/www.ceipmaestrorafaelbravomartin.es\/index.php?rest_route=\/wp\/v2\/posts\/1010\/revisions\/1016"}],"wp:attachment":[{"href":"https:\/\/www.ceipmaestrorafaelbravomartin.es\/index.php?rest_route=%2Fwp%2Fv2%2Fmedia&parent=1010"}],"wp:term":[{"taxonomy":"category","embeddable":true,"href":"https:\/\/www.ceipmaestrorafaelbravomartin.es\/index.php?rest_route=%2Fwp%2Fv2%2Fcategories&post=1010"},{"taxonomy":"post_tag","embeddable":true,"href":"https:\/\/www.ceipmaestrorafaelbravomartin.es\/index.php?rest_route=%2Fwp%2Fv2%2Ftags&post=1010"}],"curies":[{"name":"wp","href":"https:\/\/api.w.org\/{rel}","templated":true}]}}