{"id":1018,"date":"2014-11-02T21:00:08","date_gmt":"2014-11-02T20:00:08","guid":{"rendered":"http:\/\/blogasuncion.es\/?p=1018"},"modified":"2014-11-02T21:01:34","modified_gmt":"2014-11-02T20:01:34","slug":"exposicion-colectiva","status":"publish","type":"post","link":"https:\/\/www.ceipmaestrorafaelbravomartin.es\/?p=1018","title":{"rendered":"Exposici\u00f3n Colectiva"},"content":{"rendered":"<p style=\"text-align: center;\">El pasado viernes 31 de octubre de 2014, se inaugur\u00f3 la Exposici\u00f3n Colectiva de<\/p>\n<p style=\"text-align: center;\"><em><strong>\u00abPintores y pintoras Alcare\u00f1os\/as\u00bb<\/strong><\/em>.<\/p>\n<p style=\"text-align: center;\">Dicha exposici\u00f3n permanecer\u00e1 en la Casa de la Cultura hasta el<\/p>\n<p style=\"text-align: center;\"><strong> jueves 20 de noviembre<\/strong>.<\/p>\n<p style=\"text-align: center;\">Queremos hacer llegar a toda la Comunidad Educativa de nuestro Centro una muestra de los cuadros expuestos.<\/p>\n<p><iframe loading=\"lazy\" src=\"\/\/www.youtube.com\/embed\/EUAKIReXf80?rel=0\" height=\"360\" width=\"640\" allowfullscreen=\"\" frameborder=\"0\"><\/iframe><\/p>\n","protected":false},"excerpt":{"rendered":"<p>El pasado viernes 31 de octubre de 2014, se inaugur\u00f3 la Exposici\u00f3n Colectiva de \u00abPintores y pintoras Alcare\u00f1os\/as\u00bb. Dicha exposici\u00f3n permanecer\u00e1 en la Casa de la Cultura hasta el jueves 20 de noviembre. Queremos hacer llegar a toda la Comunidad Educativa de nuestro Centro una muestra de los cuadros expuestos.<\/p>\n","protected":false},"author":4,"featured_media":0,"comment_status":"closed","ping_status":"closed","sticky":false,"template":"","format":"standard","meta":{"jetpack_post_was_ever_published":false,"_jetpack_newsletter_access":"","_jetpack_dont_email_post_to_subs":false,"_jetpack_newsletter_tier_id":0,"_jetpack_memberships_contains_paywalled_content":false,"_jetpack_memberships_contains_paid_content":false,"footnotes":""},"categories":[13,3],"tags":[],"class_list":["post-1018","post","type-post","status-publish","format-standard","hentry","category-ayuntamiento","category-noticiero"],"jetpack_featured_media_url":"","jetpack_sharing_enabled":true,"jetpack_shortlink":"https:\/\/wp.me\/p9VlHp-gq","jetpack-related-posts":[{"id":158,"url":"https:\/\/www.ceipmaestrorafaelbravomartin.es\/?p=158","url_meta":{"origin":1018,"position":0},"title":"EL TROMPO, UN MUNDO DE AMIGOS","author":"CEIP Maestro Rafael Bravo Mart\u00edn","date":"24 mayo, 2011","format":false,"excerpt":"Desde el \u00e1rea de Educaci\u00f3n F\u00edsica fomentamos la pr\u00e1ctica de Juegos Populares y Tradicionales, esos que conocemos como \" Los juegos de toda la vida\". Uno de ellos es el trompo o peonza. Llevamos varios a\u00f1os realizando un concurso de decoraci\u00f3n, donde los alumnos\/as pintan y decoran sus trompos. Un\u2026","rel":"","context":"En \u00abEd. F\u00edsica\u00bb","block_context":{"text":"Ed. F\u00edsica","link":"https:\/\/www.ceipmaestrorafaelbravomartin.es\/?cat=28"},"img":{"alt_text":"","src":"","width":0,"height":0},"classes":[]},{"id":241,"url":"https:\/\/www.ceipmaestrorafaelbravomartin.es\/?p=241","url_meta":{"origin":1018,"position":1},"title":"Semana Cultural 2012","author":"CEIP Maestro Rafael Bravo Mart\u00edn","date":"4 abril, 2012","format":false,"excerpt":"Este a\u00f1o la Semana Cultural de nuestro Centro se ha desarrollado en torno al Bicentenario de La Constituci\u00f3n de 1812 y el vig\u00e9simo aniversario de la Exposici\u00f3n Universal de Sevilla 1992. \u00a0 La Semana Cultural comenz\u00f3 el 16 de marzo con el D\u00eda de Puertas Abiertas y continu\u00f3 del 19\u2026","rel":"","context":"En \u00abCurso 2011\/12\u00bb","block_context":{"text":"Curso 2011\/12","link":"https:\/\/www.ceipmaestrorafaelbravomartin.es\/?cat=45"},"img":{"alt_text":"","src":"","width":0,"height":0},"classes":[]},{"id":741,"url":"https:\/\/www.ceipmaestrorafaelbravomartin.es\/?p=741","url_meta":{"origin":1018,"position":2},"title":"En homenaje a mis alumnos\/as alcalare\u00f1os\/as","author":"CEIP Maestro Rafael Bravo Mart\u00edn","date":"9 junio, 2014","format":false,"excerpt":"A lo largo de m\u00e1s de 35 a\u00f1os de ejercicio de mi labor profesional como maestro, algo m\u00e1s de 27 los he trabajado en Alcal\u00e1 del R\u00edo, 2 cursos en el colegio San Gregorio de Osset y algo m\u00e1s de 25 en el colegio Ntra. Sra. de la Asunci\u00f3n, hoy\u2026","rel":"","context":"En \u00abDedicatorias\u00bb","block_context":{"text":"Dedicatorias","link":"https:\/\/www.ceipmaestrorafaelbravomartin.es\/?cat=24"},"img":{"alt_text":"","src":"","width":0,"height":0},"classes":[]},{"id":60,"url":"https:\/\/www.ceipmaestrorafaelbravomartin.es\/?p=60","url_meta":{"origin":1018,"position":3},"title":"Exposici\u00f3n de fotograf\u00edas antiguas del pueblo.","author":"CEIP Maestro Rafael Bravo Mart\u00edn","date":"27 abril, 2010","format":false,"excerpt":"Exposici\u00f3n realizada con motivo de la inauguraci\u00f3n de la web del Centro. {morfeo 10}\u00a0","rel":"","context":"En \u00abCurso 2009\/10\u00bb","block_context":{"text":"Curso 2009\/10","link":"https:\/\/www.ceipmaestrorafaelbravomartin.es\/?cat=27"},"img":{"alt_text":"","src":"","width":0,"height":0},"classes":[]},{"id":237,"url":"https:\/\/www.ceipmaestrorafaelbravomartin.es\/?p=237","url_meta":{"origin":1018,"position":4},"title":"Asociaci\u00f3n Legado Expo Sevilla","author":"CEIP Maestro Rafael Bravo Mart\u00edn","date":"21 marzo, 2012","format":false,"excerpt":"El pasado lunes 19, enviamos fotos de nuestra exposici\u00f3n a la Asociaci\u00f3n Legado Expo Sevilla, y esta ha sido su respuesta, si enlazamos a su web veremos las fotos enviadas. Much\u00edsimas gracias por las fotos, las hemos compartido en la web, facebook y twitter. La iniciativa es magn\u00edfica y la\u2026","rel":"","context":"En \u00abEl centro\u00bb","block_context":{"text":"El centro","link":"https:\/\/www.ceipmaestrorafaelbravomartin.es\/?cat=10"},"img":{"alt_text":"","src":"","width":0,"height":0},"classes":[]},{"id":81,"url":"https:\/\/www.ceipmaestrorafaelbravomartin.es\/?p=81","url_meta":{"origin":1018,"position":5},"title":"Haloween 2010","author":"CEIP Maestro Rafael Bravo Mart\u00edn","date":"2 noviembre, 2010","format":false,"excerpt":"El pasado 29 de octubre celebramos en el colegio la fiesta de Haloween. Entre las actividades que se realizaron, destacamos el trabajo realizado por el alumnado de 3\u00ba B, que en colaboraci\u00f3n con la clase de 5\u00ba B que se encarg\u00f3 de la decoraci\u00f3n, elabor\u00f3 unas calabazas que fueron expuestas\u2026","rel":"","context":"En \u00abActividades extraescolares\u00bb","block_context":{"text":"Actividades extraescolares","link":"https:\/\/www.ceipmaestrorafaelbravomartin.es\/?cat=14"},"img":{"alt_text":"","src":"","width":0,"height":0},"classes":[]}],"_links":{"self":[{"href":"https:\/\/www.ceipmaestrorafaelbravomartin.es\/index.php?rest_route=\/wp\/v2\/posts\/1018","targetHints":{"allow":["GET"]}}],"collection":[{"href":"https:\/\/www.ceipmaestrorafaelbravomartin.es\/index.php?rest_route=\/wp\/v2\/posts"}],"about":[{"href":"https:\/\/www.ceipmaestrorafaelbravomartin.es\/index.php?rest_route=\/wp\/v2\/types\/post"}],"author":[{"embeddable":true,"href":"https:\/\/www.ceipmaestrorafaelbravomartin.es\/index.php?rest_route=\/wp\/v2\/users\/4"}],"replies":[{"embeddable":true,"href":"https:\/\/www.ceipmaestrorafaelbravomartin.es\/index.php?rest_route=%2Fwp%2Fv2%2Fcomments&post=1018"}],"version-history":[{"count":3,"href":"https:\/\/www.ceipmaestrorafaelbravomartin.es\/index.php?rest_route=\/wp\/v2\/posts\/1018\/revisions"}],"predecessor-version":[{"id":1021,"href":"https:\/\/www.ceipmaestrorafaelbravomartin.es\/index.php?rest_route=\/wp\/v2\/posts\/1018\/revisions\/1021"}],"wp:attachment":[{"href":"https:\/\/www.ceipmaestrorafaelbravomartin.es\/index.php?rest_route=%2Fwp%2Fv2%2Fmedia&parent=1018"}],"wp:term":[{"taxonomy":"category","embeddable":true,"href":"https:\/\/www.ceipmaestrorafaelbravomartin.es\/index.php?rest_route=%2Fwp%2Fv2%2Fcategories&post=1018"},{"taxonomy":"post_tag","embeddable":true,"href":"https:\/\/www.ceipmaestrorafaelbravomartin.es\/index.php?rest_route=%2Fwp%2Fv2%2Ftags&post=1018"}],"curies":[{"name":"wp","href":"https:\/\/api.w.org\/{rel}","templated":true}]}}