{"id":1023,"date":"2014-11-25T09:00:34","date_gmt":"2014-11-25T08:00:34","guid":{"rendered":"http:\/\/blogasuncion.es\/?p=1023"},"modified":"2014-11-21T19:26:30","modified_gmt":"2014-11-21T18:26:30","slug":"25-de-noviembre-dia-internacional-de-la-lucha-contra-la-violencia-de-genero","status":"publish","type":"post","link":"https:\/\/www.ceipmaestrorafaelbravomartin.es\/?p=1023","title":{"rendered":"25 de noviembre: D\u00eda Internacional de la Lucha contra la Violencia de G\u00e9nero"},"content":{"rendered":"<p style=\"text-align: center;\">Con motivo de la celebraci\u00f3n del<\/p>\n<p style=\"text-align: center;\"><a href=\"http:\/\/www.un.org\/es\/events\/endviolenceday\/\" target=\"_blank\">D\u00cdA INTERNACIONAL DE LA LUCHA CONTRA LA VIOLENCIA DE G\u00c9NERO<\/a>,<\/p>\n<p style=\"text-align: center;\">nuestro Centro se une a la campa\u00f1a lanzada por Mediaset Espa\u00f1a:<\/p>\n<p style=\"text-align: center;\">#DOY LA CARA<\/p>\n<p><object width=\"640\" height=\"480\" classid=\"clsid:d27cdb6e-ae6d-11cf-96b8-444553540000\" codebase=\"http:\/\/download.macromedia.com\/pub\/shockwave\/cabs\/flash\/swflash.cab#version=6,0,40,0\"><param name=\"wmode\" value=\"transparent\" \/><param name=\"allowFullScreen\" value=\"true\" \/><param name=\"src\" value=\"http:\/\/pf.kizoa.com\/sflite.swf?did=15154132&amp;k=P139396933&amp;hk=1&amp;ns=1&amp;loop=1\" \/><param name=\"allowfullscreen\" value=\"true\" \/><\/object><\/p>\n","protected":false},"excerpt":{"rendered":"<p>Con motivo de la celebraci\u00f3n del D\u00cdA INTERNACIONAL DE LA LUCHA CONTRA LA VIOLENCIA DE G\u00c9NERO, nuestro Centro se une a la campa\u00f1a lanzada por Mediaset Espa\u00f1a: #DOY LA CARA<\/p>\n","protected":false},"author":4,"featured_media":0,"comment_status":"closed","ping_status":"closed","sticky":false,"template":"","format":"standard","meta":{"jetpack_post_was_ever_published":false,"_jetpack_newsletter_access":"","_jetpack_dont_email_post_to_subs":false,"_jetpack_newsletter_tier_id":0,"_jetpack_memberships_contains_paywalled_content":false,"_jetpack_memberships_contains_paid_content":false,"footnotes":""},"categories":[10],"tags":[],"class_list":["post-1023","post","type-post","status-publish","format-standard","hentry","category-centro"],"jetpack_featured_media_url":"","jetpack_sharing_enabled":true,"jetpack_shortlink":"https:\/\/wp.me\/p9VlHp-gv","jetpack-related-posts":[{"id":601,"url":"https:\/\/www.ceipmaestrorafaelbravomartin.es\/?p=601","url_meta":{"origin":1023,"position":0},"title":"25 de noviembre: D\u00eda Internacional de la Eliminaci\u00f3n de la Violencia contra la Mujer","author":"CEIP Maestro Rafael Bravo Mart\u00edn","date":"25 noviembre, 2013","format":false,"excerpt":"A trav\u00e9s de nuestro Ayuntamiento nos unimos a la propuesta del Instituto Andaluz de la Mujer con la lectura simult\u00e1nea del libro \"NI UN BESITO A LA FUERZA\" un cuento coeditado en 2009 por dicho Instituto y que este a\u00f1o se utiliza como recurso coeducativo para trabajar con el alumnado\u2026","rel":"","context":"En \u00abNoticiero\u00bb","block_context":{"text":"Noticiero","link":"https:\/\/www.ceipmaestrorafaelbravomartin.es\/?cat=3"},"img":{"alt_text":"","src":"","width":0,"height":0},"classes":[]},{"id":208,"url":"https:\/\/www.ceipmaestrorafaelbravomartin.es\/?p=208","url_meta":{"origin":1023,"position":1},"title":"25 de noviembre: D\u00eda internacional contra la violencia de g\u00e9nero.","author":"CEIP Maestro Rafael Bravo Mart\u00edn","date":"25 noviembre, 2011","format":false,"excerpt":"El viernes 25 de noviembre se celebr\u00f3 el D\u00cdA INTERNACIONAL PARA LA ELIMINACI\u00d3N DE LA VIOLENCIA CONTRA LA MUJER. Durante esa semana los alumnos\/as han realizado actividades para tomar conciencia de la igualdad entre mujeres y hombres, ni\u00f1as y ni\u00f1os. Aqu\u00ed os dejamos algunas de las muchas que se llevaron\u2026","rel":"","context":"En \u00abCurso 2011\/12\u00bb","block_context":{"text":"Curso 2011\/12","link":"https:\/\/www.ceipmaestrorafaelbravomartin.es\/?cat=45"},"img":{"alt_text":"","src":"","width":0,"height":0},"classes":[]},{"id":277,"url":"https:\/\/www.ceipmaestrorafaelbravomartin.es\/?p=277","url_meta":{"origin":1023,"position":2},"title":"25 de NOVIEMBRE. \u00bb D\u00cdA INTERNACIONAL PARA LA ELIMINACI\u00d3N DE LA VIOLENCIA CONTRA LAS MUJERES\u00bb","author":"CEIP Maestro Rafael Bravo Mart\u00edn","date":"30 noviembre, 2012","format":false,"excerpt":"A continuaci\u00f3n pod\u00e9is ver algunos de los trabajos que los ni\u00f1os y ni\u00f1as de nuestro centro han realizado para conmemorar este d\u00eda. \u00a0 \u00a0 \u00a0\u00a0 \u00a0 \u00a0 \u00a0 \u00a0 \u00a0 \u00a0 \u00a0 \u00a0 \u00a0 \u00a0 \u00a0 \u00a0 Quinto B ha estado trabajando con Gloster Edu, y ha preparado unos murales\u2026","rel":"","context":"En \u00abActividades extraescolares\u00bb","block_context":{"text":"Actividades extraescolares","link":"https:\/\/www.ceipmaestrorafaelbravomartin.es\/?cat=14"},"img":{"alt_text":"gloster","src":"https:\/\/i0.wp.com\/www.ceipmaestrorafaelbravomartin.es\/wp-content\/uploads\/2012\/11\/gloster.jpg?resize=350%2C200&ssl=1","width":350,"height":200,"srcset":"https:\/\/i0.wp.com\/www.ceipmaestrorafaelbravomartin.es\/wp-content\/uploads\/2012\/11\/gloster.jpg?resize=350%2C200&ssl=1 1x, https:\/\/i0.wp.com\/www.ceipmaestrorafaelbravomartin.es\/wp-content\/uploads\/2012\/11\/gloster.jpg?resize=525%2C300&ssl=1 1.5x"},"classes":[]},{"id":1594,"url":"https:\/\/www.ceipmaestrorafaelbravomartin.es\/?p=1594","url_meta":{"origin":1023,"position":3},"title":"25 de Noviembre: Todos tenemos derecho a sonre\u00edr.","author":"CEIP Maestro Rafael Bravo Mart\u00edn","date":"29 noviembre, 2016","format":false,"excerpt":"El pasado 25 de noviembre, celebramos en el cole el d\u00eda internacional de la eliminaci\u00f3n de la violencia contra la mujer. Adoptamos el lema: Todos\/ as tenemos derecho a sonre\u00edr. Para conmemorarlo\u00a0hicimos un peque\u00f1o photocall donde mostramos la mejor de nuestras sonrisas. Deseamos que os guste. \u00a0 https:\/\/youtu.be\/ig2RW2FDRdk \u00a0 \u00a0","rel":"","context":"En \u00abEl centro\u00bb","block_context":{"text":"El centro","link":"https:\/\/www.ceipmaestrorafaelbravomartin.es\/?cat=10"},"img":{"alt_text":"","src":"https:\/\/i0.wp.com\/img.youtube.com\/vi\/ig2RW2FDRdk\/0.jpg?resize=350%2C200","width":350,"height":200},"classes":[]},{"id":2292,"url":"https:\/\/www.ceipmaestrorafaelbravomartin.es\/?p=2292","url_meta":{"origin":1023,"position":4},"title":"Nuestros ratitos ci\u00e9ntificos en el Cole","author":"CEIP Maestro Rafael Bravo Mart\u00edn","date":"26 marzo, 2020","format":false,"excerpt":"A lo largo de los meses de febrero y marzo se han llevado a cabo charlas de mujeres cient\u00edficas de nuestro entorno. Estas charlas forman parte de la \"Iniciativa 11 de febrero\" que conmemora el D\u00eda Internacional de la Mujer y la Ni\u00f1a en la Ciencia y que pretende visibilizar\u2026","rel":"","context":"En \u00abPlan de Igualdad\u00bb","block_context":{"text":"Plan de Igualdad","link":"https:\/\/www.ceipmaestrorafaelbravomartin.es\/?cat=123"},"img":{"alt_text":"","src":"https:\/\/i0.wp.com\/img.youtube.com\/vi\/MFGgtR0Aako\/0.jpg?resize=350%2C200","width":350,"height":200},"classes":[]},{"id":1591,"url":"https:\/\/www.ceipmaestrorafaelbravomartin.es\/?p=1591","url_meta":{"origin":1023,"position":5},"title":"25 NOV  #yonosoyc\u00f3mplice","author":"CEIP Maestro Rafael Bravo Mart\u00edn","date":"25 noviembre, 2016","format":false,"excerpt":"Pretendemos con la Campa\u00f1a \u201cYo no soy c\u00f3mplice\u201d que la sociedad se quite esa venda anudada por el desconocimiento, la comodidad, por la falta de empat\u00eda, por el miedo y act\u00fae ante la violencia machista. Ante todas las formas de violencia machista. Es una llamada a la sociedad a alejarse\u2026","rel":"","context":"En \u00abEl centro\u00bb","block_context":{"text":"El centro","link":"https:\/\/www.ceipmaestrorafaelbravomartin.es\/?cat=10"},"img":{"alt_text":"","src":"","width":0,"height":0},"classes":[]}],"_links":{"self":[{"href":"https:\/\/www.ceipmaestrorafaelbravomartin.es\/index.php?rest_route=\/wp\/v2\/posts\/1023","targetHints":{"allow":["GET"]}}],"collection":[{"href":"https:\/\/www.ceipmaestrorafaelbravomartin.es\/index.php?rest_route=\/wp\/v2\/posts"}],"about":[{"href":"https:\/\/www.ceipmaestrorafaelbravomartin.es\/index.php?rest_route=\/wp\/v2\/types\/post"}],"author":[{"embeddable":true,"href":"https:\/\/www.ceipmaestrorafaelbravomartin.es\/index.php?rest_route=\/wp\/v2\/users\/4"}],"replies":[{"embeddable":true,"href":"https:\/\/www.ceipmaestrorafaelbravomartin.es\/index.php?rest_route=%2Fwp%2Fv2%2Fcomments&post=1023"}],"version-history":[{"count":3,"href":"https:\/\/www.ceipmaestrorafaelbravomartin.es\/index.php?rest_route=\/wp\/v2\/posts\/1023\/revisions"}],"predecessor-version":[{"id":1026,"href":"https:\/\/www.ceipmaestrorafaelbravomartin.es\/index.php?rest_route=\/wp\/v2\/posts\/1023\/revisions\/1026"}],"wp:attachment":[{"href":"https:\/\/www.ceipmaestrorafaelbravomartin.es\/index.php?rest_route=%2Fwp%2Fv2%2Fmedia&parent=1023"}],"wp:term":[{"taxonomy":"category","embeddable":true,"href":"https:\/\/www.ceipmaestrorafaelbravomartin.es\/index.php?rest_route=%2Fwp%2Fv2%2Fcategories&post=1023"},{"taxonomy":"post_tag","embeddable":true,"href":"https:\/\/www.ceipmaestrorafaelbravomartin.es\/index.php?rest_route=%2Fwp%2Fv2%2Ftags&post=1023"}],"curies":[{"name":"wp","href":"https:\/\/api.w.org\/{rel}","templated":true}]}}