{"id":1028,"date":"2014-11-30T20:04:34","date_gmt":"2014-11-30T19:04:34","guid":{"rendered":"http:\/\/blogasuncion.es\/?p=1028"},"modified":"2014-11-30T20:09:41","modified_gmt":"2014-11-30T19:09:41","slug":"simposio-internacional-cien-anos-de-platero-y-yo","status":"publish","type":"post","link":"https:\/\/www.ceipmaestrorafaelbravomartin.es\/?p=1028","title":{"rendered":"Simposio Internacional: Cien a\u00f1os de Platero y Yo"},"content":{"rendered":"<div style=\"text-align: center;\">Platero es peque\u00f1o,\u00a0 peludo, suave&#8230;<\/div>\n<div style=\"text-align: center;\">y sigue si\u00e9ndolo \u00a1aunque ya ha cumplido 100 a\u00f1os!<\/div>\n<div style=\"text-align: center;\"><\/div>\n<div style=\"text-align: center;\"><a href=\"http:\/\/www.moguerplatero2014.es\/\" target=\"_blank\"><img loading=\"lazy\" decoding=\"async\" alt=\"http:\/\/www.moguerplatero2014.es\/\" src=\"http:\/\/4.bp.blogspot.com\/-hHbQ5g5s3Fs\/Uz7M0itRmdI\/AAAAAAAADtc\/vTqyzIIp5Fs\/s1600\/Captura%2Bde%2Bpantalla%2B2014-04-04%2Ba%2Blas%2B17.16.05.png\" width=\"320\" height=\"98\" border=\"0\" \/><\/a><\/div>\n<div style=\"text-align: center;\">La C\u00e1tedra Juan Ram\u00f3n Jim\u00e9nez de la Universidad de Huelva<\/div>\n<div style=\"text-align: center;\"><\/div>\n<div style=\"text-align: center;\"><a href=\"http:\/\/www.uhu.es\/catedra.juanramonjimenez\/index.php\/centenario-platero-y-yo-1914-2014\/simposio-internacional-cien-anos-de-platero-y-yo-1914-2014\" target=\"_blank\"><img loading=\"lazy\" decoding=\"async\" alt=\"http:\/\/www.uhu.es\/catedra.juanramonjimenez\/index.php\/centenario-platero-y-yo-1914-2014\/simposio-internacional-cien-anos-de-platero-y-yo-1914-2014\" src=\"http:\/\/2.bp.blogspot.com\/-mtFv1p_nmnw\/VHtdzqUOJLI\/AAAAAAAAEDU\/s-oW_f2Hvm4\/s1600\/Captura%2Bde%2Bpantalla%2B2014-11-30%2Ba%2Blas%2B19.10.03.png\" width=\"320\" height=\"97\" border=\"0\" \/><\/a><\/div>\n<div style=\"text-align: center;\"><\/div>\n<div style=\"text-align: center;\">ha celebrado durante los d\u00edas 24 a 28 de noviembre<\/div>\n<div style=\"text-align: center;\">el Simposio Internacional: \u00abCIEN A\u00d1OS DE PLATERO Y YO\u00bb<\/div>\n<div style=\"text-align: center;\">y, como representantes de nuestro blog y de nuestros colegios,<\/div>\n<div style=\"text-align: center;\">hemos sido invitados a asistir en reconocimiento<\/div>\n<div style=\"text-align: center;\">a calidad del trabajo que en conjunto todos hemos realizado<\/div>\n<div style=\"text-align: center;\">y que hemos publicado en el libro virtual \u00abPLATERO Y TIC\u00bb<\/div>\n<div style=\"text-align: center;\"><a href=\"http:\/\/www.juntadeandalucia.es\/averroes\/centros-tic\/21200025\/myscrapbook\/index.php\" target=\"_blank\"><img loading=\"lazy\" decoding=\"async\" alt=\"http:\/\/www.juntadeandalucia.es\/averroes\/centros-tic\/21200025\/myscrapbook\/index.php\" src=\"http:\/\/3.bp.blogspot.com\/-drK9UNGGjyY\/Uz7RSlCMrpI\/AAAAAAAADuk\/KcaMsDjA52c\/s1600\/Platero%2BY%2BTIC.gif\" width=\"195\" height=\"200\" border=\"0\" \/><\/a><\/div>\n<div style=\"text-align: center;\"><\/div>\n<div style=\"text-align: center;\">Como reconocimiento a quienes realmente lo merecen,<\/div>\n<div style=\"text-align: center;\">\u00a0os enlazamos a las dos p\u00e1ginas en las que aparecen los trabajos que realizaron las alumnas y los alumnos de 6\u00baB Guadalquivir 13\/14 y de 4\u00baB, 6\u00baB y Aula Espec\u00edfica<\/div>\n<div style=\"text-align: center;\">Maestro Rafael Bravo 13\/14<\/div>\n<div style=\"text-align: center;\"><\/div>\n<div style=\"text-align: center;\"><a href=\"http:\/\/www.juntadeandalucia.es\/averroes\/centros-tic\/21200025\/myscrapbook\/index.php?section=46&amp;page=3\" target=\"_blank\"><img loading=\"lazy\" decoding=\"async\" alt=\"http:\/\/www.juntadeandalucia.es\/averroes\/centros-tic\/21200025\/myscrapbook\/index.php?section=46&amp;page=3\" src=\"http:\/\/4.bp.blogspot.com\/-e36AbnJ_Wn4\/VHtin73LscI\/AAAAAAAAEDk\/WjDpQqyl5JM\/s1600\/Captura%2Bde%2Bpantalla%2B2014-11-30%2Ba%2Blas%2B19.29.50.png\" width=\"320\" height=\"167\" border=\"0\" \/>\u00a0<\/a><\/div>\n<div style=\"text-align: center;\"><\/div>\n<div style=\"text-align: center;\"><a href=\"http:\/\/www.juntadeandalucia.es\/averroes\/centros-tic\/21200025\/myscrapbook\/index.php?section=46&amp;page=1\" target=\"_blank\"><img loading=\"lazy\" decoding=\"async\" alt=\"http:\/\/www.juntadeandalucia.es\/averroes\/centros-tic\/21200025\/myscrapbook\/index.php?section=46&amp;page=1\" src=\"http:\/\/2.bp.blogspot.com\/-9sY4lUuNsUk\/VHtjhYcys3I\/AAAAAAAAEDs\/T-wd6xFGMs8\/s1600\/Captura%2Bde%2Bpantalla%2B2014-11-30%2Ba%2Blas%2B19.34.04.png\" width=\"320\" height=\"167\" border=\"0\" \/><\/a><\/div>\n<div style=\"text-align: center;\"><\/div>\n<div style=\"text-align: center;\">\u00a0Y para que pod\u00e1is compartir con nosotros parte de las gratas vivencias que en dicho simposio vivimos, hemos realizado este peque\u00f1o reportaje visual:<\/div>\n<div style=\"text-align: center;\"><\/div>\n<p><iframe loading=\"lazy\" src=\"\/\/www.youtube.com\/embed\/TWqhgGIocXY?rel=0\" height=\"360\" width=\"640\" allowfullscreen=\"\" frameborder=\"0\"><\/iframe><\/p>\n","protected":false},"excerpt":{"rendered":"<p>Platero es peque\u00f1o,\u00a0 peludo, suave&#8230; y sigue si\u00e9ndolo \u00a1aunque ya ha cumplido 100 a\u00f1os! La C\u00e1tedra Juan Ram\u00f3n Jim\u00e9nez de la Universidad de Huelva ha celebrado durante los d\u00edas 24 a 28 de noviembre el Simposio Internacional: \u00abCIEN A\u00d1OS DE PLATERO Y YO\u00bb y, como representantes de nuestro blog y [&hellip;]<\/p>\n","protected":false},"author":4,"featured_media":0,"comment_status":"closed","ping_status":"closed","sticky":false,"template":"","format":"standard","meta":{"jetpack_post_was_ever_published":false,"_jetpack_newsletter_access":"","_jetpack_dont_email_post_to_subs":false,"_jetpack_newsletter_tier_id":0,"_jetpack_memberships_contains_paywalled_content":false,"_jetpack_memberships_contains_paid_content":false,"footnotes":""},"categories":[10,2,38],"tags":[],"class_list":["post-1028","post","type-post","status-publish","format-standard","hentry","category-centro","category-info","category-c85-tic"],"jetpack_featured_media_url":"","jetpack_sharing_enabled":true,"jetpack_shortlink":"https:\/\/wp.me\/p9VlHp-gA","jetpack-related-posts":[{"id":704,"url":"https:\/\/www.ceipmaestrorafaelbravomartin.es\/?p=704","url_meta":{"origin":1028,"position":0},"title":"Jornadas Culturales 2014:PLATERO CUMPLE CIEN A\u00d1OS","author":"CEIP Maestro Rafael Bravo Mart\u00edn","date":"26 marzo, 2014","format":false,"excerpt":"No hay otro burrito m\u00e1s longevo que Platero. Este a\u00f1o es el a\u00f1o de Platero. Cumple 100 a\u00f1os. La importancia de Platero la podemos comprobar por la cantidad de ediciones de esta eleg\u00eda, que s\u00f3lo es superada por la Biblia y el Quijote . Nuestro centro le dedica sus Jornadas\u2026","rel":"","context":"En \u00abNoticiero\u00bb","block_context":{"text":"Noticiero","link":"https:\/\/www.ceipmaestrorafaelbravomartin.es\/?cat=3"},"img":{"alt_text":"","src":"","width":0,"height":0},"classes":[]},{"id":732,"url":"https:\/\/www.ceipmaestrorafaelbravomartin.es\/?p=732","url_meta":{"origin":1028,"position":1},"title":"Mi Platero y Yo","author":"CEIP Maestro Rafael Bravo Mart\u00edn","date":"28 abril, 2014","format":false,"excerpt":"Con motivo de la Jornada Cultural de nuestro colegio, hemos querido rendir homenaje al escritor Juan Ram\u00f3n Jim\u00e9nez y al centenario de la publicaci\u00f3n de su c\u00e9lebre obra \"PLATERO Y YO\". El alumnado de Educaci\u00f3n Infantil ha realizado diversas actividades: Lectura de fragmentos de \"Platero y Yo\", lectura de la\u2026","rel":"","context":"En \u00abEducaci\u00f3n Infantil\u00bb","block_context":{"text":"Educaci\u00f3n Infantil","link":"https:\/\/www.ceipmaestrorafaelbravomartin.es\/?cat=26"},"img":{"alt_text":"","src":"","width":0,"height":0},"classes":[]},{"id":716,"url":"https:\/\/www.ceipmaestrorafaelbravomartin.es\/?p=716","url_meta":{"origin":1028,"position":2},"title":"Caligramas de Platero","author":"CEIP Maestro Rafael Bravo Mart\u00edn","date":"7 abril, 2014","format":false,"excerpt":"Seguimos trabajando Platero y yo. Antonio, tutor de 5\u00baB, lo ha hecho ense\u00f1ando a su alumnado una t\u00e9cnica poco usada y muy adecuada para estos cap\u00edtulos cortos de Platero: EL CALIGRAMA Se han montado a modo de cuaderno o librito con CALAM\u00c9O Merece la pena pararse a verlos despacito, hacer\u2026","rel":"","context":"En \u00abTercer ciclo de Primaria\u00bb","block_context":{"text":"Tercer ciclo de Primaria","link":"https:\/\/www.ceipmaestrorafaelbravomartin.es\/?cat=25"},"img":{"alt_text":"","src":"","width":0,"height":0},"classes":[]},{"id":736,"url":"https:\/\/www.ceipmaestrorafaelbravomartin.es\/?p=736","url_meta":{"origin":1028,"position":3},"title":"Platero y Yo (Pictogramas)","author":"CEIP Maestro Rafael Bravo Mart\u00edn","date":"22 mayo, 2014","format":false,"excerpt":"Un gran trabajo realizado en el Aula Espec\u00edfica, que merece ser conocido por toda la Comunidad Escolar de nuestro centro.","rel":"","context":"En \u00abEducaci\u00f3n Especial\u00bb","block_context":{"text":"Educaci\u00f3n Especial","link":"https:\/\/www.ceipmaestrorafaelbravomartin.es\/?cat=102"},"img":{"alt_text":"","src":"","width":0,"height":0},"classes":[]},{"id":324,"url":"https:\/\/www.ceipmaestrorafaelbravomartin.es\/?p=324","url_meta":{"origin":1028,"position":4},"title":"1\u00aa VERBENA \u00abMAESTRO RAFAEL BRAVO\u00bb","author":"CEIP Maestro Rafael Bravo Mart\u00edn","date":"20 junio, 2013","format":false,"excerpt":"El viernes 21 de junio de 2013, os esperamos a todos y a todas en las pistas de nuestro cole. Celebramos la 1\u00aa Verbena \"Maestro Rafael Bravo\" A las 21:30 h. \u00a0\u00a0 ORDEN DE ACTUACIONES: 3 A\u00d1OS A: \"Vacaciones de verano\"\u00a0\u00a0\u00a0\u00a0\u00a0\u00a0\u00a0\u00a0\u00a0\u00a0\u00a0\u00a0\u00a0\u00a0\u00a0\u00a0\u00a0\u00a0\u00a0 3 A\u00d1OS B: \"Verano, verano\"\u00a0\u00a0\u00a0\u00a0\u00a0\u00a0\u00a0\u00a0\u00a0\u00a0\u00a0\u00a0\u00a0\u00a0\u00a0\u00a0\u00a0\u00a0\u00a0\u00a0\u00a0\u00a0\u00a0\u00a0\u00a0\u00a0\u00a0\u00a0\u00a0\u00a0\u00a0 3 A\u00d1OS C: \"El\u2026","rel":"","context":"En \u00abEl centro\u00bb","block_context":{"text":"El centro","link":"https:\/\/www.ceipmaestrorafaelbravomartin.es\/?cat=10"},"img":{"alt_text":"","src":"","width":0,"height":0},"classes":[]},{"id":82,"url":"https:\/\/www.ceipmaestrorafaelbravomartin.es\/?p=82","url_meta":{"origin":1028,"position":5},"title":"Reuni\u00f3n con las familias en Ed. Infantil","author":"CEIP Maestro Rafael Bravo Mart\u00edn","date":"29 noviembre, 2009","format":false,"excerpt":"El 26 de octubre del 2010 se llev\u00f3 a cabo la reuni\u00f3n con las \u00a0 familias del alumnado de Educaci\u00f3n Infantil. En ella se trataron entre otros los siguientes puntos:","rel":"","context":"En \u00abEducaci\u00f3n Infantil\u00bb","block_context":{"text":"Educaci\u00f3n Infantil","link":"https:\/\/www.ceipmaestrorafaelbravomartin.es\/?cat=26"},"img":{"alt_text":"*","src":"file:\/\/\/C:\/DOCUME~1\/ANGELO~1\/CONFIG~1\/Temp\/msohtml1\/01\/clip_image001.gif","width":350,"height":200},"classes":[]}],"_links":{"self":[{"href":"https:\/\/www.ceipmaestrorafaelbravomartin.es\/index.php?rest_route=\/wp\/v2\/posts\/1028","targetHints":{"allow":["GET"]}}],"collection":[{"href":"https:\/\/www.ceipmaestrorafaelbravomartin.es\/index.php?rest_route=\/wp\/v2\/posts"}],"about":[{"href":"https:\/\/www.ceipmaestrorafaelbravomartin.es\/index.php?rest_route=\/wp\/v2\/types\/post"}],"author":[{"embeddable":true,"href":"https:\/\/www.ceipmaestrorafaelbravomartin.es\/index.php?rest_route=\/wp\/v2\/users\/4"}],"replies":[{"embeddable":true,"href":"https:\/\/www.ceipmaestrorafaelbravomartin.es\/index.php?rest_route=%2Fwp%2Fv2%2Fcomments&post=1028"}],"version-history":[{"count":4,"href":"https:\/\/www.ceipmaestrorafaelbravomartin.es\/index.php?rest_route=\/wp\/v2\/posts\/1028\/revisions"}],"predecessor-version":[{"id":1032,"href":"https:\/\/www.ceipmaestrorafaelbravomartin.es\/index.php?rest_route=\/wp\/v2\/posts\/1028\/revisions\/1032"}],"wp:attachment":[{"href":"https:\/\/www.ceipmaestrorafaelbravomartin.es\/index.php?rest_route=%2Fwp%2Fv2%2Fmedia&parent=1028"}],"wp:term":[{"taxonomy":"category","embeddable":true,"href":"https:\/\/www.ceipmaestrorafaelbravomartin.es\/index.php?rest_route=%2Fwp%2Fv2%2Fcategories&post=1028"},{"taxonomy":"post_tag","embeddable":true,"href":"https:\/\/www.ceipmaestrorafaelbravomartin.es\/index.php?rest_route=%2Fwp%2Fv2%2Ftags&post=1028"}],"curies":[{"name":"wp","href":"https:\/\/api.w.org\/{rel}","templated":true}]}}