{"id":1034,"date":"2014-12-05T09:14:17","date_gmt":"2014-12-05T08:14:17","guid":{"rendered":"http:\/\/blogasuncion.es\/?p=1034"},"modified":"2014-12-05T13:14:49","modified_gmt":"2014-12-05T12:14:49","slug":"seis-de-diciembre-2","status":"publish","type":"post","link":"https:\/\/www.ceipmaestrorafaelbravomartin.es\/?p=1034","title":{"rendered":"SEIS DE DICIEMBRE"},"content":{"rendered":"<div style=\"text-align: center;\"><\/div>\n<div style=\"text-align: center;\">El 6 de diciembre de 1978 el Pueblo Espa\u00f1ol ratific\u00f3 en Refer\u00e9ndum la <span style=\"font-size: 130%;\"><span style=\"font-style: italic; font-weight: bold;\">Constituci\u00f3n Espa\u00f1ola<\/span><\/span>,la norma m\u00e1s importante de todos los espa\u00f1oles y a la que deben someterse todas las dem\u00e1s leyes:<\/div>\n<div style=\"text-align: center;\">\n<div><object style=\"height: 424px; width: 600px;\" width=\"320\" height=\"240\" classid=\"clsid:d27cdb6e-ae6d-11cf-96b8-444553540000\" codebase=\"http:\/\/download.macromedia.com\/pub\/shockwave\/cabs\/flash\/swflash.cab#version=6,0,40,0\"><param name=\"allowfullscreen\" value=\"true\" \/><param name=\"menu\" value=\"false\" \/><param name=\"src\" value=\"http:\/\/static.issuu.com\/webembed\/viewers\/style1\/v1\/IssuuViewer.swf\" \/><param name=\"flashvars\" value=\"mode=embed&amp;layout=http%3A%2F%2Fskin.issuu.com%2Fv%2Fgrass%2Flayout.xml&amp;showFlipBtn=true&amp;documentId=091206113132-bdd8b63879344515a89f10fbd1c36f07&amp;docName=constitucion_es&amp;username=JAPM&amp;loadingInfoText=Constituci%C3%B3n%20espa%C3%B1ola&amp;et=1291229042294&amp;er=88\" \/><\/object><\/div>\n<\/div>\n<div style=\"text-align: left; width: 600px;\"><\/div>\n<p>Para que os resulte m\u00e1s comprensible:<\/p>\n<div style=\"text-align: center;\">\n<div><object style=\"height: 426px; width: 600px;\" width=\"320\" height=\"240\" classid=\"clsid:d27cdb6e-ae6d-11cf-96b8-444553540000\" codebase=\"http:\/\/download.macromedia.com\/pub\/shockwave\/cabs\/flash\/swflash.cab#version=6,0,40,0\"><param name=\"allowfullscreen\" value=\"true\" \/><param name=\"menu\" value=\"false\" \/><param name=\"src\" value=\"http:\/\/static.issuu.com\/webembed\/viewers\/style1\/v1\/IssuuViewer.swf\" \/><param name=\"flashvars\" value=\"mode=embed&amp;layout=http%3A%2F%2Fskin.issuu.com%2Fv%2Fgrass%2Flayout.xml&amp;showFlipBtn=true&amp;documentId=091204210039-e25521a8944b42ac96c386d0c46e7c1c&amp;docName=la-constitucion-para-peques&amp;username=fgpaez&amp;loadingInfoText=La%20Constituci%C3%B3n%20para%20Ni%C3%B1as%20y%20Ni%C3%B1os&amp;et=1291227917617&amp;er=77\" \/><\/object><\/p>\n<div style=\"text-align: left; width: 600px;\"><span style=\"text-decoration: underline;\"><br \/>\n<\/span><\/p>\n<div style=\"text-align: center;\">Durante el d\u00eda 5 de diciembre de 2014, podremos leer y comentar en clase algunos art\u00edculos de la misma.<\/div>\n<div style=\"text-align: center;\"><\/div>\n<div style=\"text-align: right;\">La Coordinadora TIC<\/div>\n<\/div>\n<\/div>\n<\/div>\n","protected":false},"excerpt":{"rendered":"<p>El 6 de diciembre de 1978 el Pueblo Espa\u00f1ol ratific\u00f3 en Refer\u00e9ndum la Constituci\u00f3n Espa\u00f1ola,la norma m\u00e1s importante de todos los espa\u00f1oles y a la que deben someterse todas las dem\u00e1s leyes: Para que os resulte m\u00e1s comprensible: Durante el d\u00eda 5 de diciembre de 2014, podremos leer y comentar [&hellip;]<\/p>\n","protected":false},"author":4,"featured_media":0,"comment_status":"closed","ping_status":"closed","sticky":false,"template":"","format":"standard","meta":{"jetpack_post_was_ever_published":false,"_jetpack_newsletter_access":"","_jetpack_dont_email_post_to_subs":false,"_jetpack_newsletter_tier_id":0,"_jetpack_memberships_contains_paywalled_content":false,"_jetpack_memberships_contains_paid_content":false,"footnotes":""},"categories":[10,2],"tags":[],"class_list":["post-1034","post","type-post","status-publish","format-standard","hentry","category-centro","category-info"],"jetpack_featured_media_url":"","jetpack_sharing_enabled":true,"jetpack_shortlink":"https:\/\/wp.me\/p9VlHp-gG","jetpack-related-posts":[{"id":610,"url":"https:\/\/www.ceipmaestrorafaelbravomartin.es\/?p=610","url_meta":{"origin":1034,"position":0},"title":"SEIS DE DICIEMBRE","author":"CEIP Maestro Rafael Bravo Mart\u00edn","date":"27 noviembre, 2013","format":false,"excerpt":"El 6 de diciembre de 1978 el Pueblo Espa\u00f1ol ratific\u00f3 en Refer\u00e9ndum la Constituci\u00f3n Espa\u00f1ola, la norma m\u00e1s importante de todos los espa\u00f1oles y a la que deben someterse todas las dem\u00e1s leyes: \u00a0 Para que os resulte m\u00e1s comprensible: Durante el d\u00eda 5 de diciembre de 2013, podremos leer\u2026","rel":"","context":"En \u00abEl centro\u00bb","block_context":{"text":"El centro","link":"https:\/\/www.ceipmaestrorafaelbravomartin.es\/?cat=10"},"img":{"alt_text":"","src":"https:\/\/i0.wp.com\/1.bp.blogspot.com\/-BJSYGhogNXM\/UL8OfL-mPQI\/AAAAAAAAC3w\/yIyTGG1Ym7k\/s400\/Pantallazo.jpg?resize=350%2C200","width":350,"height":200},"classes":[]},{"id":616,"url":"https:\/\/www.ceipmaestrorafaelbravomartin.es\/?p=616","url_meta":{"origin":1034,"position":1},"title":"6 DE DICIEMBRE DE 2013","author":"CEIP Maestro Rafael Bravo Mart\u00edn","date":"3 diciembre, 2013","format":false,"excerpt":"Con motivo de la celebraci\u00f3n del D\u00eda de la Constituci\u00f3n, se llev\u00f3 a cabo el pasado jueves 5 de diciembre la lectura de varios art\u00edculos de la misma por un grupo de alumnas y alumnos de los distintos niveles desde Infantil de 5 a\u00f1os hasta 6\u00ba de Primaria, despu\u00e9s de\u2026","rel":"","context":"En \u00abEl centro\u00bb","block_context":{"text":"El centro","link":"https:\/\/www.ceipmaestrorafaelbravomartin.es\/?cat=10"},"img":{"alt_text":"","src":"","width":0,"height":0},"classes":[]},{"id":101,"url":"https:\/\/www.ceipmaestrorafaelbravomartin.es\/?p=101","url_meta":{"origin":1034,"position":2},"title":"Divi\u00e9rtete en el museo","author":"CEIP Maestro Rafael Bravo Mart\u00edn","date":"9 diciembre, 2010","format":false,"excerpt":"Si quieres pasar un buen rato en familia y adem\u00e1s conocer de forma divertida los restos paleontol\u00f3gicos y arqueol\u00f3gicos hallados en La Rinconada no dudes en visitar el Museo de la Rinconada.","rel":"","context":"En \u00abAyuntamiento\u00bb","block_context":{"text":"Ayuntamiento","link":"https:\/\/www.ceipmaestrorafaelbravomartin.es\/?cat=13"},"img":{"alt_text":"","src":"https:\/\/i0.wp.com\/www.ceipmaestrorafaelbravomartin.es\/wp-content\/uploads\/2010\/12\/diviertete%20en%20el%20museo.png?resize=350%2C200&ssl=1","width":350,"height":200},"classes":[]},{"id":252,"url":"https:\/\/www.ceipmaestrorafaelbravomartin.es\/?p=252","url_meta":{"origin":1034,"position":3},"title":"PERSONAL LABORAL DEL CENTRO","author":"CEIP Maestro Rafael Bravo Mart\u00edn","date":"3 mayo, 2012","format":false,"excerpt":"\u00a0\u00a0\u00a0 No ser\u00eda entendible hoy el funcionamiento de un Centro como el nuestro sin la labor llevada a cabo por el Personal Laboral dependiente de la Junta de Andaluc\u00eda, que forma parte de la plantilla del Centro. \u00a0\u00a0\u00a0 En la actualidad son un monitor\/a y un educador\/a los puestos asignados\u2026","rel":"","context":"En \u00abHistoria\u00bb","block_context":{"text":"Historia","link":"https:\/\/www.ceipmaestrorafaelbravomartin.es\/?cat=43"},"img":{"alt_text":"miguel","src":"https:\/\/i0.wp.com\/www.ceipmaestrorafaelbravomartin.es\/wp-content\/uploads\/2012\/05\/miguel.jpg?resize=350%2C200&ssl=1","width":350,"height":200,"srcset":"https:\/\/i0.wp.com\/www.ceipmaestrorafaelbravomartin.es\/wp-content\/uploads\/2012\/05\/miguel.jpg?resize=350%2C200&ssl=1 1x, https:\/\/i0.wp.com\/www.ceipmaestrorafaelbravomartin.es\/wp-content\/uploads\/2012\/05\/miguel.jpg?resize=525%2C300&ssl=1 1.5x, https:\/\/i0.wp.com\/www.ceipmaestrorafaelbravomartin.es\/wp-content\/uploads\/2012\/05\/miguel.jpg?resize=700%2C400&ssl=1 2x, https:\/\/i0.wp.com\/www.ceipmaestrorafaelbravomartin.es\/wp-content\/uploads\/2012\/05\/miguel.jpg?resize=1050%2C600&ssl=1 3x"},"classes":[]},{"id":3181,"url":"https:\/\/www.ceipmaestrorafaelbravomartin.es\/?p=3181","url_meta":{"origin":1034,"position":4},"title":"Elecciones al Consejo Escolar","author":"CEIP Maestro Rafael Bravo Mart\u00edn","date":"1 octubre, 2021","format":false,"excerpt":"En el mes de Octubre de 2021 se inicia el proceso electoral para la renovaci\u00f3n y constituci\u00f3n de los Consejos Escolares de los centros docentes sostenidos con fondos p\u00fablicos El calendario de celebraci\u00f3n es el siguiente: La Junta Electoral se constituir\u00e1 entre los d\u00edas 4 y 8 de octubre de\u2026","rel":"","context":"En \u00abSin categor\u00eda\u00bb","block_context":{"text":"Sin categor\u00eda","link":"https:\/\/www.ceipmaestrorafaelbravomartin.es\/?cat=1"},"img":{"alt_text":"","src":"","width":0,"height":0},"classes":[]},{"id":53,"url":"https:\/\/www.ceipmaestrorafaelbravomartin.es\/?p=53","url_meta":{"origin":1034,"position":5},"title":"Celebramos el D\u00eda de la Constituci\u00f3n","author":"CEIP Maestro Rafael Bravo Mart\u00edn","date":"26 diciembre, 2009","format":false,"excerpt":"\u00a0El viernes 4 de diciembre de 2009 celebramos en el cole el D\u00eda de la Constituci\u00f3n. Se realizaron distintos trabajos en clase y se culmin\u00f3 con un acto en el patio donde varios alumnos\/as, en representaci\u00f3n de las respectivas clases, leyeron algunos art\u00edculos de la Constituci\u00f3n. Para terminar, escuchamos el\u2026","rel":"","context":"En \u00abCurso 2009\/10\u00bb","block_context":{"text":"Curso 2009\/10","link":"https:\/\/www.ceipmaestrorafaelbravomartin.es\/?cat=27"},"img":{"alt_text":"","src":"","width":0,"height":0},"classes":[]}],"_links":{"self":[{"href":"https:\/\/www.ceipmaestrorafaelbravomartin.es\/index.php?rest_route=\/wp\/v2\/posts\/1034","targetHints":{"allow":["GET"]}}],"collection":[{"href":"https:\/\/www.ceipmaestrorafaelbravomartin.es\/index.php?rest_route=\/wp\/v2\/posts"}],"about":[{"href":"https:\/\/www.ceipmaestrorafaelbravomartin.es\/index.php?rest_route=\/wp\/v2\/types\/post"}],"author":[{"embeddable":true,"href":"https:\/\/www.ceipmaestrorafaelbravomartin.es\/index.php?rest_route=\/wp\/v2\/users\/4"}],"replies":[{"embeddable":true,"href":"https:\/\/www.ceipmaestrorafaelbravomartin.es\/index.php?rest_route=%2Fwp%2Fv2%2Fcomments&post=1034"}],"version-history":[{"count":2,"href":"https:\/\/www.ceipmaestrorafaelbravomartin.es\/index.php?rest_route=\/wp\/v2\/posts\/1034\/revisions"}],"predecessor-version":[{"id":1036,"href":"https:\/\/www.ceipmaestrorafaelbravomartin.es\/index.php?rest_route=\/wp\/v2\/posts\/1034\/revisions\/1036"}],"wp:attachment":[{"href":"https:\/\/www.ceipmaestrorafaelbravomartin.es\/index.php?rest_route=%2Fwp%2Fv2%2Fmedia&parent=1034"}],"wp:term":[{"taxonomy":"category","embeddable":true,"href":"https:\/\/www.ceipmaestrorafaelbravomartin.es\/index.php?rest_route=%2Fwp%2Fv2%2Fcategories&post=1034"},{"taxonomy":"post_tag","embeddable":true,"href":"https:\/\/www.ceipmaestrorafaelbravomartin.es\/index.php?rest_route=%2Fwp%2Fv2%2Ftags&post=1034"}],"curies":[{"name":"wp","href":"https:\/\/api.w.org\/{rel}","templated":true}]}}