{"id":1053,"date":"2014-12-18T12:00:08","date_gmt":"2014-12-18T11:00:08","guid":{"rendered":"http:\/\/blogasuncion.es\/?p=1053"},"modified":"2014-12-21T22:49:36","modified_gmt":"2014-12-21T21:49:36","slug":"con-nuestros-mejores-deseos","status":"publish","type":"post","link":"https:\/\/www.ceipmaestrorafaelbravomartin.es\/?p=1053","title":{"rendered":"Con nuestros MEJORES DESEOS"},"content":{"rendered":"<p style=\"text-align: center;\">Un a\u00f1o m\u00e1s, al llegar estas fechas, el profesorado y el alumnado de nuestro Centro quiere hacer llegar a toda la Comunidad Educativa del mismo<\/p>\n<p style=\"text-align: center;\"><strong>SUS MEJORES DESEOS<\/strong>.<\/p>\n<p style=\"text-align: center;\">Extendi\u00e9ndolos tambi\u00e9n a todos aquellos y aquellas que en alg\u00fan momento han formado parte de nuestro Cole, para que est\u00e9n donde est\u00e9n, sepan que siguen siendo parte de \u00e9l.<\/p>\n<p style=\"text-align: center;\"><iframe loading=\"lazy\" src=\"http:\/\/www.kizoa.com\/embed-16049162-P202314842o4l1\" height=\"480\" width=\"640\" allowfullscreen=\"\" frameborder=\"0\"><\/iframe><\/p>\n<p style=\"text-align: center;\">\u00a0Como la anterior diapositiva en algunos dispositivos m\u00f3viles no es posible su reproducci\u00f3n, a\u00f1adimos el siguiente enlace:<\/p>\n<p style=\"text-align: center;\"><a href=\"http:\/\/youtu.be\/xmCSfywbOMY\" target=\"_blank\"><span style=\"color: #ff0000;\"><strong>\u00a1FELICES FIESTAS!<\/strong><\/span><\/a><\/p>\n<p><iframe loading=\"lazy\" src=\"\/\/www.youtube.com\/embed\/gnUL-PkBDDE?rel=0\" height=\"360\" width=\"640\" allowfullscreen=\"\" frameborder=\"0\"><\/iframe><\/p>\n","protected":false},"excerpt":{"rendered":"<p>Un a\u00f1o m\u00e1s, al llegar estas fechas, el profesorado y el alumnado de nuestro Centro quiere hacer llegar a toda la Comunidad Educativa del mismo SUS MEJORES DESEOS. Extendi\u00e9ndolos tambi\u00e9n a todos aquellos y aquellas que en alg\u00fan momento han formado parte de nuestro Cole, para que est\u00e9n donde est\u00e9n, [&hellip;]<\/p>\n","protected":false},"author":4,"featured_media":0,"comment_status":"open","ping_status":"closed","sticky":false,"template":"","format":"standard","meta":{"jetpack_post_was_ever_published":false,"_jetpack_newsletter_access":"","_jetpack_dont_email_post_to_subs":false,"_jetpack_newsletter_tier_id":0,"_jetpack_memberships_contains_paywalled_content":false,"_jetpack_memberships_contains_paid_content":false,"footnotes":""},"categories":[10,103],"tags":[],"class_list":["post-1053","post","type-post","status-publish","format-standard","hentry","category-centro","category-eventos"],"jetpack_featured_media_url":"","jetpack_sharing_enabled":true,"jetpack_shortlink":"https:\/\/wp.me\/p9VlHp-gZ","jetpack-related-posts":[{"id":223,"url":"https:\/\/www.ceipmaestrorafaelbravomartin.es\/?p=223","url_meta":{"origin":1053,"position":0},"title":"PAZ","author":"CEIP Maestro Rafael Bravo Mart\u00edn","date":"30 enero, 2012","format":false,"excerpt":"\u00a0 {jcomments on} Con motivo de la celebraci\u00f3n del \"D\u00eda de la PAZ\", durante la semana pasada, se han elaborado distintos trabajos por todo el alumnado de Infantil y Primaria. Muchos de ellos han formado parte de la decoraci\u00f3n de nuestro Centro. En la siguiente presentaci\u00f3n de diapositivas, hemos intentado\u2026","rel":"","context":"En \u00abCurso 2011\/12\u00bb","block_context":{"text":"Curso 2011\/12","link":"https:\/\/www.ceipmaestrorafaelbravomartin.es\/?cat=45"},"img":{"alt_text":"","src":"","width":0,"height":0},"classes":[]},{"id":1140,"url":"https:\/\/www.ceipmaestrorafaelbravomartin.es\/?p=1140","url_meta":{"origin":1053,"position":1},"title":"D\u00eda Mundial del Medio Ambiente","author":"CEIP Maestro Rafael Bravo Mart\u00edn","date":"5 junio, 2015","format":false,"excerpt":"\u201cEste a\u00f1o de transformaciones, esperamos ver grandes avances en lo que respecta al desarrollo sostenible y el cambio clim\u00e1tico, celebremos el D\u00eda Mundial del Medio Ambiente siendo m\u00e1s conscientes de nuestro impacto ecol\u00f3gico. Pensemos en las consecuencias que tienen para el medio ambiente las elecciones que hacemos. Seamos mejores custodios\u2026","rel":"","context":"En \u00abEl centro\u00bb","block_context":{"text":"El centro","link":"https:\/\/www.ceipmaestrorafaelbravomartin.es\/?cat=10"},"img":{"alt_text":"WED-2015","src":"https:\/\/i0.wp.com\/blogasuncion.es\/wp-content\/uploads\/2015\/06\/WED-2015.jpg?resize=350%2C200","width":350,"height":200},"classes":[]},{"id":2054,"url":"https:\/\/www.ceipmaestrorafaelbravomartin.es\/?p=2054","url_meta":{"origin":1053,"position":2},"title":"H\u00c1BITOS DE VIDA SALUDABLE","author":"CEIP Maestro Rafael Bravo Mart\u00edn","date":"11 febrero, 2020","format":false,"excerpt":"En el marco del \u201cPlan Escolar de Consumo de Frutas y Hortalizas\", recurso para promover Estilos de Vida Saludable del que nuestro centro es beneficiario, nos comunican que hemos resultado seleccionados para recibir el\u00a0\"Kit de\u00a0Materiales para Huertos Escolares\u201d El\u00a0material del que consta el Kit se\u00a0repartir\u00e1\u00a0a los centros educativos beneficiarios\u00a0dividido\u00a0en dos\u2026","rel":"","context":"En \u00abEl centro\u00bb","block_context":{"text":"El centro","link":"https:\/\/www.ceipmaestrorafaelbravomartin.es\/?cat=10"},"img":{"alt_text":"","src":"https:\/\/i0.wp.com\/www.ceipmaestrorafaelbravomartin.es\/wp-content\/uploads\/2020\/02\/unnamed.jpg?resize=350%2C200","width":350,"height":200,"srcset":"https:\/\/i0.wp.com\/www.ceipmaestrorafaelbravomartin.es\/wp-content\/uploads\/2020\/02\/unnamed.jpg?resize=350%2C200 1x, https:\/\/i0.wp.com\/www.ceipmaestrorafaelbravomartin.es\/wp-content\/uploads\/2020\/02\/unnamed.jpg?resize=525%2C300 1.5x"},"classes":[]},{"id":33,"url":"https:\/\/www.ceipmaestrorafaelbravomartin.es\/?p=33","url_meta":{"origin":1053,"position":3},"title":"Centro TIC","author":"CEIP Maestro Rafael Bravo Mart\u00edn","date":"18 octubre, 2010","format":false,"excerpt":"Nuestra sociedad actual est\u00e1 caracterizada por cambios r\u00e1pidos y profundos, especialmente motivados por el desarrollo de las Nuevas Tecnolog\u00edas de la Informaci\u00f3n y el Conocimiento. La escuela no puede estar ajena a este fen\u00f3meno y tenemos la obligaci\u00f3n de preparar a nuestros alumnos y alumnas para esta sociedad, en la\u2026","rel":"","context":"En \u00abPlanes y programas\u00bb","block_context":{"text":"Planes y programas","link":"https:\/\/www.ceipmaestrorafaelbravomartin.es\/?cat=23"},"img":{"alt_text":"","src":"","width":0,"height":0},"classes":[]},{"id":2048,"url":"https:\/\/www.ceipmaestrorafaelbravomartin.es\/?p=2048","url_meta":{"origin":1053,"position":4},"title":"Las ni\u00f1as ya no quieren ser (s\u00f3lo) princesas","author":"CEIP Maestro Rafael Bravo Mart\u00edn","date":"11 febrero, 2020","format":false,"excerpt":"Desde el Plan de Coeducaci\u00f3n, se van a llevar a cabo durante esta semana diversas charlas al alumnado por parte de mujeres cient\u00edficas relacionadas de una u otra manera con nuestro Centro. El objetivo de las mismas, es hacer llegar al alumnado que la Ciencia est\u00e1 tambi\u00e9n al alcance de\u2026","rel":"","context":"En \u00abCoeducaci\u00f3n\u00bb","block_context":{"text":"Coeducaci\u00f3n","link":"https:\/\/www.ceipmaestrorafaelbravomartin.es\/?cat=114"},"img":{"alt_text":"","src":"https:\/\/i0.wp.com\/www.ceipmaestrorafaelbravomartin.es\/wp-content\/uploads\/2020\/02\/WhatsApp-Image-2020-02-11-at-09.13.17.jpeg?resize=350%2C200&ssl=1","width":350,"height":200,"srcset":"https:\/\/i0.wp.com\/www.ceipmaestrorafaelbravomartin.es\/wp-content\/uploads\/2020\/02\/WhatsApp-Image-2020-02-11-at-09.13.17.jpeg?resize=350%2C200&ssl=1 1x, https:\/\/i0.wp.com\/www.ceipmaestrorafaelbravomartin.es\/wp-content\/uploads\/2020\/02\/WhatsApp-Image-2020-02-11-at-09.13.17.jpeg?resize=525%2C300&ssl=1 1.5x, https:\/\/i0.wp.com\/www.ceipmaestrorafaelbravomartin.es\/wp-content\/uploads\/2020\/02\/WhatsApp-Image-2020-02-11-at-09.13.17.jpeg?resize=700%2C400&ssl=1 2x, https:\/\/i0.wp.com\/www.ceipmaestrorafaelbravomartin.es\/wp-content\/uploads\/2020\/02\/WhatsApp-Image-2020-02-11-at-09.13.17.jpeg?resize=1050%2C600&ssl=1 3x"},"classes":[]},{"id":66,"url":"https:\/\/www.ceipmaestrorafaelbravomartin.es\/?p=66","url_meta":{"origin":1053,"position":5},"title":"El colegio Asunci\u00f3n con la Roja.","author":"CEIP Maestro Rafael Bravo Mart\u00edn","date":"8 junio, 2010","format":false,"excerpt":"Hace unos d\u00edas que ha comenzado el mundial de f\u00fatbol de \"Sud\u00e1frica 2010\" y desde el centro queremos hacer part\u00edcipes a todos los ni\u00f1os\/as aportando nuestro granito de arena para hacer llegar a Sud\u00e1frica toda nuestra ilusi\u00f3n. Hoy mi\u00e9rcoles 16 de junio el alumnado del centro ha venido ataviado con\u2026","rel":"","context":"En \u00abCurso 2009\/10\u00bb","block_context":{"text":"Curso 2009\/10","link":"https:\/\/www.ceipmaestrorafaelbravomartin.es\/?cat=27"},"img":{"alt_text":"","src":"","width":0,"height":0},"classes":[]}],"_links":{"self":[{"href":"https:\/\/www.ceipmaestrorafaelbravomartin.es\/index.php?rest_route=\/wp\/v2\/posts\/1053","targetHints":{"allow":["GET"]}}],"collection":[{"href":"https:\/\/www.ceipmaestrorafaelbravomartin.es\/index.php?rest_route=\/wp\/v2\/posts"}],"about":[{"href":"https:\/\/www.ceipmaestrorafaelbravomartin.es\/index.php?rest_route=\/wp\/v2\/types\/post"}],"author":[{"embeddable":true,"href":"https:\/\/www.ceipmaestrorafaelbravomartin.es\/index.php?rest_route=\/wp\/v2\/users\/4"}],"replies":[{"embeddable":true,"href":"https:\/\/www.ceipmaestrorafaelbravomartin.es\/index.php?rest_route=%2Fwp%2Fv2%2Fcomments&post=1053"}],"version-history":[{"count":6,"href":"https:\/\/www.ceipmaestrorafaelbravomartin.es\/index.php?rest_route=\/wp\/v2\/posts\/1053\/revisions"}],"predecessor-version":[{"id":1057,"href":"https:\/\/www.ceipmaestrorafaelbravomartin.es\/index.php?rest_route=\/wp\/v2\/posts\/1053\/revisions\/1057"}],"wp:attachment":[{"href":"https:\/\/www.ceipmaestrorafaelbravomartin.es\/index.php?rest_route=%2Fwp%2Fv2%2Fmedia&parent=1053"}],"wp:term":[{"taxonomy":"category","embeddable":true,"href":"https:\/\/www.ceipmaestrorafaelbravomartin.es\/index.php?rest_route=%2Fwp%2Fv2%2Fcategories&post=1053"},{"taxonomy":"post_tag","embeddable":true,"href":"https:\/\/www.ceipmaestrorafaelbravomartin.es\/index.php?rest_route=%2Fwp%2Fv2%2Ftags&post=1053"}],"curies":[{"name":"wp","href":"https:\/\/api.w.org\/{rel}","templated":true}]}}