{"id":1060,"date":"2014-12-25T11:16:39","date_gmt":"2014-12-25T10:16:39","guid":{"rendered":"http:\/\/blogasuncion.es\/?p=1060"},"modified":"2014-12-25T11:17:13","modified_gmt":"2014-12-25T10:17:13","slug":"25-de-diciembre","status":"publish","type":"post","link":"https:\/\/www.ceipmaestrorafaelbravomartin.es\/?p=1060","title":{"rendered":"25 de Diciembre"},"content":{"rendered":"<p style=\"text-align: center;\">Para completar nuestra anterior entrada, hoy 25 de diciembre: <strong>NAVIDAD<\/strong>,<\/p>\n<p style=\"text-align: center;\">publicamos el v\u00eddeo donde recogemos una peque\u00f1a muestra de todas las actividades realizadas en nuestro Cole del 18 al 22 de diciembre.<\/p>\n<p><iframe loading=\"lazy\" src=\"\/\/www.youtube.com\/embed\/bIQwcTmKGCQ?rel=0\" height=\"360\" width=\"640\" allowfullscreen=\"\" frameborder=\"0\"><\/iframe><\/p>\n<p style=\"text-align: center;\"><span style=\"color: #0000ff;\"><strong>\u00a1 FELIZ NAVIDAD !<\/strong><\/span><\/p>\n","protected":false},"excerpt":{"rendered":"<p>Para completar nuestra anterior entrada, hoy 25 de diciembre: NAVIDAD, publicamos el v\u00eddeo donde recogemos una peque\u00f1a muestra de todas las actividades realizadas en nuestro Cole del 18 al 22 de diciembre. \u00a1 FELIZ NAVIDAD !<\/p>\n","protected":false},"author":4,"featured_media":0,"comment_status":"open","ping_status":"closed","sticky":false,"template":"","format":"standard","meta":{"jetpack_post_was_ever_published":false,"_jetpack_newsletter_access":"","_jetpack_dont_email_post_to_subs":false,"_jetpack_newsletter_tier_id":0,"_jetpack_memberships_contains_paywalled_content":false,"_jetpack_memberships_contains_paid_content":false,"footnotes":""},"categories":[10,103],"tags":[],"class_list":["post-1060","post","type-post","status-publish","format-standard","hentry","category-centro","category-eventos"],"jetpack_featured_media_url":"","jetpack_sharing_enabled":true,"jetpack_shortlink":"https:\/\/wp.me\/p9VlHp-h6","jetpack-related-posts":[{"id":2925,"url":"https:\/\/www.ceipmaestrorafaelbravomartin.es\/?p=2925","url_meta":{"origin":1060,"position":0},"title":"Ideas para un desayuno saludable navide\u00f1o","author":"CEIP Maestro Rafael Bravo Mart\u00edn","date":"14 diciembre, 2020","format":false,"excerpt":"Estimadas familias. La alimentaci\u00f3n es uno de los pilares fundamentales de la salud, as\u00ed desde el Plan de Creciendo en Salud, os proponemos las siguientes ideas para el desayuno que pueden traer al cole el d\u00eda 21 de diciembre. Os agradecemos de antemano vuestra colaboraci\u00f3n. Un saludo y felices fiestas.\u2026","rel":"","context":"En \u00abNavidad\u00bb","block_context":{"text":"Navidad","link":"https:\/\/www.ceipmaestrorafaelbravomartin.es\/?cat=111"},"img":{"alt_text":"","src":"","width":0,"height":0},"classes":[]},{"id":1793,"url":"https:\/\/www.ceipmaestrorafaelbravomartin.es\/?p=1793","url_meta":{"origin":1060,"position":1},"title":"TARJETAS NAVIDE\u00d1AS","author":"CEIP Maestro Rafael Bravo Mart\u00edn","date":"7 diciembre, 2017","format":false,"excerpt":"En la semana del 17 al 22 de diciembre, el alumnado de SEXTO, tiene prevista la visita a la Residencia de Ancianos de Alcal\u00e1 del R\u00edo. Quieren llevar a nuestros mayores un poquito de alegr\u00eda en estas fechas pr\u00f3ximas a la Navidad. Cantar\u00e1n para ellos y con ellos, algunos villancicos\u2026","rel":"","context":"En \u00abActividades extraescolares\u00bb","block_context":{"text":"Actividades extraescolares","link":"https:\/\/www.ceipmaestrorafaelbravomartin.es\/?cat=14"},"img":{"alt_text":"","src":"","width":0,"height":0},"classes":[]},{"id":118,"url":"https:\/\/www.ceipmaestrorafaelbravomartin.es\/?p=118","url_meta":{"origin":1060,"position":2},"title":"Actuaci\u00f3n del Coro \u00abLos Zambombe\u00f1os\u00bb","author":"CEIP Maestro Rafael Bravo Mart\u00edn","date":"24 diciembre, 2010","format":false,"excerpt":"A continuaci\u00f3n os mostramos un peque\u00f1o v\u00eddeo de la gran actuaci\u00f3n que el\u00a0 Coro de campanilleros \"Los Zambombe\u00f1os\" realiz\u00f3 en nuestro Centro el pasado lunes 20 de diciembre.Ha sido un placer disfrutar de vuestra actuaci\u00f3n. Gracias. \u00a0","rel":"","context":"En \u00abCurso 2010\/11\u00bb","block_context":{"text":"Curso 2010\/11","link":"https:\/\/www.ceipmaestrorafaelbravomartin.es\/?cat=40"},"img":{"alt_text":"","src":"","width":0,"height":0},"classes":[]},{"id":1034,"url":"https:\/\/www.ceipmaestrorafaelbravomartin.es\/?p=1034","url_meta":{"origin":1060,"position":3},"title":"SEIS DE DICIEMBRE","author":"CEIP Maestro Rafael Bravo Mart\u00edn","date":"5 diciembre, 2014","format":false,"excerpt":"El 6 de diciembre de 1978 el Pueblo Espa\u00f1ol ratific\u00f3 en Refer\u00e9ndum la Constituci\u00f3n Espa\u00f1ola,la norma m\u00e1s importante de todos los espa\u00f1oles y a la que deben someterse todas las dem\u00e1s leyes: Para que os resulte m\u00e1s comprensible: Durante el d\u00eda 5 de diciembre de 2014, podremos leer y comentar\u2026","rel":"","context":"En \u00abEl centro\u00bb","block_context":{"text":"El centro","link":"https:\/\/www.ceipmaestrorafaelbravomartin.es\/?cat=10"},"img":{"alt_text":"","src":"","width":0,"height":0},"classes":[]},{"id":610,"url":"https:\/\/www.ceipmaestrorafaelbravomartin.es\/?p=610","url_meta":{"origin":1060,"position":4},"title":"SEIS DE DICIEMBRE","author":"CEIP Maestro Rafael Bravo Mart\u00edn","date":"27 noviembre, 2013","format":false,"excerpt":"El 6 de diciembre de 1978 el Pueblo Espa\u00f1ol ratific\u00f3 en Refer\u00e9ndum la Constituci\u00f3n Espa\u00f1ola, la norma m\u00e1s importante de todos los espa\u00f1oles y a la que deben someterse todas las dem\u00e1s leyes: \u00a0 Para que os resulte m\u00e1s comprensible: Durante el d\u00eda 5 de diciembre de 2013, podremos leer\u2026","rel":"","context":"En \u00abEl centro\u00bb","block_context":{"text":"El centro","link":"https:\/\/www.ceipmaestrorafaelbravomartin.es\/?cat=10"},"img":{"alt_text":"","src":"https:\/\/i0.wp.com\/1.bp.blogspot.com\/-BJSYGhogNXM\/UL8OfL-mPQI\/AAAAAAAAC3w\/yIyTGG1Ym7k\/s400\/Pantallazo.jpg?resize=350%2C200","width":350,"height":200},"classes":[]},{"id":616,"url":"https:\/\/www.ceipmaestrorafaelbravomartin.es\/?p=616","url_meta":{"origin":1060,"position":5},"title":"6 DE DICIEMBRE DE 2013","author":"CEIP Maestro Rafael Bravo Mart\u00edn","date":"3 diciembre, 2013","format":false,"excerpt":"Con motivo de la celebraci\u00f3n del D\u00eda de la Constituci\u00f3n, se llev\u00f3 a cabo el pasado jueves 5 de diciembre la lectura de varios art\u00edculos de la misma por un grupo de alumnas y alumnos de los distintos niveles desde Infantil de 5 a\u00f1os hasta 6\u00ba de Primaria, despu\u00e9s de\u2026","rel":"","context":"En \u00abEl centro\u00bb","block_context":{"text":"El centro","link":"https:\/\/www.ceipmaestrorafaelbravomartin.es\/?cat=10"},"img":{"alt_text":"","src":"","width":0,"height":0},"classes":[]}],"_links":{"self":[{"href":"https:\/\/www.ceipmaestrorafaelbravomartin.es\/index.php?rest_route=\/wp\/v2\/posts\/1060","targetHints":{"allow":["GET"]}}],"collection":[{"href":"https:\/\/www.ceipmaestrorafaelbravomartin.es\/index.php?rest_route=\/wp\/v2\/posts"}],"about":[{"href":"https:\/\/www.ceipmaestrorafaelbravomartin.es\/index.php?rest_route=\/wp\/v2\/types\/post"}],"author":[{"embeddable":true,"href":"https:\/\/www.ceipmaestrorafaelbravomartin.es\/index.php?rest_route=\/wp\/v2\/users\/4"}],"replies":[{"embeddable":true,"href":"https:\/\/www.ceipmaestrorafaelbravomartin.es\/index.php?rest_route=%2Fwp%2Fv2%2Fcomments&post=1060"}],"version-history":[{"count":3,"href":"https:\/\/www.ceipmaestrorafaelbravomartin.es\/index.php?rest_route=\/wp\/v2\/posts\/1060\/revisions"}],"predecessor-version":[{"id":1063,"href":"https:\/\/www.ceipmaestrorafaelbravomartin.es\/index.php?rest_route=\/wp\/v2\/posts\/1060\/revisions\/1063"}],"wp:attachment":[{"href":"https:\/\/www.ceipmaestrorafaelbravomartin.es\/index.php?rest_route=%2Fwp%2Fv2%2Fmedia&parent=1060"}],"wp:term":[{"taxonomy":"category","embeddable":true,"href":"https:\/\/www.ceipmaestrorafaelbravomartin.es\/index.php?rest_route=%2Fwp%2Fv2%2Fcategories&post=1060"},{"taxonomy":"post_tag","embeddable":true,"href":"https:\/\/www.ceipmaestrorafaelbravomartin.es\/index.php?rest_route=%2Fwp%2Fv2%2Ftags&post=1060"}],"curies":[{"name":"wp","href":"https:\/\/api.w.org\/{rel}","templated":true}]}}