{"id":1066,"date":"2015-01-19T09:00:37","date_gmt":"2015-01-19T08:00:37","guid":{"rendered":"http:\/\/blogasuncion.es\/?p=1066"},"modified":"2015-01-11T19:35:15","modified_gmt":"2015-01-11T18:35:15","slug":"rafael-bravo-martin","status":"publish","type":"post","link":"https:\/\/www.ceipmaestrorafaelbravomartin.es\/?p=1066","title":{"rendered":"Rafael Bravo Mart\u00edn"},"content":{"rendered":"<p style=\"text-align: center;\"><em><strong><a href=\"http:\/\/blogasuncion.es\/wp-content\/uploads\/2015\/01\/19-de-enero-2015.jpg\"><img loading=\"lazy\" decoding=\"async\" data-attachment-id=\"1068\" data-permalink=\"https:\/\/www.ceipmaestrorafaelbravomartin.es\/?attachment_id=1068\" data-orig-file=\"https:\/\/www.ceipmaestrorafaelbravomartin.es\/wp-content\/uploads\/2015\/01\/19-de-enero-2015.jpg\" data-orig-size=\"1440,1080\" data-comments-opened=\"0\" data-image-meta=\"{&quot;aperture&quot;:&quot;0&quot;,&quot;credit&quot;:&quot;&quot;,&quot;camera&quot;:&quot;&quot;,&quot;caption&quot;:&quot;&quot;,&quot;created_timestamp&quot;:&quot;0&quot;,&quot;copyright&quot;:&quot;&quot;,&quot;focal_length&quot;:&quot;0&quot;,&quot;iso&quot;:&quot;0&quot;,&quot;shutter_speed&quot;:&quot;0&quot;,&quot;title&quot;:&quot;&quot;}\" data-image-title=\"19 de enero 2015\" data-image-description=\"\" data-image-caption=\"\" data-medium-file=\"https:\/\/www.ceipmaestrorafaelbravomartin.es\/wp-content\/uploads\/2015\/01\/19-de-enero-2015-300x225.jpg\" data-large-file=\"https:\/\/www.ceipmaestrorafaelbravomartin.es\/wp-content\/uploads\/2015\/01\/19-de-enero-2015-1024x768.jpg\" class=\"aligncenter size-large wp-image-1068\" alt=\"19 de enero 2015\" src=\"http:\/\/blogasuncion.es\/wp-content\/uploads\/2015\/01\/19-de-enero-2015-1024x768.jpg\" width=\"584\" height=\"438\" srcset=\"https:\/\/www.ceipmaestrorafaelbravomartin.es\/wp-content\/uploads\/2015\/01\/19-de-enero-2015-1024x768.jpg 1024w, https:\/\/www.ceipmaestrorafaelbravomartin.es\/wp-content\/uploads\/2015\/01\/19-de-enero-2015-300x225.jpg 300w, https:\/\/www.ceipmaestrorafaelbravomartin.es\/wp-content\/uploads\/2015\/01\/19-de-enero-2015-400x300.jpg 400w, https:\/\/www.ceipmaestrorafaelbravomartin.es\/wp-content\/uploads\/2015\/01\/19-de-enero-2015.jpg 1440w\" sizes=\"auto, (max-width: 584px) 100vw, 584px\" \/><\/a>Ense\u00f1ar\u00e1<\/strong><\/em><em><strong>s a volar,<\/strong><\/em><br \/>\n<em><strong> pero no volar\u00e1n tu vuelo.<\/strong><\/em><br \/>\n<em><strong> Ense\u00f1ar\u00e1s a so\u00f1ar,<\/strong><\/em><br \/>\n<em><strong> pero <\/strong><\/em><em><strong>no so\u00f1ar<\/strong><\/em><em><strong>\u00e1n tu sue\u00f1o.<\/strong><\/em><br \/>\n<em><strong> Ense\u00f1ar\u00e1s a vivir,<\/strong><\/em><br \/>\n<em><strong> pero no vivir\u00e1n tu<\/strong><\/em><em><strong> vida.<\/strong><\/em><br \/>\n<em><strong> Sin embargo\u2026<\/strong><\/em><br \/>\n<em><strong> en cada vuelo,<\/strong><\/em><br \/>\n<em><strong> en cada vida,<\/strong><\/em><br \/>\n<em><strong> en cada sue\u00f1o,<\/strong><\/em><br \/>\n<em><strong> perdurar\u00e1 siempre la huella<\/strong><\/em><br \/>\n<em><strong> del camino ense\u00f1ado.<\/strong><\/em><\/p>\n<p style=\"text-align: right;\">Madre Teresa de Calcuta<\/p>\n","protected":false},"excerpt":{"rendered":"<p>Ense\u00f1ar\u00e1s a volar, pero no volar\u00e1n tu vuelo. Ense\u00f1ar\u00e1s a so\u00f1ar, pero no so\u00f1ar\u00e1n tu sue\u00f1o. Ense\u00f1ar\u00e1s a vivir, pero no vivir\u00e1n tu vida. Sin embargo\u2026 en cada vuelo, en cada vida, en cada sue\u00f1o, perdurar\u00e1 siempre la huella del camino ense\u00f1ado. Madre Teresa de Calcuta<\/p>\n","protected":false},"author":4,"featured_media":0,"comment_status":"open","ping_status":"closed","sticky":false,"template":"","format":"standard","meta":{"jetpack_post_was_ever_published":false,"_jetpack_newsletter_access":"","_jetpack_dont_email_post_to_subs":false,"_jetpack_newsletter_tier_id":0,"_jetpack_memberships_contains_paywalled_content":false,"_jetpack_memberships_contains_paid_content":false,"footnotes":""},"categories":[24,3],"tags":[],"class_list":["post-1066","post","type-post","status-publish","format-standard","hentry","category-c59-dedicatorias","category-noticiero"],"jetpack_featured_media_url":"","jetpack_sharing_enabled":true,"jetpack_shortlink":"https:\/\/wp.me\/p9VlHp-hc","jetpack-related-posts":[{"id":158,"url":"https:\/\/www.ceipmaestrorafaelbravomartin.es\/?p=158","url_meta":{"origin":1066,"position":0},"title":"EL TROMPO, UN MUNDO DE AMIGOS","author":"CEIP Maestro Rafael Bravo Mart\u00edn","date":"24 mayo, 2011","format":false,"excerpt":"Desde el \u00e1rea de Educaci\u00f3n F\u00edsica fomentamos la pr\u00e1ctica de Juegos Populares y Tradicionales, esos que conocemos como \" Los juegos de toda la vida\". Uno de ellos es el trompo o peonza. Llevamos varios a\u00f1os realizando un concurso de decoraci\u00f3n, donde los alumnos\/as pintan y decoran sus trompos. Un\u2026","rel":"","context":"En \u00abEd. F\u00edsica\u00bb","block_context":{"text":"Ed. F\u00edsica","link":"https:\/\/www.ceipmaestrorafaelbravomartin.es\/?cat=28"},"img":{"alt_text":"","src":"","width":0,"height":0},"classes":[]},{"id":34,"url":"https:\/\/www.ceipmaestrorafaelbravomartin.es\/?p=34","url_meta":{"origin":1066,"position":1},"title":"Biblioteca Escolar","author":"CEIP Maestro Rafael Bravo Mart\u00edn","date":"18 octubre, 2010","format":false,"excerpt":"El colegio p\u00fablico Nuestra Se\u00f1ora de Asunci\u00f3n de Alcal\u00e1 del R\u00edo dispone de una magnifica biblioteca de centro, instalada en una sala de la segunda planta , dicha sala est\u00e1 habilitada con 9 mesas y unas 40 sillas para la lectura y el estudio, 5 estanter\u00edas grandes\u00a0 de madera de\u2026","rel":"","context":"En \u00abPlanes y programas\u00bb","block_context":{"text":"Planes y programas","link":"https:\/\/www.ceipmaestrorafaelbravomartin.es\/?cat=23"},"img":{"alt_text":"","src":"","width":0,"height":0},"classes":[]},{"id":1644,"url":"https:\/\/www.ceipmaestrorafaelbravomartin.es\/?p=1644","url_meta":{"origin":1066,"position":2},"title":"RAFAEL&#8230; cuarto aniversario.","author":"CEIP Maestro Rafael Bravo Mart\u00edn","date":"18 enero, 2017","format":false,"excerpt":"Siempre te diferenciaste por tu car\u00e1cter, por tu apoyo... aquellas personas que logramos conocerte tuvimos mucha suerte por habernos cruzado contigo. Hace ya cuatro a\u00f1os que no est\u00e1s aqu\u00ed, pero seguimos teni\u00e9ndote en nuestro pensamiento. Permaneces en tu COLE. Seguimos recordando que nuestro cole decidi\u00f3 unirse a la campa\u00f1a de\u2026","rel":"","context":"En \u00abDedicatorias\u00bb","block_context":{"text":"Dedicatorias","link":"https:\/\/www.ceipmaestrorafaelbravomartin.es\/?cat=24"},"img":{"alt_text":"19-1-27","src":"https:\/\/i0.wp.com\/www.ceipmaestrorafaelbravomartin.es\/wp-content\/uploads\/2017\/01\/19-1-27-1024x751.jpg?resize=350%2C200","width":350,"height":200,"srcset":"https:\/\/i0.wp.com\/www.ceipmaestrorafaelbravomartin.es\/wp-content\/uploads\/2017\/01\/19-1-27-1024x751.jpg?resize=350%2C200 1x, https:\/\/i0.wp.com\/www.ceipmaestrorafaelbravomartin.es\/wp-content\/uploads\/2017\/01\/19-1-27-1024x751.jpg?resize=525%2C300 1.5x"},"classes":[]},{"id":270,"url":"https:\/\/www.ceipmaestrorafaelbravomartin.es\/?p=270","url_meta":{"origin":1066,"position":3},"title":"Ntra. Sra. de la Asunci\u00f3n DE ROSA","author":"CEIP Maestro Rafael Bravo Mart\u00edn","date":"12 octubre, 2012","format":false,"excerpt":"Nosotras y nosotros, no pudimos te\u00f1ir nuestro Cole de rosa como el Santiago Bernabeu, El London Eye en Londres, o las Cataratas del Ni\u00e1gara, pero casi lo envolvimos con nuestros folios coloreados y personalizados, para mostrar nuestro apoyo a todas LAS NI\u00d1AS, que s\u00f3lo por el hecho de serlo, son\u2026","rel":"","context":"En \u00abEl centro\u00bb","block_context":{"text":"El centro","link":"https:\/\/www.ceipmaestrorafaelbravomartin.es\/?cat=10"},"img":{"alt_text":"","src":"https:\/\/i0.wp.com\/www.ceipmaestrorafaelbravomartin.es\/wp-content\/uploads\/2012\/10\/image-2-for-world-in-pictures-october-11-2012-gallery-77588212.jpg?resize=350%2C200&ssl=1","width":350,"height":200,"srcset":"https:\/\/i0.wp.com\/www.ceipmaestrorafaelbravomartin.es\/wp-content\/uploads\/2012\/10\/image-2-for-world-in-pictures-october-11-2012-gallery-77588212.jpg?resize=350%2C200&ssl=1 1x, https:\/\/i0.wp.com\/www.ceipmaestrorafaelbravomartin.es\/wp-content\/uploads\/2012\/10\/image-2-for-world-in-pictures-october-11-2012-gallery-77588212.jpg?resize=525%2C300&ssl=1 1.5x"},"classes":[]},{"id":3217,"url":"https:\/\/www.ceipmaestrorafaelbravomartin.es\/?p=3217","url_meta":{"origin":1066,"position":4},"title":"RAFAEL","author":"CEIP Maestro Rafael Bravo Mart\u00edn","date":"19 enero, 2022","format":false,"excerpt":"Nueve a\u00f1os han pasado, pero el tiempo es caprichoso y juega con nuestra memoria. Sigues estando en tu cole y en nuestros recuerdos y, mientras que as\u00ed sea, estar\u00e1s en quienes tuvimos la suerte de conocerte. No te digo adi\u00f3s, s\u00f3lo te puedo decir: MERECI\u00d3 LA PENA. Aurora","rel":"","context":"En \u00abDedicatorias\u00bb","block_context":{"text":"Dedicatorias","link":"https:\/\/www.ceipmaestrorafaelbravomartin.es\/?cat=24"},"img":{"alt_text":"","src":"https:\/\/i0.wp.com\/www.ceipmaestrorafaelbravomartin.es\/wp-content\/uploads\/2022\/01\/collage_2022-00-02_18-29-29.png?resize=350%2C200&ssl=1","width":350,"height":200,"srcset":"https:\/\/i0.wp.com\/www.ceipmaestrorafaelbravomartin.es\/wp-content\/uploads\/2022\/01\/collage_2022-00-02_18-29-29.png?resize=350%2C200&ssl=1 1x, https:\/\/i0.wp.com\/www.ceipmaestrorafaelbravomartin.es\/wp-content\/uploads\/2022\/01\/collage_2022-00-02_18-29-29.png?resize=525%2C300&ssl=1 1.5x, https:\/\/i0.wp.com\/www.ceipmaestrorafaelbravomartin.es\/wp-content\/uploads\/2022\/01\/collage_2022-00-02_18-29-29.png?resize=700%2C400&ssl=1 2x, https:\/\/i0.wp.com\/www.ceipmaestrorafaelbravomartin.es\/wp-content\/uploads\/2022\/01\/collage_2022-00-02_18-29-29.png?resize=1050%2C600&ssl=1 3x, https:\/\/i0.wp.com\/www.ceipmaestrorafaelbravomartin.es\/wp-content\/uploads\/2022\/01\/collage_2022-00-02_18-29-29.png?resize=1400%2C800&ssl=1 4x"},"classes":[]},{"id":25,"url":"https:\/\/www.ceipmaestrorafaelbravomartin.es\/?p=25","url_meta":{"origin":1066,"position":5},"title":"Consejos para padres y madres.","author":"CEIP Maestro Rafael Bravo Mart\u00edn","date":"14 octubre, 2010","format":false,"excerpt":"\u00a0Normas sobre lecturas para padres y madres:","rel":"","context":"En \u00abInformaci\u00f3n\u00bb","block_context":{"text":"Informaci\u00f3n","link":"https:\/\/www.ceipmaestrorafaelbravomartin.es\/?cat=20"},"img":{"alt_text":"","src":"","width":0,"height":0},"classes":[]}],"_links":{"self":[{"href":"https:\/\/www.ceipmaestrorafaelbravomartin.es\/index.php?rest_route=\/wp\/v2\/posts\/1066","targetHints":{"allow":["GET"]}}],"collection":[{"href":"https:\/\/www.ceipmaestrorafaelbravomartin.es\/index.php?rest_route=\/wp\/v2\/posts"}],"about":[{"href":"https:\/\/www.ceipmaestrorafaelbravomartin.es\/index.php?rest_route=\/wp\/v2\/types\/post"}],"author":[{"embeddable":true,"href":"https:\/\/www.ceipmaestrorafaelbravomartin.es\/index.php?rest_route=\/wp\/v2\/users\/4"}],"replies":[{"embeddable":true,"href":"https:\/\/www.ceipmaestrorafaelbravomartin.es\/index.php?rest_route=%2Fwp%2Fv2%2Fcomments&post=1066"}],"version-history":[{"count":5,"href":"https:\/\/www.ceipmaestrorafaelbravomartin.es\/index.php?rest_route=\/wp\/v2\/posts\/1066\/revisions"}],"predecessor-version":[{"id":1072,"href":"https:\/\/www.ceipmaestrorafaelbravomartin.es\/index.php?rest_route=\/wp\/v2\/posts\/1066\/revisions\/1072"}],"wp:attachment":[{"href":"https:\/\/www.ceipmaestrorafaelbravomartin.es\/index.php?rest_route=%2Fwp%2Fv2%2Fmedia&parent=1066"}],"wp:term":[{"taxonomy":"category","embeddable":true,"href":"https:\/\/www.ceipmaestrorafaelbravomartin.es\/index.php?rest_route=%2Fwp%2Fv2%2Fcategories&post=1066"},{"taxonomy":"post_tag","embeddable":true,"href":"https:\/\/www.ceipmaestrorafaelbravomartin.es\/index.php?rest_route=%2Fwp%2Fv2%2Ftags&post=1066"}],"curies":[{"name":"wp","href":"https:\/\/api.w.org\/{rel}","templated":true}]}}