{"id":1077,"date":"2015-01-30T21:33:12","date_gmt":"2015-01-30T20:33:12","guid":{"rendered":"http:\/\/blogasuncion.es\/?p=1077"},"modified":"2015-01-31T09:45:15","modified_gmt":"2015-01-31T08:45:15","slug":"30-de-enero-dia-escolar-de-la-no-violencia-y-la-paz","status":"publish","type":"post","link":"https:\/\/www.ceipmaestrorafaelbravomartin.es\/?p=1077","title":{"rendered":"30 de enero: D\u00eda Escolar de la NO Violencia y la PAZ"},"content":{"rendered":"<p style=\"text-align: center;\"><strong>Senbazuru:<\/strong><\/p>\n<p style=\"text-align: center;\">Una idea que surge simult\u00e1neamente en segundo y tercer ciclo &#8230;<strong>\u00a1!<\/strong><\/p>\n<p style=\"text-align: center;\">Se propopone al alumnado, y este responde con entusiasmo<\/p>\n<p style=\"text-align: center;\">implic\u00e1ndose toda la comunidad educativa.<\/p>\n<p style=\"text-align: center;\">Todo un \u00e9xito para el centro.<\/p>\n<p><iframe loading=\"lazy\" src=\"https:\/\/www.youtube.com\/embed\/z3sT4oUmCuk?rel=0\" height=\"360\" width=\"640\" allowfullscreen=\"\" frameborder=\"0\"><\/iframe><\/p>\n","protected":false},"excerpt":{"rendered":"<p>Senbazuru: Una idea que surge simult\u00e1neamente en segundo y tercer ciclo &#8230;\u00a1! Se propopone al alumnado, y este responde con entusiasmo implic\u00e1ndose toda la comunidad educativa. Todo un \u00e9xito para el centro.<\/p>\n","protected":false},"author":4,"featured_media":0,"comment_status":"closed","ping_status":"closed","sticky":false,"template":"","format":"standard","meta":{"jetpack_post_was_ever_published":false,"_jetpack_newsletter_access":"","_jetpack_dont_email_post_to_subs":false,"_jetpack_newsletter_tier_id":0,"_jetpack_memberships_contains_paywalled_content":false,"_jetpack_memberships_contains_paid_content":false,"footnotes":""},"categories":[103,3],"tags":[],"class_list":["post-1077","post","type-post","status-publish","format-standard","hentry","category-eventos","category-noticiero"],"jetpack_featured_media_url":"","jetpack_sharing_enabled":true,"jetpack_shortlink":"https:\/\/wp.me\/p9VlHp-hn","jetpack-related-posts":[{"id":34,"url":"https:\/\/www.ceipmaestrorafaelbravomartin.es\/?p=34","url_meta":{"origin":1077,"position":0},"title":"Biblioteca Escolar","author":"CEIP Maestro Rafael Bravo Mart\u00edn","date":"18 octubre, 2010","format":false,"excerpt":"El colegio p\u00fablico Nuestra Se\u00f1ora de Asunci\u00f3n de Alcal\u00e1 del R\u00edo dispone de una magnifica biblioteca de centro, instalada en una sala de la segunda planta , dicha sala est\u00e1 habilitada con 9 mesas y unas 40 sillas para la lectura y el estudio, 5 estanter\u00edas grandes\u00a0 de madera de\u2026","rel":"","context":"En \u00abPlanes y programas\u00bb","block_context":{"text":"Planes y programas","link":"https:\/\/www.ceipmaestrorafaelbravomartin.es\/?cat=23"},"img":{"alt_text":"","src":"","width":0,"height":0},"classes":[]},{"id":1947,"url":"https:\/\/www.ceipmaestrorafaelbravomartin.es\/?p=1947","url_meta":{"origin":1077,"position":1},"title":"Plan de coeducaci\u00f3n.","author":"CEIP Maestro Rafael Bravo Mart\u00edn","date":"25 abril, 2019","format":false,"excerpt":"El compromiso de nuestro colegio con la Igualdad de Oportunidades entre mujeres y hombres es una constante en todas nuestras actuaciones, trabajamos firmemente para eliminar las desigualdades existentes y avanzar en la consecuci\u00f3n de una sociedad justa y equitativa para todas y todos. Partimos de la Educaci\u00f3n como principio fundamental\u2026","rel":"","context":"En \u00abCoeducaci\u00f3n\u00bb","block_context":{"text":"Coeducaci\u00f3n","link":"https:\/\/www.ceipmaestrorafaelbravomartin.es\/?cat=114"},"img":{"alt_text":"","src":"","width":0,"height":0},"classes":[]},{"id":1830,"url":"https:\/\/www.ceipmaestrorafaelbravomartin.es\/?p=1830","url_meta":{"origin":1077,"position":2},"title":"Coeducaci\u00f3n.","author":"CEIP Maestro Rafael Bravo Mart\u00edn","date":"18 abril, 2018","format":false,"excerpt":"Ahora que se acerca el d\u00eda del libro (23 de abril) y para lograr uno de nuestros objetivos principales: la transmisi\u00f3n de valores, actitudes y modelos de referencia personales y colectivos, que contribuyan a la tan ansiada igualdad, desde\u00a0coeducaci\u00f3n\u00a0queremos contribuir a que ni\u00f1os\/as accedan a un tipo de literatura que\u2026","rel":"","context":"En \u00abCoeducaci\u00f3n\u00bb","block_context":{"text":"Coeducaci\u00f3n","link":"https:\/\/www.ceipmaestrorafaelbravomartin.es\/?cat=114"},"img":{"alt_text":"","src":"","width":0,"height":0},"classes":[]},{"id":2035,"url":"https:\/\/www.ceipmaestrorafaelbravomartin.es\/?p=2035","url_meta":{"origin":1077,"position":3},"title":"D\u00cdA INTERNACIONAL DE LA MUJER Y LA NI\u00d1A EN LA CIENCIA","author":"CEIP Maestro Rafael Bravo Mart\u00edn","date":"8 febrero, 2020","format":false,"excerpt":"En la actualidad, las mujeres y ni\u00f1as encuentran barreras de muchos tipos, a veces muy sutiles, que dificultan su presencia en la ciencia. El 15 de diciembre de 2015 la Asamblea General de las Naciones Unidas proclam\u00f3 el 11 de febrero\u00a0D\u00eda Internacional de la Mujer y la Ni\u00f1a en la\u2026","rel":"","context":"En \u00abCoeducaci\u00f3n\u00bb","block_context":{"text":"Coeducaci\u00f3n","link":"https:\/\/www.ceipmaestrorafaelbravomartin.es\/?cat=114"},"img":{"alt_text":"","src":"https:\/\/i0.wp.com\/www.ceipmaestrorafaelbravomartin.es\/wp-content\/uploads\/2020\/02\/Cartel-Isabel-Fern%C3%A1ndez.jpg?resize=350%2C200&ssl=1","width":350,"height":200,"srcset":"https:\/\/i0.wp.com\/www.ceipmaestrorafaelbravomartin.es\/wp-content\/uploads\/2020\/02\/Cartel-Isabel-Fern%C3%A1ndez.jpg?resize=350%2C200&ssl=1 1x, https:\/\/i0.wp.com\/www.ceipmaestrorafaelbravomartin.es\/wp-content\/uploads\/2020\/02\/Cartel-Isabel-Fern%C3%A1ndez.jpg?resize=525%2C300&ssl=1 1.5x, https:\/\/i0.wp.com\/www.ceipmaestrorafaelbravomartin.es\/wp-content\/uploads\/2020\/02\/Cartel-Isabel-Fern%C3%A1ndez.jpg?resize=700%2C400&ssl=1 2x, https:\/\/i0.wp.com\/www.ceipmaestrorafaelbravomartin.es\/wp-content\/uploads\/2020\/02\/Cartel-Isabel-Fern%C3%A1ndez.jpg?resize=1050%2C600&ssl=1 3x, https:\/\/i0.wp.com\/www.ceipmaestrorafaelbravomartin.es\/wp-content\/uploads\/2020\/02\/Cartel-Isabel-Fern%C3%A1ndez.jpg?resize=1400%2C800&ssl=1 4x"},"classes":[]},{"id":2960,"url":"https:\/\/www.ceipmaestrorafaelbravomartin.es\/?p=2960","url_meta":{"origin":1077,"position":4},"title":"D\u00eda de la Paz y la No Violencia","author":"CEIP Maestro Rafael Bravo Mart\u00edn","date":"4 febrero, 2021","format":false,"excerpt":"El mensaje b\u00e1sico de este d\u00eda es: \u201cAmor universal, No-violencia y Paz\u201d. El Amor universal es mejor que el ego\u00edsmo, la No-violencia es mejor que la violencia y la Paz es mejor que la guerra\u2019. La educaci\u00f3n en y para la tolerancia, la solidaridad, la concordia, el respeto a los\u2026","rel":"","context":"En \u00abD\u00eda de la Paz\u00bb","block_context":{"text":"D\u00eda de la Paz","link":"https:\/\/www.ceipmaestrorafaelbravomartin.es\/?cat=134"},"img":{"alt_text":"","src":"https:\/\/i0.wp.com\/img.youtube.com\/vi\/7xkvB33-Gis\/0.jpg?resize=350%2C200","width":350,"height":200},"classes":[]},{"id":30,"url":"https:\/\/www.ceipmaestrorafaelbravomartin.es\/?p=30","url_meta":{"origin":1077,"position":5},"title":"Tr\u00e1nsito Infantil-Primaria.","author":"CEIP Maestro Rafael Bravo Mart\u00edn","date":"15 octubre, 2010","format":false,"excerpt":"El Programa de Tr\u00e1nsito (entendido como paso de una etapa a otra) de Infantil a Primaria se incluye dentro del Plan de Acci\u00f3n Tutorial, incluido a su vez en el Plan Anual de Centro (PAC) seg\u00fan la Orden 16\/11\/2007, por la que se regula la organizaci\u00f3n de la orientaci\u00f3n y\u2026","rel":"","context":"En \u00abPlanes y programas\u00bb","block_context":{"text":"Planes y programas","link":"https:\/\/www.ceipmaestrorafaelbravomartin.es\/?cat=23"},"img":{"alt_text":"","src":"","width":0,"height":0},"classes":[]}],"_links":{"self":[{"href":"https:\/\/www.ceipmaestrorafaelbravomartin.es\/index.php?rest_route=\/wp\/v2\/posts\/1077","targetHints":{"allow":["GET"]}}],"collection":[{"href":"https:\/\/www.ceipmaestrorafaelbravomartin.es\/index.php?rest_route=\/wp\/v2\/posts"}],"about":[{"href":"https:\/\/www.ceipmaestrorafaelbravomartin.es\/index.php?rest_route=\/wp\/v2\/types\/post"}],"author":[{"embeddable":true,"href":"https:\/\/www.ceipmaestrorafaelbravomartin.es\/index.php?rest_route=\/wp\/v2\/users\/4"}],"replies":[{"embeddable":true,"href":"https:\/\/www.ceipmaestrorafaelbravomartin.es\/index.php?rest_route=%2Fwp%2Fv2%2Fcomments&post=1077"}],"version-history":[{"count":6,"href":"https:\/\/www.ceipmaestrorafaelbravomartin.es\/index.php?rest_route=\/wp\/v2\/posts\/1077\/revisions"}],"predecessor-version":[{"id":1083,"href":"https:\/\/www.ceipmaestrorafaelbravomartin.es\/index.php?rest_route=\/wp\/v2\/posts\/1077\/revisions\/1083"}],"wp:attachment":[{"href":"https:\/\/www.ceipmaestrorafaelbravomartin.es\/index.php?rest_route=%2Fwp%2Fv2%2Fmedia&parent=1077"}],"wp:term":[{"taxonomy":"category","embeddable":true,"href":"https:\/\/www.ceipmaestrorafaelbravomartin.es\/index.php?rest_route=%2Fwp%2Fv2%2Fcategories&post=1077"},{"taxonomy":"post_tag","embeddable":true,"href":"https:\/\/www.ceipmaestrorafaelbravomartin.es\/index.php?rest_route=%2Fwp%2Fv2%2Ftags&post=1077"}],"curies":[{"name":"wp","href":"https:\/\/api.w.org\/{rel}","templated":true}]}}