{"id":108,"date":"2010-12-15T08:55:05","date_gmt":"2010-12-15T07:55:05","guid":{"rendered":"http:\/\/blogasuncion.es\/?p=108"},"modified":"2014-10-12T20:15:35","modified_gmt":"2014-10-12T18:15:35","slug":"certamen-de-villancicos","status":"publish","type":"post","link":"https:\/\/www.ceipmaestrorafaelbravomartin.es\/?p=108","title":{"rendered":"Certamen de Villancicos."},"content":{"rendered":"<p><img loading=\"lazy\" decoding=\"async\" src=\"http:\/\/blogasuncion.es\/wp-content\/uploads\/2010\/12\/certamen%20villancicos.gif\" border=\"0\" height=\"113\" width=\"141\" \/> Se informa a todos los padres, madres y familiares del alumnado del 1er ciclo de primaria de la actuaci\u00f3n que el pr\u00f3ximo mi\u00e9rcoles d\u00eda 22 de diciembre tendr\u00e1 lugar en el sal\u00f3n de actos del colegio alas 9:30 horas. El acto consisitir\u00e1 en un certamen de villancicos interpretados por cada uno de los cursos del primer ciclo de primaria. Los familiares podr\u00e1n asistir al evento y&nbsp; el alumnado podr\u00e1 venir ataviado con motivos navide\u00f1os.<\/p>\n","protected":false},"excerpt":{"rendered":"<p>Se informa a todos los padres, madres y familiares del alumnado del 1er ciclo de primaria de la actuaci\u00f3n que el pr\u00f3ximo mi\u00e9rcoles d\u00eda 22 de diciembre tendr\u00e1 lugar en el sal\u00f3n de actos del colegio alas 9:30 horas. El acto consisitir\u00e1 en un certamen de villancicos interpretados por cada [&hellip;]<\/p>\n","protected":false},"author":4,"featured_media":107,"comment_status":"closed","ping_status":"open","sticky":false,"template":"","format":"standard","meta":{"jetpack_post_was_ever_published":false,"_jetpack_newsletter_access":"","_jetpack_dont_email_post_to_subs":false,"_jetpack_newsletter_tier_id":0,"_jetpack_memberships_contains_paywalled_content":false,"_jetpack_memberships_contains_paid_content":false,"footnotes":""},"categories":[16],"tags":[],"class_list":["post-108","post","type-post","status-publish","format-standard","has-post-thumbnail","hentry","category-secretaria"],"jetpack_featured_media_url":"https:\/\/www.ceipmaestrorafaelbravomartin.es\/wp-content\/uploads\/2010\/12\/certamen villancicos.gif","jetpack_sharing_enabled":true,"jetpack_shortlink":"https:\/\/wp.me\/p9VlHp-1K","jetpack-related-posts":[{"id":123,"url":"https:\/\/www.ceipmaestrorafaelbravomartin.es\/?p=123","url_meta":{"origin":108,"position":0},"title":"Certamen de Villancicos del Primer Ciclo de Primaria.","author":"CEIP Maestro Rafael Bravo Mart\u00edn","date":"27 diciembre, 2010","format":false,"excerpt":"A continuaci\u00f3n pod\u00e9is disfrutar de los villancicos que el alumnado del 1er ciclo de primaria interpret\u00f3 en el Certamen celebrado el pasado mi\u00e9rcoles 22 de diciembre.","rel":"","context":"En \u00abCurso 2010\/11\u00bb","block_context":{"text":"Curso 2010\/11","link":"https:\/\/www.ceipmaestrorafaelbravomartin.es\/?cat=40"},"img":{"alt_text":"","src":"","width":0,"height":0},"classes":[]},{"id":221,"url":"https:\/\/www.ceipmaestrorafaelbravomartin.es\/?p=221","url_meta":{"origin":108,"position":1},"title":"Celebraci\u00f3n de la Navidad","author":"CEIP Maestro Rafael Bravo Mart\u00edn","date":"9 enero, 2012","format":false,"excerpt":"Con motivo de la Navidad se han llevado a cabo en el Centro varias actividades, algunas de las cuales queremos compartir con toda la Comunidad Educativa. Para comenzar, os dejamos el Certamen de Villancicos que el primer ciclo de Primaria realiz\u00f3 en el sal\u00f3n de actos del Centro. \u00a0 \u00a0\u00a0\u2026","rel":"","context":"En \u00abCurso 2011\/12\u00bb","block_context":{"text":"Curso 2011\/12","link":"https:\/\/www.ceipmaestrorafaelbravomartin.es\/?cat=45"},"img":{"alt_text":"Taller cocina","src":"https:\/\/i0.wp.com\/www.ceipmaestrorafaelbravomartin.es\/wp-content\/uploads\/2012\/01\/collage.jpg?resize=350%2C200&ssl=1","width":350,"height":200,"srcset":"https:\/\/i0.wp.com\/www.ceipmaestrorafaelbravomartin.es\/wp-content\/uploads\/2012\/01\/collage.jpg?resize=350%2C200&ssl=1 1x, https:\/\/i0.wp.com\/www.ceipmaestrorafaelbravomartin.es\/wp-content\/uploads\/2012\/01\/collage.jpg?resize=525%2C300&ssl=1 1.5x, https:\/\/i0.wp.com\/www.ceipmaestrorafaelbravomartin.es\/wp-content\/uploads\/2012\/01\/collage.jpg?resize=700%2C400&ssl=1 2x"},"classes":[]},{"id":1793,"url":"https:\/\/www.ceipmaestrorafaelbravomartin.es\/?p=1793","url_meta":{"origin":108,"position":2},"title":"TARJETAS NAVIDE\u00d1AS","author":"CEIP Maestro Rafael Bravo Mart\u00edn","date":"7 diciembre, 2017","format":false,"excerpt":"En la semana del 17 al 22 de diciembre, el alumnado de SEXTO, tiene prevista la visita a la Residencia de Ancianos de Alcal\u00e1 del R\u00edo. Quieren llevar a nuestros mayores un poquito de alegr\u00eda en estas fechas pr\u00f3ximas a la Navidad. Cantar\u00e1n para ellos y con ellos, algunos villancicos\u2026","rel":"","context":"En \u00abActividades extraescolares\u00bb","block_context":{"text":"Actividades extraescolares","link":"https:\/\/www.ceipmaestrorafaelbravomartin.es\/?cat=14"},"img":{"alt_text":"","src":"","width":0,"height":0},"classes":[]},{"id":279,"url":"https:\/\/www.ceipmaestrorafaelbravomartin.es\/?p=279","url_meta":{"origin":108,"position":3},"title":"NAVIDAD PRIMER CICLO","author":"CEIP Maestro Rafael Bravo Mart\u00edn","date":"7 diciembre, 2012","format":false,"excerpt":"\u00a0 Se acercan las esperadas fiestas de Navidad y en el colegio nos vamos llenando de ambiente navide\u00f1o. Primer ciclo ya est\u00e1 preparando el certamen de villancicos de este a\u00f1o y para que puedan practicar en casa os dejamos las dos canciones que interpretar\u00e1n el \u00faltimo d\u00eda de clase. \u00a0\u2026","rel":"","context":"En \u00abActividades extraescolares\u00bb","block_context":{"text":"Actividades extraescolares","link":"https:\/\/www.ceipmaestrorafaelbravomartin.es\/?cat=14"},"img":{"alt_text":"","src":"","width":0,"height":0},"classes":[]},{"id":19,"url":"https:\/\/www.ceipmaestrorafaelbravomartin.es\/?p=19","url_meta":{"origin":108,"position":4},"title":"Normas de entradas y salidas del alumnado del Centro","author":"CEIP Maestro Rafael Bravo Mart\u00edn","date":"13 octubre, 2010","format":false,"excerpt":"Se informa a toda la comunidad educativa sobre las normas que rigen la entrada y salida del alumnado del Centro.","rel":"","context":"En \u00abEl centro\u00bb","block_context":{"text":"El centro","link":"https:\/\/www.ceipmaestrorafaelbravomartin.es\/?cat=10"},"img":{"alt_text":"","src":"","width":0,"height":0},"classes":[]},{"id":750,"url":"https:\/\/www.ceipmaestrorafaelbravomartin.es\/?p=750","url_meta":{"origin":108,"position":5},"title":"Teatro en Ingl\u00e9s","author":"CEIP Maestro Rafael Bravo Mart\u00edn","date":"11 junio, 2014","format":false,"excerpt":"\u00a0\u00a0\u00a0 El teatro es un arte que combina discurso, movimiento, m\u00fasica, sonidos, gestos y escenograf\u00eda para presentar de forma visible la imaginaci\u00f3n, representar historias, mostrar conflictos o compartir ideas, emociones y sentimientos. El teatro es un poderoso recurso educativo que desarrolla m\u00faltiples \u00e1reas: la expresi\u00f3n corporal, la creatividad, las habilidades\u2026","rel":"","context":"En \u00abPlanes y programas\u00bb","block_context":{"text":"Planes y programas","link":"https:\/\/www.ceipmaestrorafaelbravomartin.es\/?cat=23"},"img":{"alt_text":"","src":"","width":0,"height":0},"classes":[]}],"_links":{"self":[{"href":"https:\/\/www.ceipmaestrorafaelbravomartin.es\/index.php?rest_route=\/wp\/v2\/posts\/108","targetHints":{"allow":["GET"]}}],"collection":[{"href":"https:\/\/www.ceipmaestrorafaelbravomartin.es\/index.php?rest_route=\/wp\/v2\/posts"}],"about":[{"href":"https:\/\/www.ceipmaestrorafaelbravomartin.es\/index.php?rest_route=\/wp\/v2\/types\/post"}],"author":[{"embeddable":true,"href":"https:\/\/www.ceipmaestrorafaelbravomartin.es\/index.php?rest_route=\/wp\/v2\/users\/4"}],"replies":[{"embeddable":true,"href":"https:\/\/www.ceipmaestrorafaelbravomartin.es\/index.php?rest_route=%2Fwp%2Fv2%2Fcomments&post=108"}],"version-history":[{"count":1,"href":"https:\/\/www.ceipmaestrorafaelbravomartin.es\/index.php?rest_route=\/wp\/v2\/posts\/108\/revisions"}],"predecessor-version":[{"id":949,"href":"https:\/\/www.ceipmaestrorafaelbravomartin.es\/index.php?rest_route=\/wp\/v2\/posts\/108\/revisions\/949"}],"wp:featuredmedia":[{"embeddable":true,"href":"https:\/\/www.ceipmaestrorafaelbravomartin.es\/index.php?rest_route=\/wp\/v2\/media\/107"}],"wp:attachment":[{"href":"https:\/\/www.ceipmaestrorafaelbravomartin.es\/index.php?rest_route=%2Fwp%2Fv2%2Fmedia&parent=108"}],"wp:term":[{"taxonomy":"category","embeddable":true,"href":"https:\/\/www.ceipmaestrorafaelbravomartin.es\/index.php?rest_route=%2Fwp%2Fv2%2Fcategories&post=108"},{"taxonomy":"post_tag","embeddable":true,"href":"https:\/\/www.ceipmaestrorafaelbravomartin.es\/index.php?rest_route=%2Fwp%2Fv2%2Ftags&post=108"}],"curies":[{"name":"wp","href":"https:\/\/api.w.org\/{rel}","templated":true}]}}