{"id":1086,"date":"2015-02-23T21:10:27","date_gmt":"2015-02-23T20:10:27","guid":{"rendered":"http:\/\/blogasuncion.es\/?p=1086"},"modified":"2015-02-23T21:12:18","modified_gmt":"2015-02-23T20:12:18","slug":"andalucia-en-poesia","status":"publish","type":"post","link":"https:\/\/www.ceipmaestrorafaelbravomartin.es\/?p=1086","title":{"rendered":"Andaluc\u00eda en poes\u00eda"},"content":{"rendered":"<div style=\"text-align: center;\">Durante estos d\u00edas previos al 28 de febrero en el tercer ciclo, entre otras actividades, hemos buscado, seleccionado y le\u00eddo poemas relativos a las provincias andaluzas.<\/div>\n<div style=\"text-align: center;\">Os mostramos algunos de ellos en el siguiente v\u00eddeo.<\/div>\n<div style=\"text-align: center;\"><\/div>\n<p><iframe loading=\"lazy\" src=\"https:\/\/www.youtube.com\/embed\/0eUC8unL2UY?rel=0\" height=\"360\" width=\"640\" allowfullscreen=\"\" frameborder=\"0\"><\/iframe><\/p>\n<div style=\"text-align: center;\"><\/div>\n","protected":false},"excerpt":{"rendered":"<p>Durante estos d\u00edas previos al 28 de febrero en el tercer ciclo, entre otras actividades, hemos buscado, seleccionado y le\u00eddo poemas relativos a las provincias andaluzas. Os mostramos algunos de ellos en el siguiente v\u00eddeo.<\/p>\n","protected":false},"author":4,"featured_media":0,"comment_status":"closed","ping_status":"closed","sticky":false,"template":"","format":"standard","meta":{"jetpack_post_was_ever_published":false,"_jetpack_newsletter_access":"","_jetpack_dont_email_post_to_subs":false,"_jetpack_newsletter_tier_id":0,"_jetpack_memberships_contains_paywalled_content":false,"_jetpack_memberships_contains_paid_content":false,"footnotes":""},"categories":[103,25],"tags":[],"class_list":["post-1086","post","type-post","status-publish","format-standard","hentry","category-eventos","category-ciclo3"],"jetpack_featured_media_url":"","jetpack_sharing_enabled":true,"jetpack_shortlink":"https:\/\/wp.me\/p9VlHp-hw","jetpack-related-posts":[{"id":292,"url":"https:\/\/www.ceipmaestrorafaelbravomartin.es\/?p=292","url_meta":{"origin":1086,"position":0},"title":"D\u00eda de la PAZ","author":"CEIP Maestro Rafael Bravo Mart\u00edn","date":"1 febrero, 2013","format":false,"excerpt":"Breve muestra de los trabajos realizados en el Tercer Ciclo, con motivo del D\u00cdA DE LA PAZ.","rel":"","context":"En \u00abSin categor\u00eda\u00bb","block_context":{"text":"Sin categor\u00eda","link":"https:\/\/www.ceipmaestrorafaelbravomartin.es\/?cat=1"},"img":{"alt_text":"","src":"","width":0,"height":0},"classes":[]},{"id":694,"url":"https:\/\/www.ceipmaestrorafaelbravomartin.es\/?p=694","url_meta":{"origin":1086,"position":1},"title":"8 de marzo de 2014","author":"CEIP Maestro Rafael Bravo Mart\u00edn","date":"8 marzo, 2014","format":false,"excerpt":"Para tomar conciencia de este d\u00eda, adem\u00e1s de la entrada publicada en el blog \"Maestro Rafael Bravo y Guadalquivir 13\/14\", en el tercer ciclo y parte del segundo, se propuso trabajar el siguiente t\u00edtulo: \"LA MUJER M\u00c1S IMPORTANTE DE MI VIDA\". La mayor parte del alumnado de los cursos 4\u00baB,\u2026","rel":"","context":"En \u00abNoticiero\u00bb","block_context":{"text":"Noticiero","link":"https:\/\/www.ceipmaestrorafaelbravomartin.es\/?cat=3"},"img":{"alt_text":"","src":"","width":0,"height":0},"classes":[]},{"id":33,"url":"https:\/\/www.ceipmaestrorafaelbravomartin.es\/?p=33","url_meta":{"origin":1086,"position":2},"title":"Centro TIC","author":"CEIP Maestro Rafael Bravo Mart\u00edn","date":"18 octubre, 2010","format":false,"excerpt":"Nuestra sociedad actual est\u00e1 caracterizada por cambios r\u00e1pidos y profundos, especialmente motivados por el desarrollo de las Nuevas Tecnolog\u00edas de la Informaci\u00f3n y el Conocimiento. La escuela no puede estar ajena a este fen\u00f3meno y tenemos la obligaci\u00f3n de preparar a nuestros alumnos y alumnas para esta sociedad, en la\u2026","rel":"","context":"En \u00abPlanes y programas\u00bb","block_context":{"text":"Planes y programas","link":"https:\/\/www.ceipmaestrorafaelbravomartin.es\/?cat=23"},"img":{"alt_text":"","src":"","width":0,"height":0},"classes":[]},{"id":1510,"url":"https:\/\/www.ceipmaestrorafaelbravomartin.es\/?p=1510","url_meta":{"origin":1086,"position":3},"title":"Debate on environment","author":"CEIP Maestro Rafael Bravo Mart\u00edn","date":"23 junio, 2016","format":false,"excerpt":"Con motivo del d\u00eda internacional del medio ambiente, el pasado 5 de junio, el alumnado de tercer ciclo realiz\u00f3 una serie de actividades para concienciarnos de los problemas medioambientales que afectan a nuestro planeta. Con este debate tratamos de aportar nuestro granito de arena con gestos cotidianos que reducir\u00edan la\u2026","rel":"","context":"En \u00abBiling\u00fcismo\u00bb","block_context":{"text":"Biling\u00fcismo","link":"https:\/\/www.ceipmaestrorafaelbravomartin.es\/?cat=109"},"img":{"alt_text":"","src":"","width":0,"height":0},"classes":[]},{"id":1451,"url":"https:\/\/www.ceipmaestrorafaelbravomartin.es\/?p=1451","url_meta":{"origin":1086,"position":4},"title":"Ni paso ni me paso. Campa\u00f1a contra el acoso escolar.","author":"CEIP Maestro Rafael Bravo Mart\u00edn","date":"12 mayo, 2016","format":false,"excerpt":"El pasado 2 de mayo se conmemor\u00f3 el el d\u00eda en contra del acoso escolar, desde nuestro colegio hemos querido participar aportando nuestro granito de arena. Por todo esto hemos participado en la campa\u00f1a: \"Ni paso ni me paso\". Aqu\u00ed pod\u00e9is verlo.","rel":"","context":"En \u00abEventos\u00bb","block_context":{"text":"Eventos","link":"https:\/\/www.ceipmaestrorafaelbravomartin.es\/?cat=103"},"img":{"alt_text":"","src":"","width":0,"height":0},"classes":[]},{"id":1790,"url":"https:\/\/www.ceipmaestrorafaelbravomartin.es\/?p=1790","url_meta":{"origin":1086,"position":5},"title":"Christmas Card Exchange Project","author":"CEIP Maestro Rafael Bravo Mart\u00edn","date":"3 diciembre, 2017","format":false,"excerpt":"Durante este curso, el alumnado y el profesorado de Tercer Ciclo participamos en un proyecto de intercambio de Christmas con ni\u00f1os y ni\u00f1as de diferentes pa\u00edses del mundo. Esta iniciativa, \"Christmas Card Exchange Project\", nos ha brindado la oportunidad de tener contacto con personas de EEUU (Iowa y Ohio) y\u2026","rel":"","context":"En \u00abBiling\u00fcismo\u00bb","block_context":{"text":"Biling\u00fcismo","link":"https:\/\/www.ceipmaestrorafaelbravomartin.es\/?cat=109"},"img":{"alt_text":"","src":"","width":0,"height":0},"classes":[]}],"_links":{"self":[{"href":"https:\/\/www.ceipmaestrorafaelbravomartin.es\/index.php?rest_route=\/wp\/v2\/posts\/1086","targetHints":{"allow":["GET"]}}],"collection":[{"href":"https:\/\/www.ceipmaestrorafaelbravomartin.es\/index.php?rest_route=\/wp\/v2\/posts"}],"about":[{"href":"https:\/\/www.ceipmaestrorafaelbravomartin.es\/index.php?rest_route=\/wp\/v2\/types\/post"}],"author":[{"embeddable":true,"href":"https:\/\/www.ceipmaestrorafaelbravomartin.es\/index.php?rest_route=\/wp\/v2\/users\/4"}],"replies":[{"embeddable":true,"href":"https:\/\/www.ceipmaestrorafaelbravomartin.es\/index.php?rest_route=%2Fwp%2Fv2%2Fcomments&post=1086"}],"version-history":[{"count":4,"href":"https:\/\/www.ceipmaestrorafaelbravomartin.es\/index.php?rest_route=\/wp\/v2\/posts\/1086\/revisions"}],"predecessor-version":[{"id":1090,"href":"https:\/\/www.ceipmaestrorafaelbravomartin.es\/index.php?rest_route=\/wp\/v2\/posts\/1086\/revisions\/1090"}],"wp:attachment":[{"href":"https:\/\/www.ceipmaestrorafaelbravomartin.es\/index.php?rest_route=%2Fwp%2Fv2%2Fmedia&parent=1086"}],"wp:term":[{"taxonomy":"category","embeddable":true,"href":"https:\/\/www.ceipmaestrorafaelbravomartin.es\/index.php?rest_route=%2Fwp%2Fv2%2Fcategories&post=1086"},{"taxonomy":"post_tag","embeddable":true,"href":"https:\/\/www.ceipmaestrorafaelbravomartin.es\/index.php?rest_route=%2Fwp%2Fv2%2Ftags&post=1086"}],"curies":[{"name":"wp","href":"https:\/\/api.w.org\/{rel}","templated":true}]}}