{"id":1091,"date":"2015-02-25T19:47:03","date_gmt":"2015-02-25T18:47:03","guid":{"rendered":"http:\/\/blogasuncion.es\/?p=1091"},"modified":"2015-02-25T19:47:03","modified_gmt":"2015-02-25T18:47:03","slug":"matriculacion-curso-2015-2016","status":"publish","type":"post","link":"https:\/\/www.ceipmaestrorafaelbravomartin.es\/?p=1091","title":{"rendered":"MATRICULACI\u00d3N CURSO 2015-2016"},"content":{"rendered":"<p><strong>ABIERTO EL PLAZO PARA SOLICITAR MATR\u00cdCULA.<\/strong><\/p>\n<p>Podr\u00e1n pasarse por la Secretar\u00eda del Centro<\/p>\n<p>en horario de 9:00 a 11:30 h.<\/p>\n<p>del 3 al 26 de marzo ambos inclusive.<\/p>\n<p style=\"text-align: right;\">El equipo Directivo.<\/p>\n","protected":false},"excerpt":{"rendered":"<p>ABIERTO EL PLAZO PARA SOLICITAR MATR\u00cdCULA. Podr\u00e1n pasarse por la Secretar\u00eda del Centro en horario de 9:00 a 11:30 h. del 3 al 26 de marzo ambos inclusive. El equipo Directivo.<\/p>\n","protected":false},"author":4,"featured_media":0,"comment_status":"closed","ping_status":"closed","sticky":false,"template":"","format":"standard","meta":{"jetpack_post_was_ever_published":false,"_jetpack_newsletter_access":"","_jetpack_dont_email_post_to_subs":false,"_jetpack_newsletter_tier_id":0,"_jetpack_memberships_contains_paywalled_content":false,"_jetpack_memberships_contains_paid_content":false,"footnotes":""},"categories":[10,2],"tags":[],"class_list":["post-1091","post","type-post","status-publish","format-standard","hentry","category-centro","category-info"],"jetpack_featured_media_url":"","jetpack_sharing_enabled":true,"jetpack_shortlink":"https:\/\/wp.me\/p9VlHp-hB","jetpack-related-posts":[{"id":148,"url":"https:\/\/www.ceipmaestrorafaelbravomartin.es\/?p=148","url_meta":{"origin":1091,"position":0},"title":"Semana Cultural: Nuestro Centro. Ayer y Hoy","author":"CEIP Maestro Rafael Bravo Mart\u00edn","date":"10 marzo, 2011","format":false,"excerpt":"Lema: Nuestro Centro. Ayer y Hoy. \u00a0 Durante la semana del 21 al 25 de marzo y durante un tiempo, cada curso con su tutor-a realizar\u00e1 una actividad relacionada con le lema de nuestra semana cultural.\u00a0 \u00a0 Actividades: - Limpieza del centro. - Decoraci\u00f3n del centro. - Conocimiento del centro.\u2026","rel":"","context":"En \u00abActividades extraescolares\u00bb","block_context":{"text":"Actividades extraescolares","link":"https:\/\/www.ceipmaestrorafaelbravomartin.es\/?cat=14"},"img":{"alt_text":"","src":"","width":0,"height":0},"classes":[]},{"id":580,"url":"https:\/\/www.ceipmaestrorafaelbravomartin.es\/?p=580","url_meta":{"origin":1091,"position":1},"title":"Nueva denominaci\u00f3n CEIP Maestro Rafael Bravo Mart\u00edn","author":"CEIP Maestro Rafael Bravo Mart\u00edn","date":"10 octubre, 2013","format":false,"excerpt":"El d\u00eda 29 de enero de 2013, en sesi\u00f3n extraordinaria de Consejo Escolar celebrada tras el fallecimiento de Don Rafael Bravo Mart\u00edn, se aprob\u00f3 por unanimidad solicitar al Excelent\u00edsimo Ayuntamiento de Alcal\u00e1 del R\u00edo que el CEIP Ntra Sra de la Asunci\u00f3n pasara a llamarse CEIP Maestro Rafael Bravo Mart\u00edn\u2026","rel":"","context":"En \u00abHistoria\u00bb","block_context":{"text":"Historia","link":"https:\/\/www.ceipmaestrorafaelbravomartin.es\/?cat=43"},"img":{"alt_text":"","src":"","width":0,"height":0},"classes":[]},{"id":140,"url":"https:\/\/www.ceipmaestrorafaelbravomartin.es\/?p=140","url_meta":{"origin":1091,"position":2},"title":"Ntra Sra de la ASUNCI\u00d3N, una nueva etapa.","author":"CEIP Maestro Rafael Bravo Mart\u00edn","date":"8 febrero, 2011","format":false,"excerpt":"Si como qued\u00f3 reflejado en el art\u00edculo anterior, el nombre del Centro Nuestra Se\u00f1ora de la Asunci\u00f3n comenz\u00f3 en el curso 1960\/61se puede decir que en el curso 1981\/82 comienza una nueva etapa pues hasta ese momento todo el alumnado, y por tanto el profesorado, pertenec\u00eda al mismo Centro, Colegio\u2026","rel":"","context":"En \u00abHistoria\u00bb","block_context":{"text":"Historia","link":"https:\/\/www.ceipmaestrorafaelbravomartin.es\/?cat=43"},"img":{"alt_text":"","src":"","width":0,"height":0},"classes":[]},{"id":11,"url":"https:\/\/www.ceipmaestrorafaelbravomartin.es\/?p=11","url_meta":{"origin":1091,"position":3},"title":"Matriculaci\u00f3n Curso 2012-2013","author":"CEIP Maestro Rafael Bravo Mart\u00edn","date":"13 octubre, 2010","format":false,"excerpt":"Se comunica que est\u00e1 abierto el plazo de matriculaci\u00f3n para el pr\u00f3ximo curso 2012-13. Podr\u00e1n presentar el impreso de solicitud, que les ser\u00e1 facilitado en la Secretar\u00eda del Centro, en horario de 9 a 11 horas. Adem\u00e1s deber\u00e1n aportar fotocopia de la hoja del Libro de Familia donde est\u00e1 inscrito\u2026","rel":"","context":"En \u00abEl centro\u00bb","block_context":{"text":"El centro","link":"https:\/\/www.ceipmaestrorafaelbravomartin.es\/?cat=10"},"img":{"alt_text":"","src":"","width":0,"height":0},"classes":[]},{"id":20,"url":"https:\/\/www.ceipmaestrorafaelbravomartin.es\/?p=20","url_meta":{"origin":1091,"position":4},"title":"Presentaci\u00f3n del curso 2010\/11","author":"CEIP Maestro Rafael Bravo Mart\u00edn","date":"13 septiembre, 2010","format":false,"excerpt":"En el d\u00eda de hoy, viernes 10 de septiembre de 2010, ha tenido lugar en nuestro Centro la \u00a0presentaci\u00f3n oficial de curso 2010\/11. El equipo directivo, encabezado por el Director del Centro D\u00ba. \u00a0Rafael Bravo Mart\u00edn, se dirigi\u00f3 a todos los asistentes al evento y explic\u00f3 algunas de las novedades\u2026","rel":"","context":"En \u00abPlanes y programas\u00bb","block_context":{"text":"Planes y programas","link":"https:\/\/www.ceipmaestrorafaelbravomartin.es\/?cat=9"},"img":{"alt_text":"","src":"","width":0,"height":0},"classes":[]},{"id":37,"url":"https:\/\/www.ceipmaestrorafaelbravomartin.es\/?p=37","url_meta":{"origin":1091,"position":5},"title":"Plan de acompa\u00f1amiento","author":"CEIP Maestro Rafael Bravo Mart\u00edn","date":"18 octubre, 2010","format":false,"excerpt":"DESCRIPCI\u00d3NEl curso 2008-09 empez\u00f3 a funcionar en nuestro Colegio el Plan de Acompa\u00f1amiento, dirigido al alumnado del 3er. Ciclo que presentan dificultades de aprendizaje, escasez de h\u00e1bito de estudio, falta de madurez personal, desorganizaci\u00f3n, falta de habilidades sociales para integrarse en el Centro\u2026Este Plan pretende, por tanto, la mejora de\u2026","rel":"","context":"En \u00abPlanes y programas\u00bb","block_context":{"text":"Planes y programas","link":"https:\/\/www.ceipmaestrorafaelbravomartin.es\/?cat=23"},"img":{"alt_text":"","src":"","width":0,"height":0},"classes":[]}],"_links":{"self":[{"href":"https:\/\/www.ceipmaestrorafaelbravomartin.es\/index.php?rest_route=\/wp\/v2\/posts\/1091","targetHints":{"allow":["GET"]}}],"collection":[{"href":"https:\/\/www.ceipmaestrorafaelbravomartin.es\/index.php?rest_route=\/wp\/v2\/posts"}],"about":[{"href":"https:\/\/www.ceipmaestrorafaelbravomartin.es\/index.php?rest_route=\/wp\/v2\/types\/post"}],"author":[{"embeddable":true,"href":"https:\/\/www.ceipmaestrorafaelbravomartin.es\/index.php?rest_route=\/wp\/v2\/users\/4"}],"replies":[{"embeddable":true,"href":"https:\/\/www.ceipmaestrorafaelbravomartin.es\/index.php?rest_route=%2Fwp%2Fv2%2Fcomments&post=1091"}],"version-history":[{"count":4,"href":"https:\/\/www.ceipmaestrorafaelbravomartin.es\/index.php?rest_route=\/wp\/v2\/posts\/1091\/revisions"}],"predecessor-version":[{"id":1095,"href":"https:\/\/www.ceipmaestrorafaelbravomartin.es\/index.php?rest_route=\/wp\/v2\/posts\/1091\/revisions\/1095"}],"wp:attachment":[{"href":"https:\/\/www.ceipmaestrorafaelbravomartin.es\/index.php?rest_route=%2Fwp%2Fv2%2Fmedia&parent=1091"}],"wp:term":[{"taxonomy":"category","embeddable":true,"href":"https:\/\/www.ceipmaestrorafaelbravomartin.es\/index.php?rest_route=%2Fwp%2Fv2%2Fcategories&post=1091"},{"taxonomy":"post_tag","embeddable":true,"href":"https:\/\/www.ceipmaestrorafaelbravomartin.es\/index.php?rest_route=%2Fwp%2Fv2%2Ftags&post=1091"}],"curies":[{"name":"wp","href":"https:\/\/api.w.org\/{rel}","templated":true}]}}