{"id":1096,"date":"2015-02-26T22:29:33","date_gmt":"2015-02-26T21:29:33","guid":{"rendered":"http:\/\/blogasuncion.es\/?p=1096"},"modified":"2015-02-27T15:15:09","modified_gmt":"2015-02-27T14:15:09","slug":"celebramos-el-dia-de-andalucia","status":"publish","type":"post","link":"https:\/\/www.ceipmaestrorafaelbravomartin.es\/?p=1096","title":{"rendered":"Celebramos el D\u00eda de Andaluc\u00eda"},"content":{"rendered":"<div style=\"text-align: center;\">Hoy, 26 de febrero, hemos celebrado en el cole el D\u00eda de Andaluc\u00eda.<\/div>\n<div style=\"text-align: center;\">Durante los d\u00edas anteriores a esta fecha, hemos realizado diversas actividades relacionadas con este evento.<\/div>\n<div style=\"text-align: center;\">De la mayor\u00eda de ellas hemos tomado documentos gr\u00e1ficos, que se pueden disfrutar en el siguiente v\u00eddeo.<\/div>\n<div style=\"text-align: center;\"><\/div>\n<p><iframe loading=\"lazy\" src=\"https:\/\/www.youtube.com\/embed\/aPXgkHFiM4w?rel=0\" height=\"360\" width=\"640\" allowfullscreen=\"\" frameborder=\"0\"><\/iframe><\/p>\n","protected":false},"excerpt":{"rendered":"<p>Hoy, 26 de febrero, hemos celebrado en el cole el D\u00eda de Andaluc\u00eda. Durante los d\u00edas anteriores a esta fecha, hemos realizado diversas actividades relacionadas con este evento. De la mayor\u00eda de ellas hemos tomado documentos gr\u00e1ficos, que se pueden disfrutar en el siguiente v\u00eddeo.<\/p>\n","protected":false},"author":4,"featured_media":0,"comment_status":"closed","ping_status":"closed","sticky":false,"template":"","format":"standard","meta":{"jetpack_post_was_ever_published":false,"_jetpack_newsletter_access":"","_jetpack_dont_email_post_to_subs":false,"_jetpack_newsletter_tier_id":0,"_jetpack_memberships_contains_paywalled_content":false,"_jetpack_memberships_contains_paid_content":false,"footnotes":""},"categories":[10,103,2],"tags":[],"class_list":["post-1096","post","type-post","status-publish","format-standard","hentry","category-centro","category-eventos","category-info"],"jetpack_featured_media_url":"","jetpack_sharing_enabled":true,"jetpack_shortlink":"https:\/\/wp.me\/p9VlHp-hG","jetpack-related-posts":[{"id":1822,"url":"https:\/\/www.ceipmaestrorafaelbravomartin.es\/?p=1822","url_meta":{"origin":1096,"position":0},"title":"D\u00eda de Andaluc\u00eda.","author":"CEIP Maestro Rafael Bravo Mart\u00edn","date":"28 febrero, 2018","format":false,"excerpt":"El d\u00eda de nuestra comunidad aut\u00f3noma es muy importante en nuestro colegio, por ello nos encanta celebrarlo. Este a\u00f1o en particular hemos querido colaborar con la ONG Save The Children con una carrera solidaria. Os queremos desear a todos y a todas un feliz d\u00eda de Andaluc\u00eda. https:\/\/youtu.be\/VvyedHsW-D4 \u00a0","rel":"","context":"En \u00abEl centro\u00bb","block_context":{"text":"El centro","link":"https:\/\/www.ceipmaestrorafaelbravomartin.es\/?cat=10"},"img":{"alt_text":"","src":"https:\/\/i0.wp.com\/img.youtube.com\/vi\/VvyedHsW-D4\/0.jpg?resize=350%2C200","width":350,"height":200},"classes":[]},{"id":306,"url":"https:\/\/www.ceipmaestrorafaelbravomartin.es\/?p=306","url_meta":{"origin":1096,"position":1},"title":"D\u00eda de Andaluc\u00eda 2013","author":"CEIP Maestro Rafael Bravo Mart\u00edn","date":"27 febrero, 2013","format":false,"excerpt":"Con motivo del D\u00eda de Andaluc\u00eda hemos realizado diversas actividades en nuestro Centro, tanto en Infantil como en Primaria. En 5\u00baB, se ha elaborado una emisi\u00f3n de noticias intentado recoger dichas actividades. Agradecer desde aqu\u00ed la colaboraci\u00f3n del alumnado y profesorado de las dos etapas.","rel":"","context":"En \u00abEl centro\u00bb","block_context":{"text":"El centro","link":"https:\/\/www.ceipmaestrorafaelbravomartin.es\/?cat=10"},"img":{"alt_text":"","src":"","width":0,"height":0},"classes":[]},{"id":1816,"url":"https:\/\/www.ceipmaestrorafaelbravomartin.es\/?p=1816","url_meta":{"origin":1096,"position":2},"title":"SEXTO A : CARNAVAL 2018","author":"CEIP Maestro Rafael Bravo Mart\u00edn","date":"16 febrero, 2018","format":false,"excerpt":"Al estar tan cercano el D\u00eda de Andaluc\u00eda, el alumnado de Sexto A\u00a0 ha preparado unos antifaces que hagan alusi\u00f3n al mismo. Hemos contado con la colaboraci\u00f3n de las familias para hacerlos y tambi\u00e9n en las camisetas con los nombres de las provincias de nuestra Comunidad Aut\u00f3noma. Y por \u00faltimo\u2026","rel":"","context":"En \u00abEventos\u00bb","block_context":{"text":"Eventos","link":"https:\/\/www.ceipmaestrorafaelbravomartin.es\/?cat=103"},"img":{"alt_text":"","src":"","width":0,"height":0},"classes":[]},{"id":230,"url":"https:\/\/www.ceipmaestrorafaelbravomartin.es\/?p=230","url_meta":{"origin":1096,"position":3},"title":"D\u00eda de Andaluc\u00eda","author":"CEIP Maestro Rafael Bravo Mart\u00edn","date":"2 marzo, 2012","format":false,"excerpt":"Con motivo de la celebraci\u00f3n de Di\u00e1 de Andaluc\u00eda, en nuestro Centro se llevaron a cabo diversas actividades durante la semana previa al mismo. \u00a0 En Infantil se trabaj\u00f3 en clase con la ralizaci\u00f3n de diversas fichas. \u00a0 Primer Ciclo de Primaria particip\u00f3 en una Gymkana que organizamos desde el\u2026","rel":"","context":"En \u00abSin categor\u00eda\u00bb","block_context":{"text":"Sin categor\u00eda","link":"https:\/\/www.ceipmaestrorafaelbravomartin.es\/?cat=1"},"img":{"alt_text":"","src":"","width":0,"height":0},"classes":[]},{"id":1086,"url":"https:\/\/www.ceipmaestrorafaelbravomartin.es\/?p=1086","url_meta":{"origin":1096,"position":4},"title":"Andaluc\u00eda en poes\u00eda","author":"CEIP Maestro Rafael Bravo Mart\u00edn","date":"23 febrero, 2015","format":false,"excerpt":"Durante estos d\u00edas previos al 28 de febrero en el tercer ciclo, entre otras actividades, hemos buscado, seleccionado y le\u00eddo poemas relativos a las provincias andaluzas. Os mostramos algunos de ellos en el siguiente v\u00eddeo.","rel":"","context":"En \u00abEventos\u00bb","block_context":{"text":"Eventos","link":"https:\/\/www.ceipmaestrorafaelbravomartin.es\/?cat=103"},"img":{"alt_text":"","src":"","width":0,"height":0},"classes":[]},{"id":1813,"url":"https:\/\/www.ceipmaestrorafaelbravomartin.es\/?p=1813","url_meta":{"origin":1096,"position":5},"title":"Celebraci\u00f3n del D\u00eda de la Paz.","author":"CEIP Maestro Rafael Bravo Mart\u00edn","date":"8 febrero, 2018","format":false,"excerpt":"El 30 de enero se celebra el d\u00eda internacional de la paz, en nuestro cole hemos realizado un acto donde se han le\u00eddo unos manifiestos reclamando la paz, hemos cantado y bailado dos canciones con el mismo tema. Os adjuntamos el v\u00eddeo de la celebraci\u00f3n, deseamos que os guste. https:\/\/youtu.be\/9UZFpoip7Y8\u2026","rel":"","context":"En \u00abEl centro\u00bb","block_context":{"text":"El centro","link":"https:\/\/www.ceipmaestrorafaelbravomartin.es\/?cat=10"},"img":{"alt_text":"","src":"https:\/\/i0.wp.com\/img.youtube.com\/vi\/9UZFpoip7Y8\/0.jpg?resize=350%2C200","width":350,"height":200},"classes":[]}],"_links":{"self":[{"href":"https:\/\/www.ceipmaestrorafaelbravomartin.es\/index.php?rest_route=\/wp\/v2\/posts\/1096","targetHints":{"allow":["GET"]}}],"collection":[{"href":"https:\/\/www.ceipmaestrorafaelbravomartin.es\/index.php?rest_route=\/wp\/v2\/posts"}],"about":[{"href":"https:\/\/www.ceipmaestrorafaelbravomartin.es\/index.php?rest_route=\/wp\/v2\/types\/post"}],"author":[{"embeddable":true,"href":"https:\/\/www.ceipmaestrorafaelbravomartin.es\/index.php?rest_route=\/wp\/v2\/users\/4"}],"replies":[{"embeddable":true,"href":"https:\/\/www.ceipmaestrorafaelbravomartin.es\/index.php?rest_route=%2Fwp%2Fv2%2Fcomments&post=1096"}],"version-history":[{"count":4,"href":"https:\/\/www.ceipmaestrorafaelbravomartin.es\/index.php?rest_route=\/wp\/v2\/posts\/1096\/revisions"}],"predecessor-version":[{"id":1099,"href":"https:\/\/www.ceipmaestrorafaelbravomartin.es\/index.php?rest_route=\/wp\/v2\/posts\/1096\/revisions\/1099"}],"wp:attachment":[{"href":"https:\/\/www.ceipmaestrorafaelbravomartin.es\/index.php?rest_route=%2Fwp%2Fv2%2Fmedia&parent=1096"}],"wp:term":[{"taxonomy":"category","embeddable":true,"href":"https:\/\/www.ceipmaestrorafaelbravomartin.es\/index.php?rest_route=%2Fwp%2Fv2%2Fcategories&post=1096"},{"taxonomy":"post_tag","embeddable":true,"href":"https:\/\/www.ceipmaestrorafaelbravomartin.es\/index.php?rest_route=%2Fwp%2Fv2%2Ftags&post=1096"}],"curies":[{"name":"wp","href":"https:\/\/api.w.org\/{rel}","templated":true}]}}