{"id":1104,"date":"2015-04-16T20:52:36","date_gmt":"2015-04-16T18:52:36","guid":{"rendered":"http:\/\/blogasuncion.es\/?p=1104"},"modified":"2015-04-16T20:52:36","modified_gmt":"2015-04-16T18:52:36","slug":"beatriz-bravo","status":"publish","type":"post","link":"https:\/\/www.ceipmaestrorafaelbravomartin.es\/?p=1104","title":{"rendered":"Beatriz Bravo"},"content":{"rendered":"<p style=\"text-align: center;\">El pasado mi\u00e9rcoles 15 de abril, con motivo de la celebraci\u00f3n<\/p>\n<p style=\"text-align: center;\">de las Jornadas Culturales de este curso 2014\/15,<\/p>\n<p style=\"text-align: center;\">tuvimos el placer de disfrutar en nuestro centro de la aportaci\u00f3n que a dichas jornadas<\/p>\n<p style=\"text-align: center;\">ha hecho\u00a0 <a href=\"https:\/\/gimnasioalcalakim.wordpress.com\/profesores\/benito-pablo-moreno\/\">BEATRIZ BRAVO ZAMBRANO<\/a>. Deportista de \u00e9lite e hija de nuestro gran amigo, compa\u00f1ero, maestro y director que fue<\/p>\n<p style=\"text-align: center;\"><strong>RAFAEL BRAVO MART\u00cdN<\/strong>.<\/p>\n<p><iframe loading=\"lazy\" src=\"https:\/\/www.youtube.com\/embed\/S8QenwDISWA?rel=0\" height=\"360\" width=\"640\" allowfullscreen=\"\" frameborder=\"0\"><\/iframe><\/p>\n<p style=\"text-align: center;\"><strong>\u00a1\u00a1\u00a1 GRACIAS CAMPEONA !!!<\/strong><\/p>\n","protected":false},"excerpt":{"rendered":"<p>El pasado mi\u00e9rcoles 15 de abril, con motivo de la celebraci\u00f3n de las Jornadas Culturales de este curso 2014\/15, tuvimos el placer de disfrutar en nuestro centro de la aportaci\u00f3n que a dichas jornadas ha hecho\u00a0 BEATRIZ BRAVO ZAMBRANO. Deportista de \u00e9lite e hija de nuestro gran amigo, compa\u00f1ero, maestro [&hellip;]<\/p>\n","protected":false},"author":4,"featured_media":0,"comment_status":"open","ping_status":"closed","sticky":false,"template":"","format":"standard","meta":{"jetpack_post_was_ever_published":false,"_jetpack_newsletter_access":"","_jetpack_dont_email_post_to_subs":false,"_jetpack_newsletter_tier_id":0,"_jetpack_memberships_contains_paywalled_content":false,"_jetpack_memberships_contains_paid_content":false,"footnotes":""},"categories":[103],"tags":[104],"class_list":["post-1104","post","type-post","status-publish","format-standard","hentry","category-eventos","tag-actividades-complementarias"],"jetpack_featured_media_url":"","jetpack_sharing_enabled":true,"jetpack_shortlink":"https:\/\/wp.me\/p9VlHp-hO","jetpack-related-posts":[{"id":1409,"url":"https:\/\/www.ceipmaestrorafaelbravomartin.es\/?p=1409","url_meta":{"origin":1104,"position":0},"title":"Jornadas de prevenci\u00f3n del acoso y ciberacoso.","author":"CEIP Maestro Rafael Bravo Mart\u00edn","date":"10 marzo, 2016","format":false,"excerpt":"En nuestro centro se llevar\u00e1n a cabo unas jornadas de formaci\u00f3n en prevenci\u00f3n del acoso y ciberacoso. Estas est\u00e1n dirigidas a padres\/madres y profesorado. Aqu\u00ed ten\u00e9is el cartel informativo.","rel":"","context":"En \u00abSin categor\u00eda\u00bb","block_context":{"text":"Sin categor\u00eda","link":"https:\/\/www.ceipmaestrorafaelbravomartin.es\/?cat=1"},"img":{"alt_text":"IMG-20160308-WA0001","src":"https:\/\/i0.wp.com\/blogasuncion.es\/wp-content\/uploads\/2016\/03\/IMG-20160308-WA0001-246x300.jpg?resize=350%2C200","width":350,"height":200},"classes":[]},{"id":1201,"url":"https:\/\/www.ceipmaestrorafaelbravomartin.es\/?p=1201","url_meta":{"origin":1104,"position":1},"title":"Organigrama curso 2015\/2016.","author":"CEIP Maestro Rafael Bravo Mart\u00edn","date":"1 octubre, 2015","format":false,"excerpt":"Como todos los a\u00f1os, comenzamos un nuevo curso escolar con muchas ganas e ilusi\u00f3n por nuestro trabajo. En esta ocasi\u00f3n el equipo humano encargado de realizar la labor de ense\u00f1ar a los ni\u00f1os\/as de nuestro\u00a0colegio es el siguiente: Educaci\u00f3n Infantil. Beatriz Ayll\u00f3n. Rosario Duarte. Mar\u00eda Trinidad Fern\u00e1ndez. Mar\u00eda del Valme\u2026","rel":"","context":"En \u00abEl centro\u00bb","block_context":{"text":"El centro","link":"https:\/\/www.ceipmaestrorafaelbravomartin.es\/?cat=10"},"img":{"alt_text":"","src":"","width":0,"height":0},"classes":[]},{"id":1441,"url":"https:\/\/www.ceipmaestrorafaelbravomartin.es\/?p=1441","url_meta":{"origin":1104,"position":2},"title":"Jornadas culturales 2015\/2016","author":"CEIP Maestro Rafael Bravo Mart\u00edn","date":"26 abril, 2016","format":false,"excerpt":"La semana pasada y con motivo del d\u00eda internacional del libro, celebramos las jornadas culturales con diferentes actividades. Igualmente celebraremos una convivencia de toda la comunidad escolar (d\u00eda de puertas abiertas) hoy 26 de abril, donde participaremos en un mont\u00f3n de actividades divertid\u00edsimas y pasaremos un buen rato tod@s. Aqu\u00ed\u2026","rel":"","context":"En \u00abBiblioteca Escolar\u00bb","block_context":{"text":"Biblioteca Escolar","link":"https:\/\/www.ceipmaestrorafaelbravomartin.es\/?cat=4"},"img":{"alt_text":"","src":"https:\/\/i0.wp.com\/img.youtube.com\/vi\/2-rOH9WVaN4\/0.jpg?resize=350%2C200","width":350,"height":200},"classes":[]},{"id":704,"url":"https:\/\/www.ceipmaestrorafaelbravomartin.es\/?p=704","url_meta":{"origin":1104,"position":3},"title":"Jornadas Culturales 2014:PLATERO CUMPLE CIEN A\u00d1OS","author":"CEIP Maestro Rafael Bravo Mart\u00edn","date":"26 marzo, 2014","format":false,"excerpt":"No hay otro burrito m\u00e1s longevo que Platero. Este a\u00f1o es el a\u00f1o de Platero. Cumple 100 a\u00f1os. La importancia de Platero la podemos comprobar por la cantidad de ediciones de esta eleg\u00eda, que s\u00f3lo es superada por la Biblia y el Quijote . Nuestro centro le dedica sus Jornadas\u2026","rel":"","context":"En \u00abNoticiero\u00bb","block_context":{"text":"Noticiero","link":"https:\/\/www.ceipmaestrorafaelbravomartin.es\/?cat=3"},"img":{"alt_text":"","src":"","width":0,"height":0},"classes":[]},{"id":1109,"url":"https:\/\/www.ceipmaestrorafaelbravomartin.es\/?p=1109","url_meta":{"origin":1104,"position":4},"title":"Jornadas Culturales 2015","author":"CEIP Maestro Rafael Bravo Mart\u00edn","date":"19 abril, 2015","format":false,"excerpt":"Durante los d\u00edas 15, 16 y 17 de abril se han desarrollado en nuestro centro las Jornadas Culturales del actual curso 2014\/15. En estas jornadas hemos realizado diversas actividades, de las cuales podemos ver muestras de ellas en el siguiente v\u00eddeo. Finalizando estos d\u00edas con el de Puertas Abiertas, donde\u2026","rel":"","context":"En \u00abEl centro\u00bb","block_context":{"text":"El centro","link":"https:\/\/www.ceipmaestrorafaelbravomartin.es\/?cat=10"},"img":{"alt_text":"","src":"","width":0,"height":0},"classes":[]},{"id":3514,"url":"https:\/\/www.ceipmaestrorafaelbravomartin.es\/?p=3514","url_meta":{"origin":1104,"position":5},"title":"Jornada de puertas abiertas","author":"CEIP Maestro Rafael Bravo Mart\u00edn","date":"3 febrero, 2025","format":false,"excerpt":"El pr\u00f3ximo martes 25 de febrero a las 17:00, tendremos la jornada de puertas abiertas para que todas las personas interesadas puedan conocer nuestro centro y nuestro trabajo. \u00a1Os esperamos!","rel":"","context":"En \u00abInformaci\u00f3n\u00bb","block_context":{"text":"Informaci\u00f3n","link":"https:\/\/www.ceipmaestrorafaelbravomartin.es\/?cat=20"},"img":{"alt_text":"","src":"https:\/\/i0.wp.com\/www.ceipmaestrorafaelbravomartin.es\/wp-content\/uploads\/2025\/02\/Imagen-de-WhatsApp-2025-01-29-a-las-16.47.17_9e54ee0c.jpg?resize=350%2C200&ssl=1","width":350,"height":200,"srcset":"https:\/\/i0.wp.com\/www.ceipmaestrorafaelbravomartin.es\/wp-content\/uploads\/2025\/02\/Imagen-de-WhatsApp-2025-01-29-a-las-16.47.17_9e54ee0c.jpg?resize=350%2C200&ssl=1 1x, https:\/\/i0.wp.com\/www.ceipmaestrorafaelbravomartin.es\/wp-content\/uploads\/2025\/02\/Imagen-de-WhatsApp-2025-01-29-a-las-16.47.17_9e54ee0c.jpg?resize=525%2C300&ssl=1 1.5x, https:\/\/i0.wp.com\/www.ceipmaestrorafaelbravomartin.es\/wp-content\/uploads\/2025\/02\/Imagen-de-WhatsApp-2025-01-29-a-las-16.47.17_9e54ee0c.jpg?resize=700%2C400&ssl=1 2x"},"classes":[]}],"_links":{"self":[{"href":"https:\/\/www.ceipmaestrorafaelbravomartin.es\/index.php?rest_route=\/wp\/v2\/posts\/1104","targetHints":{"allow":["GET"]}}],"collection":[{"href":"https:\/\/www.ceipmaestrorafaelbravomartin.es\/index.php?rest_route=\/wp\/v2\/posts"}],"about":[{"href":"https:\/\/www.ceipmaestrorafaelbravomartin.es\/index.php?rest_route=\/wp\/v2\/types\/post"}],"author":[{"embeddable":true,"href":"https:\/\/www.ceipmaestrorafaelbravomartin.es\/index.php?rest_route=\/wp\/v2\/users\/4"}],"replies":[{"embeddable":true,"href":"https:\/\/www.ceipmaestrorafaelbravomartin.es\/index.php?rest_route=%2Fwp%2Fv2%2Fcomments&post=1104"}],"version-history":[{"count":4,"href":"https:\/\/www.ceipmaestrorafaelbravomartin.es\/index.php?rest_route=\/wp\/v2\/posts\/1104\/revisions"}],"predecessor-version":[{"id":1108,"href":"https:\/\/www.ceipmaestrorafaelbravomartin.es\/index.php?rest_route=\/wp\/v2\/posts\/1104\/revisions\/1108"}],"wp:attachment":[{"href":"https:\/\/www.ceipmaestrorafaelbravomartin.es\/index.php?rest_route=%2Fwp%2Fv2%2Fmedia&parent=1104"}],"wp:term":[{"taxonomy":"category","embeddable":true,"href":"https:\/\/www.ceipmaestrorafaelbravomartin.es\/index.php?rest_route=%2Fwp%2Fv2%2Fcategories&post=1104"},{"taxonomy":"post_tag","embeddable":true,"href":"https:\/\/www.ceipmaestrorafaelbravomartin.es\/index.php?rest_route=%2Fwp%2Fv2%2Ftags&post=1104"}],"curies":[{"name":"wp","href":"https:\/\/api.w.org\/{rel}","templated":true}]}}