{"id":1109,"date":"2015-04-19T15:23:50","date_gmt":"2015-04-19T13:23:50","guid":{"rendered":"http:\/\/blogasuncion.es\/?p=1109"},"modified":"2015-04-19T15:23:50","modified_gmt":"2015-04-19T13:23:50","slug":"jornadas-culturales-2015","status":"publish","type":"post","link":"https:\/\/www.ceipmaestrorafaelbravomartin.es\/?p=1109","title":{"rendered":"Jornadas Culturales 2015"},"content":{"rendered":"<p style=\"text-align: center;\">Durante los d\u00edas 15, 16 y 17 de abril se han desarrollado en nuestro centro<\/p>\n<p style=\"text-align: center;\">las Jornadas Culturales del actual curso 2014\/15.<\/p>\n<p style=\"text-align: center;\">En estas jornadas hemos realizado diversas actividades, de las cuales podemos ver muestras de ellas en el siguiente v\u00eddeo.<\/p>\n<p style=\"text-align: center;\">Finalizando estos d\u00edas con el de Puertas Abiertas, donde todos los miembros de la comunidad educativa tuvimos la oportunidad de pasar un rato agradable en el patio Antonio Mill\u00e1n Ruvira.<\/p>\n<p><iframe loading=\"lazy\" src=\"https:\/\/www.youtube.com\/embed\/FJEwR6x6Qjg?rel=0\" height=\"360\" width=\"640\" allowfullscreen=\"\" frameborder=\"0\"><\/iframe><\/p>\n","protected":false},"excerpt":{"rendered":"<p>Durante los d\u00edas 15, 16 y 17 de abril se han desarrollado en nuestro centro las Jornadas Culturales del actual curso 2014\/15. En estas jornadas hemos realizado diversas actividades, de las cuales podemos ver muestras de ellas en el siguiente v\u00eddeo. Finalizando estos d\u00edas con el de Puertas Abiertas, donde [&hellip;]<\/p>\n","protected":false},"author":4,"featured_media":0,"comment_status":"open","ping_status":"closed","sticky":false,"template":"","format":"standard","meta":{"jetpack_post_was_ever_published":false,"_jetpack_newsletter_access":"","_jetpack_dont_email_post_to_subs":false,"_jetpack_newsletter_tier_id":0,"_jetpack_memberships_contains_paywalled_content":false,"_jetpack_memberships_contains_paid_content":false,"footnotes":""},"categories":[10,103,2],"tags":[],"class_list":["post-1109","post","type-post","status-publish","format-standard","hentry","category-centro","category-eventos","category-info"],"jetpack_featured_media_url":"","jetpack_sharing_enabled":true,"jetpack_shortlink":"https:\/\/wp.me\/p9VlHp-hT","jetpack-related-posts":[{"id":1104,"url":"https:\/\/www.ceipmaestrorafaelbravomartin.es\/?p=1104","url_meta":{"origin":1109,"position":0},"title":"Beatriz Bravo","author":"CEIP Maestro Rafael Bravo Mart\u00edn","date":"16 abril, 2015","format":false,"excerpt":"El pasado mi\u00e9rcoles 15 de abril, con motivo de la celebraci\u00f3n de las Jornadas Culturales de este curso 2014\/15, tuvimos el placer de disfrutar en nuestro centro de la aportaci\u00f3n que a dichas jornadas ha hecho\u00a0 BEATRIZ BRAVO ZAMBRANO. Deportista de \u00e9lite e hija de nuestro gran amigo, compa\u00f1ero, maestro\u2026","rel":"","context":"En \u00abEventos\u00bb","block_context":{"text":"Eventos","link":"https:\/\/www.ceipmaestrorafaelbravomartin.es\/?cat=103"},"img":{"alt_text":"","src":"","width":0,"height":0},"classes":[]},{"id":709,"url":"https:\/\/www.ceipmaestrorafaelbravomartin.es\/?p=709","url_meta":{"origin":1109,"position":1},"title":"Informativo febrero &#8211; marzo","author":"CEIP Maestro Rafael Bravo Mart\u00edn","date":"29 marzo, 2014","format":false,"excerpt":"Como colof\u00f3n a las Jornadas Culturales de 2014, ofrecemos el informativo de nuestro CANAL 6\u00baB TV, en el que recogemos los diferentes eventos que se han ido produciendo durante los meses de febrero y marzo en nuestro centro. Destacamos el esfuerzo de todo el alumnado participante y, especialmente el de\u2026","rel":"","context":"En \u00abInformaci\u00f3n\u00bb","block_context":{"text":"Informaci\u00f3n","link":"https:\/\/www.ceipmaestrorafaelbravomartin.es\/?cat=2"},"img":{"alt_text":"","src":"","width":0,"height":0},"classes":[]},{"id":643,"url":"https:\/\/www.ceipmaestrorafaelbravomartin.es\/?p=643","url_meta":{"origin":1109,"position":2},"title":"Campa\u00f1a de C\u00e1ritas","author":"CEIP Maestro Rafael Bravo Mart\u00edn","date":"19 enero, 2014","format":false,"excerpt":"Durante las Jornadas Culturales del pasado curso, por primera vez, se llev\u00f3 a cabo en nuestro centro una charla-coloquio al alumnado de 4\u00ba, 5\u00ba y 6\u00ba de primaria por parte de representantes de C\u00c1RITAS con objeto de concienciar a \u00e9ste de las necesidades de tantas personas y de la labor\u2026","rel":"","context":"En \u00abDedicatorias\u00bb","block_context":{"text":"Dedicatorias","link":"https:\/\/www.ceipmaestrorafaelbravomartin.es\/?cat=24"},"img":{"alt_text":"IMG_3252r","src":"https:\/\/i0.wp.com\/blogasuncion.es\/wp-content\/uploads\/2013\/01\/IMG_3252r.jpg?resize=350%2C200","width":350,"height":200},"classes":[]},{"id":704,"url":"https:\/\/www.ceipmaestrorafaelbravomartin.es\/?p=704","url_meta":{"origin":1109,"position":3},"title":"Jornadas Culturales 2014:PLATERO CUMPLE CIEN A\u00d1OS","author":"CEIP Maestro Rafael Bravo Mart\u00edn","date":"26 marzo, 2014","format":false,"excerpt":"No hay otro burrito m\u00e1s longevo que Platero. Este a\u00f1o es el a\u00f1o de Platero. Cumple 100 a\u00f1os. La importancia de Platero la podemos comprobar por la cantidad de ediciones de esta eleg\u00eda, que s\u00f3lo es superada por la Biblia y el Quijote . Nuestro centro le dedica sus Jornadas\u2026","rel":"","context":"En \u00abNoticiero\u00bb","block_context":{"text":"Noticiero","link":"https:\/\/www.ceipmaestrorafaelbravomartin.es\/?cat=3"},"img":{"alt_text":"","src":"","width":0,"height":0},"classes":[]},{"id":312,"url":"https:\/\/www.ceipmaestrorafaelbravomartin.es\/?p=312","url_meta":{"origin":1109,"position":4},"title":"PROGRAMA JORNADAS CULTURALES, ABRIL 2013","author":"CEIP Maestro Rafael Bravo Mart\u00edn","date":"9 abril, 2013","format":false,"excerpt":"D\u00eda 1 (lunes): Teatro de ingl\u00e9s por la compa\u00f1\u00eda FACE 2 FACE THEATRE. Lugar: Casa de la Cultura. D\u00eda 2 (martes) y hasta finalizar la tarea: Decoraci\u00f3n de la nueva entrada: Cuentos infantiles. (Alumnado de Infantil, 4 y 5 a\u00f1os, y Primaria) D\u00eda 10 (mi\u00e9rcole): Intercambio-Cambalache de cuentos, c\u00f3mics... Lugar:\u2026","rel":"","context":"En \u00abEl centro\u00bb","block_context":{"text":"El centro","link":"https:\/\/www.ceipmaestrorafaelbravomartin.es\/?cat=10"},"img":{"alt_text":"","src":"","width":0,"height":0},"classes":[]},{"id":316,"url":"https:\/\/www.ceipmaestrorafaelbravomartin.es\/?p=316","url_meta":{"origin":1109,"position":5},"title":"JORNADAS CULTURALES NTRA. SRA. DE LA ASUNCI\u00d3N 2013","author":"CEIP Maestro Rafael Bravo Mart\u00edn","date":"11 abril, 2013","format":false,"excerpt":"El libro centra las actividades de estas Jornadas Culturales 2013. Guadalquivir y Asunci\u00f3n se une a la celebraci\u00f3n de las mismas. 5\u00baB de Ntra. Sra. de la Asunci\u00f3n nos ofrece el v\u00eddeo cuento: STELALUNA de Janell Cannon. Seleccionado por aportar valores de integraci\u00f3n y solidaridad, aceptaci\u00f3n de uno mismo y\u2026","rel":"","context":"En \u00abNoticiero\u00bb","block_context":{"text":"Noticiero","link":"https:\/\/www.ceipmaestrorafaelbravomartin.es\/?cat=3"},"img":{"alt_text":"","src":"","width":0,"height":0},"classes":[]}],"_links":{"self":[{"href":"https:\/\/www.ceipmaestrorafaelbravomartin.es\/index.php?rest_route=\/wp\/v2\/posts\/1109","targetHints":{"allow":["GET"]}}],"collection":[{"href":"https:\/\/www.ceipmaestrorafaelbravomartin.es\/index.php?rest_route=\/wp\/v2\/posts"}],"about":[{"href":"https:\/\/www.ceipmaestrorafaelbravomartin.es\/index.php?rest_route=\/wp\/v2\/types\/post"}],"author":[{"embeddable":true,"href":"https:\/\/www.ceipmaestrorafaelbravomartin.es\/index.php?rest_route=\/wp\/v2\/users\/4"}],"replies":[{"embeddable":true,"href":"https:\/\/www.ceipmaestrorafaelbravomartin.es\/index.php?rest_route=%2Fwp%2Fv2%2Fcomments&post=1109"}],"version-history":[{"count":2,"href":"https:\/\/www.ceipmaestrorafaelbravomartin.es\/index.php?rest_route=\/wp\/v2\/posts\/1109\/revisions"}],"predecessor-version":[{"id":1111,"href":"https:\/\/www.ceipmaestrorafaelbravomartin.es\/index.php?rest_route=\/wp\/v2\/posts\/1109\/revisions\/1111"}],"wp:attachment":[{"href":"https:\/\/www.ceipmaestrorafaelbravomartin.es\/index.php?rest_route=%2Fwp%2Fv2%2Fmedia&parent=1109"}],"wp:term":[{"taxonomy":"category","embeddable":true,"href":"https:\/\/www.ceipmaestrorafaelbravomartin.es\/index.php?rest_route=%2Fwp%2Fv2%2Fcategories&post=1109"},{"taxonomy":"post_tag","embeddable":true,"href":"https:\/\/www.ceipmaestrorafaelbravomartin.es\/index.php?rest_route=%2Fwp%2Fv2%2Ftags&post=1109"}],"curies":[{"name":"wp","href":"https:\/\/api.w.org\/{rel}","templated":true}]}}