{"id":1112,"date":"2015-04-23T09:12:53","date_gmt":"2015-04-23T07:12:53","guid":{"rendered":"http:\/\/blogasuncion.es\/?p=1112"},"modified":"2015-04-23T09:12:53","modified_gmt":"2015-04-23T07:12:53","slug":"me-gusta-leer-porque","status":"publish","type":"post","link":"https:\/\/www.ceipmaestrorafaelbravomartin.es\/?p=1112","title":{"rendered":"ME GUSTA LEER PORQUE&#8230;"},"content":{"rendered":"<div class=\"separator\" style=\"clear: both; text-align: center;\"><a href=\"http:\/\/www.diadellibro.eu\/\" target=\"_blank\"><img decoding=\"async\" alt=\"http:\/\/www.diadellibro.eu\/\" src=\"http:\/\/2.bp.blogspot.com\/-pKj71HOlwAM\/VTgXNDI_H2I\/AAAAAAAAEKM\/_mI0TIo3-lc\/s1600\/Logotipo-dia-del-libro-diadellibro-eu-v-png300x100-naranja.png\" border=\"0\" \/><\/a><\/div>\n<div style=\"text-align: center;\">\n<p>La celebraci\u00f3n del <b>d\u00eda del libro<\/b> se remonta a principios de siglo. La <b>historia del libro<\/b> se hace festiva y surgen <b>actividades literarias<\/b> en toda Espa\u00f1a. Hoy, el d\u00eda 23 de Abril se celebra en todo el mundo, el d\u00eda del libro internacional.<\/div>\n<div style=\"text-align: center;\">\u00a0\u00a0 El <a title=\"Feria del libro, historia del libro, historia del d\u00eda del libro - Dia del libro\" href=\"http:\/\/www.diadellibro.eu\/origenes-dia-del-libro.html\">Origen del d\u00eda del libro<\/a> se remonta a 1926. El 23 de abril de 1616 fallec\u00edan Cervantes y<br \/>\nShakespeare.<\/div>\n<div style=\"text-align: center;\">Quiz\u00e1s os animen a disfrutar de alg\u00fan buen libro estos preciosos cortos:<\/div>\n<div style=\"text-align: center;\"><\/div>\n<div style=\"text-align: center;\">INCREDIBLE SURFING ANIMATION te anima a sumergirte, a surfear por los libros viviendo sus aventuras en primera persona:<\/div>\n<div style=\"text-align: center;\"><\/div>\n<p style=\"text-align: center;\"><iframe loading=\"lazy\" src=\"https:\/\/www.youtube.com\/embed\/MCq6tbwHN0U\" height=\"360\" width=\"640\" allowfullscreen=\"\" frameborder=\"0\"><\/iframe><\/p>\n<p style=\"text-align: center;\">\nSi dispones de un cuartito de hora seguro que te merecer\u00e1 la pena dedic\u00e1rselo a <b><i>Los fant\u00e1sticos libros voladores de Sr. Morris Lessmore<\/i><\/b>,\u00a0 que recibi\u00f3 en 2012 el \u00f3scar al mejor corto de animaci\u00f3n:<\/p>\n<p style=\"text-align: center;\"><iframe loading=\"lazy\" src=\"https:\/\/www.youtube.com\/embed\/qgY4Xg4k_-o\" height=\"360\" width=\"640\" allowfullscreen=\"\" frameborder=\"0\"><\/iframe><\/p>\n<p style=\"text-align: center;\">\n\u00danete y di con nosotros: \u00abME GUSTA LEER\u00bb:<\/p>\n<p style=\"text-align: center;\">\n<iframe loading=\"lazy\" src=\"https:\/\/www.youtube.com\/embed\/oX1LM9HIk_s\" height=\"480\" width=\"640\" allowfullscreen=\"\" frameborder=\"0\"><\/iframe><\/p>\n<p style=\"text-align: center;\">Sigue t\u00fa: Me gusta leer porque&#8230;<\/p>\n<p>&nbsp;<\/p>\n","protected":false},"excerpt":{"rendered":"<p>La celebraci\u00f3n del d\u00eda del libro se remonta a principios de siglo. La historia del libro se hace festiva y surgen actividades literarias en toda Espa\u00f1a. Hoy, el d\u00eda 23 de Abril se celebra en todo el mundo, el d\u00eda del libro internacional. \u00a0\u00a0 El Origen del d\u00eda del libro [&hellip;]<\/p>\n","protected":false},"author":4,"featured_media":0,"comment_status":"closed","ping_status":"closed","sticky":false,"template":"","format":"standard","meta":{"jetpack_post_was_ever_published":false,"_jetpack_newsletter_access":"","_jetpack_dont_email_post_to_subs":false,"_jetpack_newsletter_tier_id":0,"_jetpack_memberships_contains_paywalled_content":false,"_jetpack_memberships_contains_paid_content":false,"footnotes":""},"categories":[4,103],"tags":[],"class_list":["post-1112","post","type-post","status-publish","format-standard","hentry","category-s7-biblioteca","category-eventos"],"jetpack_featured_media_url":"","jetpack_sharing_enabled":true,"jetpack_shortlink":"https:\/\/wp.me\/p9VlHp-hW","jetpack-related-posts":[{"id":1836,"url":"https:\/\/www.ceipmaestrorafaelbravomartin.es\/?p=1836","url_meta":{"origin":1112,"position":0},"title":"23 DE ABRIL: D\u00cdA DEL LIBRO","author":"CEIP Maestro Rafael Bravo Mart\u00edn","date":"23 abril, 2018","format":false,"excerpt":"A veces las mejores actividades, las que m\u00e1s entusiasman y obtienen resultados sorprendentes surgen de manera espont\u00e1nea fruto de diferentes personas y circunstancias. Y \u00e9sta es una de esas veces. Desde un \"Taller para Tejer\" nos comparten una interesante noticia: El Colegio P\u00fablico de Bar\u00e1soain, pionero en implantar la \u2018lanaterapia\u2019\u2026","rel":"","context":"En \u00abEventos\u00bb","block_context":{"text":"Eventos","link":"https:\/\/www.ceipmaestrorafaelbravomartin.es\/?cat=103"},"img":{"alt_text":"","src":"","width":0,"height":0},"classes":[]},{"id":214,"url":"https:\/\/www.ceipmaestrorafaelbravomartin.es\/?p=214","url_meta":{"origin":1112,"position":1},"title":"Celebraci\u00f3n del D\u00eda de la Constituci\u00f3n","author":"CEIP Maestro Rafael Bravo Mart\u00edn","date":"12 diciembre, 2011","format":false,"excerpt":"Este a\u00f1o, en nuestro Centro se han realizado diversas actividades para celebrar el XXXIII Aniversario de la Constituci\u00f3n Espa\u00f1ola. El d\u00eda de la Constituci\u00f3n es festivo (6 de Diciembre), y se conmemora la celebraci\u00f3n del Refer\u00e9ndum Constitucional de 1978, en el que el pueblo espa\u00f1ol la aprob\u00f3 por amplia mayor\u00eda.\u2026","rel":"","context":"En \u00abCurso 2011\/12\u00bb","block_context":{"text":"Curso 2011\/12","link":"https:\/\/www.ceipmaestrorafaelbravomartin.es\/?cat=45"},"img":{"alt_text":"","src":"https:\/\/i0.wp.com\/www.ceipmaestrorafaelbravomartin.es\/wp-content\/uploads\/2011\/12\/Captura%2Bde%2Bpantalla%2B2011-12-04%2Ba%2Blas%2B19.31.33.png?resize=350%2C200&ssl=1","width":350,"height":200},"classes":[]},{"id":246,"url":"https:\/\/www.ceipmaestrorafaelbravomartin.es\/?p=246","url_meta":{"origin":1112,"position":2},"title":"\u00abThe Sleeping Clouds\u00bb y \u00abA Royal Visit\u00bb","author":"CEIP Maestro Rafael Bravo Mart\u00edn","date":"26 abril, 2012","format":false,"excerpt":"\u00a0 Con motivo del D\u00eda del Libro, los cursos 1\u00baB y 4\u00baB representaron dos peque\u00f1as obras teatrales en Idioma extranjero-Ingl\u00e9s, \u201cThe Sleeping Clouds\u201d y \u201c A Royal Visit\u201d respectivamente. Para los preparativos de las mismas y la obtenci\u00f3n de un magn\u00edfico resultado, contamos con la colaboraci\u00f3n de la comunidad educativa.\u2026","rel":"","context":"En \u00abPlanes y programas\u00bb","block_context":{"text":"Planes y programas","link":"https:\/\/www.ceipmaestrorafaelbravomartin.es\/?cat=23"},"img":{"alt_text":"","src":"","width":0,"height":0},"classes":[]},{"id":171,"url":"https:\/\/www.ceipmaestrorafaelbravomartin.es\/?p=171","url_meta":{"origin":1112,"position":3},"title":"Informaci\u00f3n cheques-libro del primer ciclo de Primaria.","author":"CEIP Maestro Rafael Bravo Mart\u00edn","date":"28 junio, 2011","format":false,"excerpt":"Se informa a todos los padres, madres y\/o tutores legales del alumnado de 1\u00ba y 2\u00ba de Primaria que ya est\u00e1n disponibles los cheques-libro para el curso que viene. Pueden pasar a recogerlos por Secretar\u00eda en el horario habitual hasta el d\u00eda 30 de junio.","rel":"","context":"En \u00abSecretar\u00eda\u00bb","block_context":{"text":"Secretar\u00eda","link":"https:\/\/www.ceipmaestrorafaelbravomartin.es\/?cat=16"},"img":{"alt_text":"","src":"","width":0,"height":0},"classes":[]},{"id":601,"url":"https:\/\/www.ceipmaestrorafaelbravomartin.es\/?p=601","url_meta":{"origin":1112,"position":4},"title":"25 de noviembre: D\u00eda Internacional de la Eliminaci\u00f3n de la Violencia contra la Mujer","author":"CEIP Maestro Rafael Bravo Mart\u00edn","date":"25 noviembre, 2013","format":false,"excerpt":"A trav\u00e9s de nuestro Ayuntamiento nos unimos a la propuesta del Instituto Andaluz de la Mujer con la lectura simult\u00e1nea del libro \"NI UN BESITO A LA FUERZA\" un cuento coeditado en 2009 por dicho Instituto y que este a\u00f1o se utiliza como recurso coeducativo para trabajar con el alumnado\u2026","rel":"","context":"En \u00abNoticiero\u00bb","block_context":{"text":"Noticiero","link":"https:\/\/www.ceipmaestrorafaelbravomartin.es\/?cat=3"},"img":{"alt_text":"","src":"","width":0,"height":0},"classes":[]},{"id":2506,"url":"https:\/\/www.ceipmaestrorafaelbravomartin.es\/?p=2506","url_meta":{"origin":1112,"position":5},"title":"D\u00eda del libro","author":"CEIP Maestro Rafael Bravo Mart\u00edn","date":"23 abril, 2020","format":false,"excerpt":"Desde el ciclo de Educaci\u00f3n Infantil han preparado esta actividad para el d\u00eda del libro. Los ni\u00f1os\/as han hecho un dibujo sobre el cuento que les han contado sus maestras. A continuaci\u00f3n os dejamos sus dibujos y el cuento de las se\u00f1os. Esperamos que os gusten. \u00a1Feliz d\u00eda del libro!\u2026","rel":"","context":"En \u00abBiblioteca Escolar\u00bb","block_context":{"text":"Biblioteca Escolar","link":"https:\/\/www.ceipmaestrorafaelbravomartin.es\/?cat=4"},"img":{"alt_text":"","src":"https:\/\/i0.wp.com\/www.ceipmaestrorafaelbravomartin.es\/wp-content\/uploads\/2020\/04\/inCollage_20200422_235133829_resized_20200423_125650520-1-150x150.jpg?resize=350%2C200&ssl=1","width":350,"height":200,"srcset":"https:\/\/i0.wp.com\/www.ceipmaestrorafaelbravomartin.es\/wp-content\/uploads\/2020\/04\/inCollage_20200422_235133829_resized_20200423_125650520-1-150x150.jpg?resize=350%2C200&ssl=1 1x, https:\/\/i0.wp.com\/www.ceipmaestrorafaelbravomartin.es\/wp-content\/uploads\/2020\/04\/inCollage_20200422_235133829_resized_20200423_125650520-1-150x150.jpg?resize=525%2C300&ssl=1 1.5x, https:\/\/i0.wp.com\/www.ceipmaestrorafaelbravomartin.es\/wp-content\/uploads\/2020\/04\/inCollage_20200422_235133829_resized_20200423_125650520-1-150x150.jpg?resize=700%2C400&ssl=1 2x"},"classes":[]}],"_links":{"self":[{"href":"https:\/\/www.ceipmaestrorafaelbravomartin.es\/index.php?rest_route=\/wp\/v2\/posts\/1112","targetHints":{"allow":["GET"]}}],"collection":[{"href":"https:\/\/www.ceipmaestrorafaelbravomartin.es\/index.php?rest_route=\/wp\/v2\/posts"}],"about":[{"href":"https:\/\/www.ceipmaestrorafaelbravomartin.es\/index.php?rest_route=\/wp\/v2\/types\/post"}],"author":[{"embeddable":true,"href":"https:\/\/www.ceipmaestrorafaelbravomartin.es\/index.php?rest_route=\/wp\/v2\/users\/4"}],"replies":[{"embeddable":true,"href":"https:\/\/www.ceipmaestrorafaelbravomartin.es\/index.php?rest_route=%2Fwp%2Fv2%2Fcomments&post=1112"}],"version-history":[{"count":2,"href":"https:\/\/www.ceipmaestrorafaelbravomartin.es\/index.php?rest_route=\/wp\/v2\/posts\/1112\/revisions"}],"predecessor-version":[{"id":1115,"href":"https:\/\/www.ceipmaestrorafaelbravomartin.es\/index.php?rest_route=\/wp\/v2\/posts\/1112\/revisions\/1115"}],"wp:attachment":[{"href":"https:\/\/www.ceipmaestrorafaelbravomartin.es\/index.php?rest_route=%2Fwp%2Fv2%2Fmedia&parent=1112"}],"wp:term":[{"taxonomy":"category","embeddable":true,"href":"https:\/\/www.ceipmaestrorafaelbravomartin.es\/index.php?rest_route=%2Fwp%2Fv2%2Fcategories&post=1112"},{"taxonomy":"post_tag","embeddable":true,"href":"https:\/\/www.ceipmaestrorafaelbravomartin.es\/index.php?rest_route=%2Fwp%2Fv2%2Ftags&post=1112"}],"curies":[{"name":"wp","href":"https:\/\/api.w.org\/{rel}","templated":true}]}}