{"id":114,"date":"2010-12-17T09:43:56","date_gmt":"2010-12-17T08:43:56","guid":{"rendered":"http:\/\/blogasuncion.es\/?p=114"},"modified":"2014-10-12T20:15:03","modified_gmt":"2014-10-12T18:15:03","slug":"la-danza-de-las-rosas","status":"publish","type":"post","link":"https:\/\/www.ceipmaestrorafaelbravomartin.es\/?p=114","title":{"rendered":"La danza de las rosas."},"content":{"rendered":"\n<p style=\"margin-bottom: 0cm\"> <\/p>\n<p style=\"margin-bottom: 0cm\">Un jardinero muy aficionado<\/p>\n<p style=\"margin-bottom: 0cm\">prob\u00f3 a regarlas<\/p>\n<p style=\"margin-bottom: 0cm\">para que recuperaran el bello brillo de la ma\u00f1ana,<\/p>\n<p style=\"margin-bottom: 0cm\">esper\u00f3, esper\u00f3, pero nada ocurri\u00f3.<\/p>\n<p style=\"margin-bottom: 0cm\"> <\/p>\n<p style=\"margin-bottom: 0cm\">Mas tarde lleg\u00f3 un agricultor<\/p>\n<p style=\"margin-bottom: 0cm\">que con abono las roci\u00f3<\/p>\n<p style=\"margin-bottom: 0cm\">pero no pas\u00f3 nada  <\/p>\n<p style=\"margin-bottom: 0cm\">as\u00ed que decidi\u00f3 echarles agua<\/p>\n<p style=\"margin-bottom: 0cm\">pero las rosas segu\u00edan sin tener  <\/p>\n<p style=\"margin-bottom: 0cm\">el amado brillo de la ma\u00f1ana.<\/p>\n<p style=\"margin-bottom: 0cm\"> <\/p>\n<p style=\"margin-bottom: 0cm\">Ya era el atardecer  <\/p>\n<p style=\"margin-bottom: 0cm\">y las rosas segu\u00edan sin tener<\/p>\n<p style=\"margin-bottom: 0cm\">su color rojizo del nacer.<\/p>\n<p style=\"margin-bottom: 0cm\"> <\/p>\n<p style=\"margin-bottom: 0cm\">Todos los vecinos se fueron a sus casas<\/p>\n<p style=\"margin-bottom: 0cm\">sin haber visto las flores del alba<\/p>\n<p style=\"margin-bottom: 0cm\">solo se llevaron desilusi\u00f3n<\/p>\n<p style=\"margin-bottom: 0cm\">porque no vieron las flores del amor.<\/p>\n<p style=\"margin-bottom: 0cm\"> <\/p>\n<p style=\"margin-bottom: 0cm\">Un ni\u00f1o que por all\u00ed pas\u00f3  <\/p>\n<p style=\"margin-bottom: 0cm\">y las tristes flores vio<\/p>\n<p style=\"margin-bottom: 0cm\">el ni\u00f1o a las flores le pregunt\u00f3<\/p>\n<p style=\"margin-bottom: 0cm\">porque no ten\u00edan el brillo del amor<\/p>\n<p style=\"margin-bottom: 0cm\">y las flores le respondieron:<\/p>\n<p style=\"margin-bottom: 0cm\">estamos tan tristes<\/p>\n<p style=\"margin-bottom: 0cm\">porque no tenemos la danza del amor<\/p>\n<p style=\"margin-bottom: 0cm\">solo tenemos un color negro<\/p>\n<p style=\"margin-bottom: 0cm\">tan negro como el carb\u00f3n.<\/p>\n<p style=\"margin-bottom: 0cm\">El ni\u00f1o pensando se qued\u00f3<\/p>\n<p style=\"margin-bottom: 0cm\">\u00bfC\u00f3mo podr\u00eda encontrar la danza del amor?<\/p>\n<p style=\"margin-bottom: 0cm\"> <\/p>\n<p style=\"margin-bottom: 0cm\">El ni\u00f1o a su casa fue<\/p>\n<p style=\"margin-bottom: 0cm\">a buscar una flauta que su abuelo le regal\u00f3<\/p>\n<p style=\"margin-bottom: 0cm\">en un viejo ba\u00fal la encontr\u00f3<\/p>\n<p style=\"margin-bottom: 0cm\">llena de polvo la cogi\u00f3<\/p>\n<p style=\"margin-bottom: 0cm\">y con las rosas regres\u00f3.<\/p>\n<p style=\"margin-bottom: 0cm\"> <\/p>\n<p style=\"margin-bottom: 0cm\">La flauta empez\u00f3 a tocar<\/p>\n<p style=\"margin-bottom: 0cm\">y las rosas empezaron a bailar<\/p>\n<p style=\"margin-bottom: 0cm\">llen\u00e1ndose de su rojo color.<\/p>\n<p style=\"margin-bottom: 0cm\"> <\/p>\n<p style=\"margin-bottom: 0cm\">Poco a poco el jard\u00edn de gente se empez\u00f3 a llenar<\/p>\n<p style=\"margin-bottom: 0cm\">dejando la sala con un comp\u00e1s<\/p>\n<p style=\"margin-bottom: 0cm\">todo el mundo empez\u00f3 a cantar<\/p>\n<p style=\"margin-bottom: 0cm\">y las rosas empezaron a cantar<\/p>\n<p style=\"margin-bottom: 0cm\">as\u00ed consiguiendo el brillo del contr\u00e1s.<\/p>\n<p style=\"margin-bottom: 0cm\">&nbsp;<\/p>\n<p style=\"margin-bottom: 0cm\">FIN<\/p>\n<p style=\"margin-bottom: 0cm\" align=\"right\">\u00a0MANOLO R. C. 5\u00baA<\/p>\n<div style=\"position: absolute; left: 1px; top: 19px; width: 4px; height: 14px\">\u00a0<\/div>\n","protected":false},"excerpt":{"rendered":"<p><!-- \t\t@page { margin: 2cm } \t\tP { margin-bottom: 0.21cm } \t-->   \t \t \t \t \t<!-- \t\t@page { margin: 2cm } \t\tP { margin-bottom: 0.21cm } \t--> \t   <\/p>\n<h2 style=\"margin-bottom: 0cm\" align=\"left\">La danza de las rosas<\/h2>\n<h2 style=\"margin-bottom: 0cm\" align=\"left\">\n<div style=\"text-align: center\"><img loading=\"lazy\" decoding=\"async\" src=\"http:\/\/blogasuncion.es\/wp-content\/uploads\/2010\/12\/rosas.jpg\" border=\"0\" width=\"123\" height=\"93\" \/><\/div>\n<\/h2>\n<div align=\"center\"> <\/div>\n<p style=\"margin-bottom: 0cm\" align=\"center\"> <\/p>\n<div align=\"center\"> <\/div>\n<p>   \t \t \t \t \t<!-- \t\t@page { margin: 2cm } \t\tP { margin-bottom: 0.21cm } \t--> \t  <\/p>\n<p style=\"margin-bottom: 0cm\">\u00c9rase que se era una linda ma\u00f1ana<\/p>\n<p style=\"margin-bottom: 0cm\">las rosas rojas, los p\u00e1jaros gorgojeaban.<\/p>\n<p style=\"margin-bottom: 0cm\"> <\/p>\n<p style=\"margin-bottom: 0cm\">El alcalde que por all\u00ed pas\u00f3<\/p>\n<p style=\"margin-bottom: 0cm\">vio que las rosas no ten\u00edan el brillo del amor,<\/p>\n<p style=\"margin-bottom: 0cm\">solo tienen un color oscuro<\/p>\n<p style=\"margin-bottom: 0cm\">tan negro como el carb\u00f3n.<\/p>\n","protected":false},"author":4,"featured_media":113,"comment_status":"closed","ping_status":"open","sticky":false,"template":"","format":"standard","meta":{"jetpack_post_was_ever_published":false,"_jetpack_newsletter_access":"","_jetpack_dont_email_post_to_subs":false,"_jetpack_newsletter_tier_id":0,"_jetpack_memberships_contains_paywalled_content":false,"_jetpack_memberships_contains_paid_content":false,"footnotes":""},"categories":[35],"tags":[],"class_list":["post-114","post","type-post","status-publish","format-standard","has-post-thumbnail","hentry","category-creacion"],"jetpack_featured_media_url":"https:\/\/www.ceipmaestrorafaelbravomartin.es\/wp-content\/uploads\/2010\/12\/rosas.jpg","jetpack_sharing_enabled":true,"jetpack_shortlink":"https:\/\/wp.me\/p9VlHp-1Q","jetpack-related-posts":[{"id":162,"url":"https:\/\/www.ceipmaestrorafaelbravomartin.es\/?p=162","url_meta":{"origin":114,"position":0},"title":"LA BICICLETA , UN MARAVILLOSO Y SALUDABLE MEDIO DE TRANSPORTE.","author":"CEIP Maestro Rafael Bravo Mart\u00edn","date":"17 junio, 2011","format":false,"excerpt":"Durante esto a\u00f1os,\u00a0 han sido muchos los ni\u00f1os\/as que han sacado su carnet de conducir bicicletas. El maestro Pepe Palma, junto con la maestra Puri llevan muchos a\u00f1os dedicando un d\u00eda a esta actividad tan maravillosa con los m\u00e1s peque\u00f1os\/as ( al finalizar su segundo curso de Educaci\u00f3n Primaria). \u00a0\u2026","rel":"","context":"En \u00abEd. F\u00edsica\u00bb","block_context":{"text":"Ed. F\u00edsica","link":"https:\/\/www.ceipmaestrorafaelbravomartin.es\/?cat=28"},"img":{"alt_text":"","src":"","width":0,"height":0},"classes":[]},{"id":29,"url":"https:\/\/www.ceipmaestrorafaelbravomartin.es\/?p=29","url_meta":{"origin":114,"position":1},"title":"Escuelas Deportivas","author":"CEIP Maestro Rafael Bravo Mart\u00edn","date":"15 octubre, 2010","format":false,"excerpt":"Escuelas deportivas es un programa totalmente subvencionado por la Consejer\u00eda de Educaci\u00f3n y su objetivo es regular todas las actividades fisico-deportivas que se realicen por las tarde en los centros escolares. Por lo tanto todas las actividades ser\u00e1n totalmente gratuitas.Adem\u00e1s estas actividades se contemplan como un complemento ideal para las\u2026","rel":"","context":"En \u00abPlanes y programas\u00bb","block_context":{"text":"Planes y programas","link":"https:\/\/www.ceipmaestrorafaelbravomartin.es\/?cat=23"},"img":{"alt_text":"Escuelas deportiva","src":"https:\/\/i0.wp.com\/blogasuncion.es\/wp-content\/uploads\/2010\/10\/deporteescuela-281x300.png?resize=350%2C200","width":350,"height":200},"classes":[]},{"id":227,"url":"https:\/\/www.ceipmaestrorafaelbravomartin.es\/?p=227","url_meta":{"origin":114,"position":2},"title":"\u00abIngl\u00e9s en Infantil\u00bb","author":"CEIP Maestro Rafael Bravo Mart\u00edn","date":"22 febrero, 2012","format":false,"excerpt":"Aqu\u00ed ten\u00e9is un v\u00eddeo en el que se puede ver la forma que tenemos de trabajar el ingl\u00e9s en infantil; los ni\u00f1os y las ni\u00f1as aprenden en ingl\u00e9s vocabulario que trabajan en clase con las tutoras, ya que como anticipaci\u00f3n ling\u00fc\u00edstica, queremos que los contenidos vayan de la mano con\u2026","rel":"","context":"En \u00abEducaci\u00f3n Infantil\u00bb","block_context":{"text":"Educaci\u00f3n Infantil","link":"https:\/\/www.ceipmaestrorafaelbravomartin.es\/?cat=26"},"img":{"alt_text":"","src":"","width":0,"height":0},"classes":[]},{"id":1830,"url":"https:\/\/www.ceipmaestrorafaelbravomartin.es\/?p=1830","url_meta":{"origin":114,"position":3},"title":"Coeducaci\u00f3n.","author":"CEIP Maestro Rafael Bravo Mart\u00edn","date":"18 abril, 2018","format":false,"excerpt":"Ahora que se acerca el d\u00eda del libro (23 de abril) y para lograr uno de nuestros objetivos principales: la transmisi\u00f3n de valores, actitudes y modelos de referencia personales y colectivos, que contribuyan a la tan ansiada igualdad, desde\u00a0coeducaci\u00f3n\u00a0queremos contribuir a que ni\u00f1os\/as accedan a un tipo de literatura que\u2026","rel":"","context":"En \u00abCoeducaci\u00f3n\u00bb","block_context":{"text":"Coeducaci\u00f3n","link":"https:\/\/www.ceipmaestrorafaelbravomartin.es\/?cat=114"},"img":{"alt_text":"","src":"","width":0,"height":0},"classes":[]},{"id":1041,"url":"https:\/\/www.ceipmaestrorafaelbravomartin.es\/?p=1041","url_meta":{"origin":114,"position":4},"title":"Entrega de boletines","author":"CEIP Maestro Rafael Bravo Mart\u00edn","date":"15 diciembre, 2014","format":false,"excerpt":"Ma\u00f1ana, martes 16 de diciembre de 2014, se entregar\u00e1n los BOLETINES DE CALIFICACIONES de la PRIMERA EVALUACI\u00d3N al alumnado de Primar\u00eda a las 14:00 horas antes de salir de clase. Por la tarde, desde las 16:00 a las 18:00 horas, podr\u00e1n acudir aquellos\/as tutores\/as legales, que deseen hace alguna consulta\u2026","rel":"","context":"En \u00abEl centro\u00bb","block_context":{"text":"El centro","link":"https:\/\/www.ceipmaestrorafaelbravomartin.es\/?cat=10"},"img":{"alt_text":"","src":"","width":0,"height":0},"classes":[]},{"id":2911,"url":"https:\/\/www.ceipmaestrorafaelbravomartin.es\/?p=2911","url_meta":{"origin":114,"position":5},"title":"Campa\u00f1a de juguetes no sexistas","author":"CEIP Maestro Rafael Bravo Mart\u00edn","date":"1 diciembre, 2020","format":false,"excerpt":"Queridas familias, con la llegada del mes de Diciembre, desde el Plan deIgualdad nos gustar\u00eda haceros llegar una serie de orientaciones pararealizar una elecci\u00f3n segura, igualitaria y ajustada a la edad de losjuguetes que vay\u00e1is a comprar. Debemos rechazar los juguetes sexistas y aquellos que fomentenconductas agresivas o racistas, ya\u2026","rel":"","context":"En \u00abCoeducaci\u00f3n\u00bb","block_context":{"text":"Coeducaci\u00f3n","link":"https:\/\/www.ceipmaestrorafaelbravomartin.es\/?cat=114"},"img":{"alt_text":"","src":"https:\/\/i0.wp.com\/img.youtube.com\/vi\/S3_DDLGIpaM\/0.jpg?resize=350%2C200","width":350,"height":200},"classes":[]}],"_links":{"self":[{"href":"https:\/\/www.ceipmaestrorafaelbravomartin.es\/index.php?rest_route=\/wp\/v2\/posts\/114","targetHints":{"allow":["GET"]}}],"collection":[{"href":"https:\/\/www.ceipmaestrorafaelbravomartin.es\/index.php?rest_route=\/wp\/v2\/posts"}],"about":[{"href":"https:\/\/www.ceipmaestrorafaelbravomartin.es\/index.php?rest_route=\/wp\/v2\/types\/post"}],"author":[{"embeddable":true,"href":"https:\/\/www.ceipmaestrorafaelbravomartin.es\/index.php?rest_route=\/wp\/v2\/users\/4"}],"replies":[{"embeddable":true,"href":"https:\/\/www.ceipmaestrorafaelbravomartin.es\/index.php?rest_route=%2Fwp%2Fv2%2Fcomments&post=114"}],"version-history":[{"count":1,"href":"https:\/\/www.ceipmaestrorafaelbravomartin.es\/index.php?rest_route=\/wp\/v2\/posts\/114\/revisions"}],"predecessor-version":[{"id":946,"href":"https:\/\/www.ceipmaestrorafaelbravomartin.es\/index.php?rest_route=\/wp\/v2\/posts\/114\/revisions\/946"}],"wp:featuredmedia":[{"embeddable":true,"href":"https:\/\/www.ceipmaestrorafaelbravomartin.es\/index.php?rest_route=\/wp\/v2\/media\/113"}],"wp:attachment":[{"href":"https:\/\/www.ceipmaestrorafaelbravomartin.es\/index.php?rest_route=%2Fwp%2Fv2%2Fmedia&parent=114"}],"wp:term":[{"taxonomy":"category","embeddable":true,"href":"https:\/\/www.ceipmaestrorafaelbravomartin.es\/index.php?rest_route=%2Fwp%2Fv2%2Fcategories&post=114"},{"taxonomy":"post_tag","embeddable":true,"href":"https:\/\/www.ceipmaestrorafaelbravomartin.es\/index.php?rest_route=%2Fwp%2Fv2%2Ftags&post=114"}],"curies":[{"name":"wp","href":"https:\/\/api.w.org\/{rel}","templated":true}]}}