{"id":1140,"date":"2015-06-05T19:04:34","date_gmt":"2015-06-05T17:04:34","guid":{"rendered":"http:\/\/blogasuncion.es\/?p=1140"},"modified":"2015-06-11T19:15:32","modified_gmt":"2015-06-11T17:15:32","slug":"dia-mundial-del-medio-ambiente","status":"publish","type":"post","link":"https:\/\/www.ceipmaestrorafaelbravomartin.es\/?p=1140","title":{"rendered":"D\u00eda Mundial del Medio Ambiente"},"content":{"rendered":"<p><a href=\"http:\/\/blogasuncion.es\/wp-content\/uploads\/2015\/06\/WED-2015.jpg\"><img loading=\"lazy\" decoding=\"async\" data-attachment-id=\"1141\" data-permalink=\"https:\/\/www.ceipmaestrorafaelbravomartin.es\/?attachment_id=1141\" data-orig-file=\"https:\/\/www.ceipmaestrorafaelbravomartin.es\/wp-content\/uploads\/2015\/06\/WED-2015.jpg\" data-orig-size=\"300,282\" data-comments-opened=\"0\" data-image-meta=\"{&quot;aperture&quot;:&quot;0&quot;,&quot;credit&quot;:&quot;&quot;,&quot;camera&quot;:&quot;&quot;,&quot;caption&quot;:&quot;&quot;,&quot;created_timestamp&quot;:&quot;0&quot;,&quot;copyright&quot;:&quot;&quot;,&quot;focal_length&quot;:&quot;0&quot;,&quot;iso&quot;:&quot;0&quot;,&quot;shutter_speed&quot;:&quot;0&quot;,&quot;title&quot;:&quot;&quot;}\" data-image-title=\"WED-2015\" data-image-description=\"\" data-image-caption=\"\" data-medium-file=\"https:\/\/www.ceipmaestrorafaelbravomartin.es\/wp-content\/uploads\/2015\/06\/WED-2015.jpg\" data-large-file=\"https:\/\/www.ceipmaestrorafaelbravomartin.es\/wp-content\/uploads\/2015\/06\/WED-2015.jpg\" class=\"size-full wp-image-1141 alignleft\" alt=\"WED-2015\" src=\"http:\/\/blogasuncion.es\/wp-content\/uploads\/2015\/06\/WED-2015.jpg\" width=\"285\" height=\"269\" \/><\/a>\u201cEste a\u00f1o de transformaciones, esperamos ver grandes avances en lo que respecta al desarrollo sostenible y el cambio clim\u00e1tico, celebremos el D\u00eda Mundial del Medio Ambiente siendo m\u00e1s conscientes de nuestro impacto ecol\u00f3gico. Pensemos en las consecuencias que tienen para el medio ambiente las elecciones que hacemos. Seamos mejores custodios de nuestro planeta\u201d, enunci\u00f3 el secretario general de las Naciones Unidas, <strong> Ban Ki-moon. <\/strong><\/p>\n<p style=\"text-align: center;\">En nuestro cole hemos llevado a cabo distintos talleres de reciclaje, de los que se ha querido hacer part\u00edcipe a todo el alumnado del mismo.<\/p>\n<p><iframe loading=\"lazy\" src=\"https:\/\/www.youtube.com\/embed\/vTQFTw4H0DQ?rel=0\" height=\"360\" width=\"640\" allowfullscreen=\"\" frameborder=\"0\"><\/iframe><\/p>\n<p style=\"text-align: center;\"><strong>Gracias a todos y todas por vuestra colaboraci\u00f3n.<\/strong><\/p>\n","protected":false},"excerpt":{"rendered":"<p>\u201cEste a\u00f1o de transformaciones, esperamos ver grandes avances en lo que respecta al desarrollo sostenible y el cambio clim\u00e1tico, celebremos el D\u00eda Mundial del Medio Ambiente siendo m\u00e1s conscientes de nuestro impacto ecol\u00f3gico. Pensemos en las consecuencias que tienen para el medio ambiente las elecciones que hacemos. Seamos mejores custodios [&hellip;]<\/p>\n","protected":false},"author":4,"featured_media":0,"comment_status":"closed","ping_status":"closed","sticky":false,"template":"","format":"standard","meta":{"jetpack_post_was_ever_published":false,"_jetpack_newsletter_access":"","_jetpack_dont_email_post_to_subs":false,"_jetpack_newsletter_tier_id":0,"_jetpack_memberships_contains_paywalled_content":false,"_jetpack_memberships_contains_paid_content":false,"footnotes":""},"categories":[10,103],"tags":[],"class_list":["post-1140","post","type-post","status-publish","format-standard","hentry","category-centro","category-eventos"],"jetpack_featured_media_url":"","jetpack_sharing_enabled":true,"jetpack_shortlink":"https:\/\/wp.me\/p9VlHp-io","jetpack-related-posts":[{"id":1695,"url":"https:\/\/www.ceipmaestrorafaelbravomartin.es\/?p=1695","url_meta":{"origin":1140,"position":0},"title":"Talleres de reciclaje y medio ambiente.","author":"CEIP Maestro Rafael Bravo Mart\u00edn","date":"9 junio, 2017","format":false,"excerpt":"El pasado martes 6, con motivo del D\u00eda Mundial del Medio Ambiente, realizamos unos talleres para sensibilizarnos de la importancia de mantener y cuidar nuestro planeta. Aprendimos a reciclar, sembrar, cuidar nuestro entorno y de la importancia que tiene respetar a todos los seres vivos. Disfrutamos y aprendimos much\u00edsimo.","rel":"","context":"En \u00abEducaci\u00f3n Infantil\u00bb","block_context":{"text":"Educaci\u00f3n Infantil","link":"https:\/\/www.ceipmaestrorafaelbravomartin.es\/?cat=26"},"img":{"alt_text":"2017-06-09_11.14.11","src":"https:\/\/i0.wp.com\/www.ceipmaestrorafaelbravomartin.es\/wp-content\/uploads\/2017\/06\/2017-06-09_11.14.11-300x300.jpg?resize=350%2C200","width":350,"height":200},"classes":[]},{"id":1510,"url":"https:\/\/www.ceipmaestrorafaelbravomartin.es\/?p=1510","url_meta":{"origin":1140,"position":1},"title":"Debate on environment","author":"CEIP Maestro Rafael Bravo Mart\u00edn","date":"23 junio, 2016","format":false,"excerpt":"Con motivo del d\u00eda internacional del medio ambiente, el pasado 5 de junio, el alumnado de tercer ciclo realiz\u00f3 una serie de actividades para concienciarnos de los problemas medioambientales que afectan a nuestro planeta. Con este debate tratamos de aportar nuestro granito de arena con gestos cotidianos que reducir\u00edan la\u2026","rel":"","context":"En \u00abBiling\u00fcismo\u00bb","block_context":{"text":"Biling\u00fcismo","link":"https:\/\/www.ceipmaestrorafaelbravomartin.es\/?cat=109"},"img":{"alt_text":"","src":"","width":0,"height":0},"classes":[]},{"id":70,"url":"https:\/\/www.ceipmaestrorafaelbravomartin.es\/?p=70","url_meta":{"origin":1140,"position":2},"title":"RECICLAR ES TAREA DE TODOS Y TODAS.","author":"CEIP Maestro Rafael Bravo Mart\u00edn","date":"27 octubre, 2010","format":false,"excerpt":"El martes d\u00eda 19, fuimos a la parte trasera del instituto para realizar una visita a un autob\u00fas de reciclaje. All\u00ed hab\u00eda un castillo hinchable y unos monitores.\u00a0","rel":"","context":"En \u00abNoticias Internas\u00bb","block_context":{"text":"Noticias Internas","link":"https:\/\/www.ceipmaestrorafaelbravomartin.es\/?cat=29"},"img":{"alt_text":"","src":"","width":0,"height":0},"classes":[]},{"id":66,"url":"https:\/\/www.ceipmaestrorafaelbravomartin.es\/?p=66","url_meta":{"origin":1140,"position":3},"title":"El colegio Asunci\u00f3n con la Roja.","author":"CEIP Maestro Rafael Bravo Mart\u00edn","date":"8 junio, 2010","format":false,"excerpt":"Hace unos d\u00edas que ha comenzado el mundial de f\u00fatbol de \"Sud\u00e1frica 2010\" y desde el centro queremos hacer part\u00edcipes a todos los ni\u00f1os\/as aportando nuestro granito de arena para hacer llegar a Sud\u00e1frica toda nuestra ilusi\u00f3n. Hoy mi\u00e9rcoles 16 de junio el alumnado del centro ha venido ataviado con\u2026","rel":"","context":"En \u00abCurso 2009\/10\u00bb","block_context":{"text":"Curso 2009\/10","link":"https:\/\/www.ceipmaestrorafaelbravomartin.es\/?cat=27"},"img":{"alt_text":"","src":"","width":0,"height":0},"classes":[]},{"id":148,"url":"https:\/\/www.ceipmaestrorafaelbravomartin.es\/?p=148","url_meta":{"origin":1140,"position":4},"title":"Semana Cultural: Nuestro Centro. Ayer y Hoy","author":"CEIP Maestro Rafael Bravo Mart\u00edn","date":"10 marzo, 2011","format":false,"excerpt":"Lema: Nuestro Centro. Ayer y Hoy. \u00a0 Durante la semana del 21 al 25 de marzo y durante un tiempo, cada curso con su tutor-a realizar\u00e1 una actividad relacionada con le lema de nuestra semana cultural.\u00a0 \u00a0 Actividades: - Limpieza del centro. - Decoraci\u00f3n del centro. - Conocimiento del centro.\u2026","rel":"","context":"En \u00abActividades extraescolares\u00bb","block_context":{"text":"Actividades extraescolares","link":"https:\/\/www.ceipmaestrorafaelbravomartin.es\/?cat=14"},"img":{"alt_text":"","src":"","width":0,"height":0},"classes":[]},{"id":198,"url":"https:\/\/www.ceipmaestrorafaelbravomartin.es\/?p=198","url_meta":{"origin":1140,"position":5},"title":"Informaci\u00f3n Plan biling\u00fce curso 2011\/12","author":"CEIP Maestro Rafael Bravo Mart\u00edn","date":"4 noviembre, 2011","format":false,"excerpt":"PRESENTACI\u00d3N Atendiendo a las caracter\u00edsticas de nuestro Centro, de los recursos con los que contamos tanto personales como materiales, as\u00ed como de las caracter\u00edsticas propias de nuestro alumnado; procedemos a dar respuesta a la formaci\u00f3n que se requiere para la inclusi\u00f3n de los ni\u00f1os y las ni\u00f1as de nuestro colegio\u2026","rel":"","context":"En \u00abPlanes y programas\u00bb","block_context":{"text":"Planes y programas","link":"https:\/\/www.ceipmaestrorafaelbravomartin.es\/?cat=23"},"img":{"alt_text":"","src":"","width":0,"height":0},"classes":[]}],"_links":{"self":[{"href":"https:\/\/www.ceipmaestrorafaelbravomartin.es\/index.php?rest_route=\/wp\/v2\/posts\/1140","targetHints":{"allow":["GET"]}}],"collection":[{"href":"https:\/\/www.ceipmaestrorafaelbravomartin.es\/index.php?rest_route=\/wp\/v2\/posts"}],"about":[{"href":"https:\/\/www.ceipmaestrorafaelbravomartin.es\/index.php?rest_route=\/wp\/v2\/types\/post"}],"author":[{"embeddable":true,"href":"https:\/\/www.ceipmaestrorafaelbravomartin.es\/index.php?rest_route=\/wp\/v2\/users\/4"}],"replies":[{"embeddable":true,"href":"https:\/\/www.ceipmaestrorafaelbravomartin.es\/index.php?rest_route=%2Fwp%2Fv2%2Fcomments&post=1140"}],"version-history":[{"count":6,"href":"https:\/\/www.ceipmaestrorafaelbravomartin.es\/index.php?rest_route=\/wp\/v2\/posts\/1140\/revisions"}],"predecessor-version":[{"id":1145,"href":"https:\/\/www.ceipmaestrorafaelbravomartin.es\/index.php?rest_route=\/wp\/v2\/posts\/1140\/revisions\/1145"}],"wp:attachment":[{"href":"https:\/\/www.ceipmaestrorafaelbravomartin.es\/index.php?rest_route=%2Fwp%2Fv2%2Fmedia&parent=1140"}],"wp:term":[{"taxonomy":"category","embeddable":true,"href":"https:\/\/www.ceipmaestrorafaelbravomartin.es\/index.php?rest_route=%2Fwp%2Fv2%2Fcategories&post=1140"},{"taxonomy":"post_tag","embeddable":true,"href":"https:\/\/www.ceipmaestrorafaelbravomartin.es\/index.php?rest_route=%2Fwp%2Fv2%2Ftags&post=1140"}],"curies":[{"name":"wp","href":"https:\/\/api.w.org\/{rel}","templated":true}]}}