{"id":1148,"date":"2015-06-12T11:29:22","date_gmt":"2015-06-12T09:29:22","guid":{"rendered":"http:\/\/blogasuncion.es\/?p=1148"},"modified":"2015-06-12T11:29:22","modified_gmt":"2015-06-12T09:29:22","slug":"convivencia-en-infantil","status":"publish","type":"post","link":"https:\/\/www.ceipmaestrorafaelbravomartin.es\/?p=1148","title":{"rendered":"Convivencia en Infantil"},"content":{"rendered":"<p style=\"text-align: center;\">El viernes, 29 de mayo, el alumnado de Educaci\u00f3n Infantil, familias y profesorado disfrutaron de un d\u00eda de convivencia en el parque de<\/p>\n<p style=\"text-align: center;\">\u00abEl Hermanamiento\u00bb.<\/p>\n<p style=\"text-align: center;\">Fue una jornada muy emotiva donde el alumnado, en compa\u00f1\u00eda de sus familias, realiz\u00f3 talleres y pudo disfrutar de juegos.<\/p>\n<p style=\"text-align: center;\">De las much\u00edsimas fotos que hicimos ese d\u00eda, hemos tomado una peque\u00f1a muestra para compartir nuestra experiencia con el siguiente v\u00eddeo.<\/p>\n<p><iframe loading=\"lazy\" src=\"https:\/\/www.youtube.com\/embed\/AFWfHRY1dvM\" height=\"480\" width=\"640\" allowfullscreen=\"\" frameborder=\"0\"><\/iframe><\/p>\n","protected":false},"excerpt":{"rendered":"<p>El viernes, 29 de mayo, el alumnado de Educaci\u00f3n Infantil, familias y profesorado disfrutaron de un d\u00eda de convivencia en el parque de \u00abEl Hermanamiento\u00bb. Fue una jornada muy emotiva donde el alumnado, en compa\u00f1\u00eda de sus familias, realiz\u00f3 talleres y pudo disfrutar de juegos. De las much\u00edsimas fotos que [&hellip;]<\/p>\n","protected":false},"author":4,"featured_media":0,"comment_status":"closed","ping_status":"closed","sticky":false,"template":"","format":"standard","meta":{"jetpack_post_was_ever_published":false,"_jetpack_newsletter_access":"","_jetpack_dont_email_post_to_subs":false,"_jetpack_newsletter_tier_id":0,"_jetpack_memberships_contains_paywalled_content":false,"_jetpack_memberships_contains_paid_content":false,"footnotes":""},"categories":[14,26],"tags":[],"class_list":["post-1148","post","type-post","status-publish","format-standard","hentry","category-estraexcolares","category-infantil"],"jetpack_featured_media_url":"","jetpack_sharing_enabled":true,"jetpack_shortlink":"https:\/\/wp.me\/p9VlHp-iw","jetpack-related-posts":[{"id":82,"url":"https:\/\/www.ceipmaestrorafaelbravomartin.es\/?p=82","url_meta":{"origin":1148,"position":0},"title":"Reuni\u00f3n con las familias en Ed. Infantil","author":"CEIP Maestro Rafael Bravo Mart\u00edn","date":"29 noviembre, 2009","format":false,"excerpt":"El 26 de octubre del 2010 se llev\u00f3 a cabo la reuni\u00f3n con las \u00a0 familias del alumnado de Educaci\u00f3n Infantil. En ella se trataron entre otros los siguientes puntos:","rel":"","context":"En \u00abEducaci\u00f3n Infantil\u00bb","block_context":{"text":"Educaci\u00f3n Infantil","link":"https:\/\/www.ceipmaestrorafaelbravomartin.es\/?cat=26"},"img":{"alt_text":"*","src":"file:\/\/\/C:\/DOCUME~1\/ANGELO~1\/CONFIG~1\/Temp\/msohtml1\/01\/clip_image001.gif","width":350,"height":200},"classes":[]},{"id":312,"url":"https:\/\/www.ceipmaestrorafaelbravomartin.es\/?p=312","url_meta":{"origin":1148,"position":1},"title":"PROGRAMA JORNADAS CULTURALES, ABRIL 2013","author":"CEIP Maestro Rafael Bravo Mart\u00edn","date":"9 abril, 2013","format":false,"excerpt":"D\u00eda 1 (lunes): Teatro de ingl\u00e9s por la compa\u00f1\u00eda FACE 2 FACE THEATRE. Lugar: Casa de la Cultura. D\u00eda 2 (martes) y hasta finalizar la tarea: Decoraci\u00f3n de la nueva entrada: Cuentos infantiles. (Alumnado de Infantil, 4 y 5 a\u00f1os, y Primaria) D\u00eda 10 (mi\u00e9rcole): Intercambio-Cambalache de cuentos, c\u00f3mics... Lugar:\u2026","rel":"","context":"En \u00abEl centro\u00bb","block_context":{"text":"El centro","link":"https:\/\/www.ceipmaestrorafaelbravomartin.es\/?cat=10"},"img":{"alt_text":"","src":"","width":0,"height":0},"classes":[]},{"id":136,"url":"https:\/\/www.ceipmaestrorafaelbravomartin.es\/?p=136","url_meta":{"origin":1148,"position":2},"title":"Convocator\u00eda de Reuni\u00f3n Informativa a las familias sobre PASEN","author":"CEIP Maestro Rafael Bravo Mart\u00edn","date":"24 enero, 2011","format":false,"excerpt":"Se convoca a los tutores legales del alumnado del Centro a la reuni\u00f3n informativa que tendr\u00e1 lugar el pr\u00f3ximo martes d\u00eda 1 de febrero en el Sal\u00f3n de Usos M\u00faltiples del Centro. El motivo es dar a conocer la plataforma educativa PASEN que durante el presente curso escolar vamos a\u2026","rel":"","context":"En \u00abNoticias TIC\u00bb","block_context":{"text":"Noticias TIC","link":"https:\/\/www.ceipmaestrorafaelbravomartin.es\/?cat=19"},"img":{"alt_text":"","src":"","width":0,"height":0},"classes":[]},{"id":30,"url":"https:\/\/www.ceipmaestrorafaelbravomartin.es\/?p=30","url_meta":{"origin":1148,"position":3},"title":"Tr\u00e1nsito Infantil-Primaria.","author":"CEIP Maestro Rafael Bravo Mart\u00edn","date":"15 octubre, 2010","format":false,"excerpt":"El Programa de Tr\u00e1nsito (entendido como paso de una etapa a otra) de Infantil a Primaria se incluye dentro del Plan de Acci\u00f3n Tutorial, incluido a su vez en el Plan Anual de Centro (PAC) seg\u00fan la Orden 16\/11\/2007, por la que se regula la organizaci\u00f3n de la orientaci\u00f3n y\u2026","rel":"","context":"En \u00abPlanes y programas\u00bb","block_context":{"text":"Planes y programas","link":"https:\/\/www.ceipmaestrorafaelbravomartin.es\/?cat=23"},"img":{"alt_text":"","src":"","width":0,"height":0},"classes":[]},{"id":19,"url":"https:\/\/www.ceipmaestrorafaelbravomartin.es\/?p=19","url_meta":{"origin":1148,"position":4},"title":"Normas de entradas y salidas del alumnado del Centro","author":"CEIP Maestro Rafael Bravo Mart\u00edn","date":"13 octubre, 2010","format":false,"excerpt":"Se informa a toda la comunidad educativa sobre las normas que rigen la entrada y salida del alumnado del Centro.","rel":"","context":"En \u00abEl centro\u00bb","block_context":{"text":"El centro","link":"https:\/\/www.ceipmaestrorafaelbravomartin.es\/?cat=10"},"img":{"alt_text":"","src":"","width":0,"height":0},"classes":[]},{"id":303,"url":"https:\/\/www.ceipmaestrorafaelbravomartin.es\/?p=303","url_meta":{"origin":1148,"position":5},"title":"Proceso de escolarizaci\u00f3n 2013\/2014","author":"CEIP Maestro Rafael Bravo Mart\u00edn","date":"21 febrero, 2013","format":false,"excerpt":"Normativa que regula los criterios y el procedimiento de admisi\u00f3n del alumnado en los centros docentes p\u00fablicos y privados concertados.\u00a0 DECRETO 40\/2011, de 22 de febrero, por el que se regulan los criterios y el procedimiento de admisi\u00f3n del alumnado en los centros docentes p\u00fablicos y privados concertados para cursar\u2026","rel":"","context":"En \u00abEl centro\u00bb","block_context":{"text":"El centro","link":"https:\/\/www.ceipmaestrorafaelbravomartin.es\/?cat=10"},"img":{"alt_text":"","src":"","width":0,"height":0},"classes":[]}],"_links":{"self":[{"href":"https:\/\/www.ceipmaestrorafaelbravomartin.es\/index.php?rest_route=\/wp\/v2\/posts\/1148","targetHints":{"allow":["GET"]}}],"collection":[{"href":"https:\/\/www.ceipmaestrorafaelbravomartin.es\/index.php?rest_route=\/wp\/v2\/posts"}],"about":[{"href":"https:\/\/www.ceipmaestrorafaelbravomartin.es\/index.php?rest_route=\/wp\/v2\/types\/post"}],"author":[{"embeddable":true,"href":"https:\/\/www.ceipmaestrorafaelbravomartin.es\/index.php?rest_route=\/wp\/v2\/users\/4"}],"replies":[{"embeddable":true,"href":"https:\/\/www.ceipmaestrorafaelbravomartin.es\/index.php?rest_route=%2Fwp%2Fv2%2Fcomments&post=1148"}],"version-history":[{"count":2,"href":"https:\/\/www.ceipmaestrorafaelbravomartin.es\/index.php?rest_route=\/wp\/v2\/posts\/1148\/revisions"}],"predecessor-version":[{"id":1150,"href":"https:\/\/www.ceipmaestrorafaelbravomartin.es\/index.php?rest_route=\/wp\/v2\/posts\/1148\/revisions\/1150"}],"wp:attachment":[{"href":"https:\/\/www.ceipmaestrorafaelbravomartin.es\/index.php?rest_route=%2Fwp%2Fv2%2Fmedia&parent=1148"}],"wp:term":[{"taxonomy":"category","embeddable":true,"href":"https:\/\/www.ceipmaestrorafaelbravomartin.es\/index.php?rest_route=%2Fwp%2Fv2%2Fcategories&post=1148"},{"taxonomy":"post_tag","embeddable":true,"href":"https:\/\/www.ceipmaestrorafaelbravomartin.es\/index.php?rest_route=%2Fwp%2Fv2%2Ftags&post=1148"}],"curies":[{"name":"wp","href":"https:\/\/api.w.org\/{rel}","templated":true}]}}