{"id":1152,"date":"2015-06-15T09:23:29","date_gmt":"2015-06-15T07:23:29","guid":{"rendered":"http:\/\/blogasuncion.es\/?p=1152"},"modified":"2015-06-15T09:23:29","modified_gmt":"2015-06-15T07:23:29","slug":"ventana-escolar-2","status":"publish","type":"post","link":"https:\/\/www.ceipmaestrorafaelbravomartin.es\/?p=1152","title":{"rendered":"Ventana Escolar"},"content":{"rendered":"<p style=\"text-align: center;\">Debido a la premura de tiempo, la \u00faltima entrega de nuestro peri\u00f3dico en el curso 2014\/15, s\u00f3lo se publica completo en versi\u00f3n digital.<\/p>\n<p style=\"text-align: center;\">Intentaremos sacar en papel alguna sesi\u00f3n del mismo.<\/p>\n<div style=\"text-align: center;\">\n<div style=\"text-align: center;\">\n<div style=\"text-align: center;\"><iframe loading=\"lazy\" style=\"margin: 0 auto;\" src=\"\/\/v.calameo.com\/?bkcode=003342323c2d146f82624&amp;mode=viewer&amp;view=book\" height=\"350\" width=\"560\" allowfullscreen=\"\" frameborder=\"0\" scrolling=\"no\"><\/iframe><\/p>\n<div style=\"margin: 4px 0px 8px;\"><\/div>\n<\/div>\n<\/div>\n<\/div>\n<div style=\"text-align: center;\"><strong>Agradecer desde aqu\u00ed todas las colaboraciones recibidas.<\/strong><\/div>\n","protected":false},"excerpt":{"rendered":"<p>Debido a la premura de tiempo, la \u00faltima entrega de nuestro peri\u00f3dico en el curso 2014\/15, s\u00f3lo se publica completo en versi\u00f3n digital. Intentaremos sacar en papel alguna sesi\u00f3n del mismo. Agradecer desde aqu\u00ed todas las colaboraciones recibidas.<\/p>\n","protected":false},"author":4,"featured_media":0,"comment_status":"closed","ping_status":"closed","sticky":false,"template":"","format":"standard","meta":{"jetpack_post_was_ever_published":false,"_jetpack_newsletter_access":"","_jetpack_dont_email_post_to_subs":false,"_jetpack_newsletter_tier_id":0,"_jetpack_memberships_contains_paywalled_content":false,"_jetpack_memberships_contains_paid_content":false,"footnotes":""},"categories":[6],"tags":[],"class_list":["post-1152","post","type-post","status-publish","format-standard","hentry","category-s9-periodico"],"jetpack_featured_media_url":"","jetpack_sharing_enabled":true,"jetpack_shortlink":"https:\/\/wp.me\/p9VlHp-iA","jetpack-related-posts":[{"id":87,"url":"https:\/\/www.ceipmaestrorafaelbravomartin.es\/?p=87","url_meta":{"origin":1152,"position":0},"title":"Peri\u00f3dico: La ventana Escolar","author":"CEIP Maestro Rafael Bravo Mart\u00edn","date":"13 noviembre, 2010","format":false,"excerpt":"Se informa\u00a0 que ya ten\u00e9is de nuevo a vuestra disposici\u00f3n las dos tiradas del peri\u00f3dico \"La Ventana Escolar\" que fueron publicadas el curso anterior en la antigua web del Centro. Pod\u00e9is acceder a ellas desde la columna de la derecha en la secci\u00f3n peri\u00f3dico escolar \"Publicaciones Ventana Escolar\" o haciendo\u2026","rel":"","context":"En \u00abInformaci\u00f3n\u00bb","block_context":{"text":"Informaci\u00f3n","link":"https:\/\/www.ceipmaestrorafaelbravomartin.es\/?cat=17"},"img":{"alt_text":"","src":"https:\/\/i0.wp.com\/www.ceipmaestrorafaelbravomartin.es\/wp-content\/uploads\/2010\/11\/ventana.png?resize=350%2C200&ssl=1","width":350,"height":200},"classes":[]},{"id":320,"url":"https:\/\/www.ceipmaestrorafaelbravomartin.es\/?p=320","url_meta":{"origin":1152,"position":1},"title":"Ventana Escolar (junio de 2013)","author":"CEIP Maestro Rafael Bravo Mart\u00edn","date":"15 junio, 2013","format":false,"excerpt":"Con un poco de premura, y publicando ahora algunos de los art\u00edculos que fueron seleccionados en la primera tirada de este curso, lanzamos la segunda. Solamente se publicar\u00e1 el peri\u00f3dico completo en la versi\u00f3n digital. Se intentar\u00e1, en los d\u00edas que quedan de clase imprimir y repatir una versi\u00f3n reducida\u2026","rel":"","context":"En \u00abPeri\u00f3dico Escolar\u00bb","block_context":{"text":"Peri\u00f3dico Escolar","link":"https:\/\/www.ceipmaestrorafaelbravomartin.es\/?cat=6"},"img":{"alt_text":"","src":"https:\/\/i0.wp.com\/2.bp.blogspot.com\/-q1EcQRBaVWw\/Uby2_GXaCAI\/AAAAAAAADPQ\/9BL7O8gK0I8\/s400\/peri%C3%B3dico.jpg?resize=350%2C200","width":350,"height":200},"classes":[]},{"id":1502,"url":"https:\/\/www.ceipmaestrorafaelbravomartin.es\/?p=1502","url_meta":{"origin":1152,"position":2},"title":"Ventana Escolar (junio 2016)","author":"CEIP Maestro Rafael Bravo Mart\u00edn","date":"21 junio, 2016","format":false,"excerpt":"Este curso s\u00f3lo hemos hecho una tirada de nuestro peri\u00f3dico. La publicamos ahora para que podamos ver la selecci\u00f3n de los trabajos realizados por nuestro alumnado. Dar las gracias a tod@s l@s participantes, aunque no se hayan publicado todos los art\u00edculos recibidos. \u00a1Feliz verano! \u00a0 Leer m\u00e1s publicaciones en Calam\u00e9o","rel":"","context":"En \u00abPeri\u00f3dico Escolar\u00bb","block_context":{"text":"Peri\u00f3dico Escolar","link":"https:\/\/www.ceipmaestrorafaelbravomartin.es\/?cat=6"},"img":{"alt_text":"","src":"","width":0,"height":0},"classes":[]},{"id":308,"url":"https:\/\/www.ceipmaestrorafaelbravomartin.es\/?p=308","url_meta":{"origin":1152,"position":3},"title":"Ventana Escolar 2012\/13","author":"CEIP Maestro Rafael Bravo Mart\u00edn","date":"10 marzo, 2013","format":false,"excerpt":"Publicamos, a pocos d\u00edas de Semana Santa (como ya viene siendo habitual), nuestro peri\u00f3dico escolar del curso 2012\/13. Se ha conseguido gracias a todo el alumnado, que ha realizado los distintos art\u00edculos, y al trabajo del profesorado encargado de la coordinaci\u00f3n del mismo.","rel":"","context":"En \u00abPeri\u00f3dico Escolar\u00bb","block_context":{"text":"Peri\u00f3dico Escolar","link":"https:\/\/www.ceipmaestrorafaelbravomartin.es\/?cat=6"},"img":{"alt_text":"","src":"","width":0,"height":0},"classes":[]},{"id":157,"url":"https:\/\/www.ceipmaestrorafaelbravomartin.es\/?p=157","url_meta":{"origin":1152,"position":4},"title":"2\u00aa  edici\u00f3n de la \u00abVentana Escolar\u00bb","author":"CEIP Maestro Rafael Bravo Mart\u00edn","date":"16 mayo, 2011","format":false,"excerpt":"\u00a0A todos los ni\u00f1os y ni\u00f1as, maestros y maestras que deseen colaborar. Tambi\u00e9n a los padres, madres\u00a0 y antiguos alumnos\/as: estamos preparando la 2\u00aa edici\u00f3n de \"Ventana Escolar\". Por eso deb\u00e9is saber:","rel":"","context":"En \u00abInformaci\u00f3n\u00bb","block_context":{"text":"Informaci\u00f3n","link":"https:\/\/www.ceipmaestrorafaelbravomartin.es\/?cat=17"},"img":{"alt_text":"","src":"https:\/\/i0.wp.com\/www.ceipmaestrorafaelbravomartin.es\/wp-content\/uploads\/2010\/11\/ventana.png?resize=350%2C200&ssl=1","width":350,"height":200},"classes":[]},{"id":719,"url":"https:\/\/www.ceipmaestrorafaelbravomartin.es\/?p=719","url_meta":{"origin":1152,"position":5},"title":"Ventana Escolar (abril 2014)","author":"CEIP Maestro Rafael Bravo Mart\u00edn","date":"9 abril, 2014","format":false,"excerpt":"Publicamos, a s\u00f3lo dos d\u00edas de Semana Santa (como ya viene siendo m\u00e1s que habitual), nuestro peri\u00f3dico escolar del curso 2013\/14. Se ha conseguido gracias a todo el alumnado, que ha realizado los distintos art\u00edculos, y al trabajo del profesorado encargado de la coordinaci\u00f3n del mismo. \u00a0 VENTANA ESCOLAR ABRIL\u2026","rel":"","context":"En \u00abPeri\u00f3dico Escolar\u00bb","block_context":{"text":"Peri\u00f3dico Escolar","link":"https:\/\/www.ceipmaestrorafaelbravomartin.es\/?cat=6"},"img":{"alt_text":"","src":"","width":0,"height":0},"classes":[]}],"_links":{"self":[{"href":"https:\/\/www.ceipmaestrorafaelbravomartin.es\/index.php?rest_route=\/wp\/v2\/posts\/1152","targetHints":{"allow":["GET"]}}],"collection":[{"href":"https:\/\/www.ceipmaestrorafaelbravomartin.es\/index.php?rest_route=\/wp\/v2\/posts"}],"about":[{"href":"https:\/\/www.ceipmaestrorafaelbravomartin.es\/index.php?rest_route=\/wp\/v2\/types\/post"}],"author":[{"embeddable":true,"href":"https:\/\/www.ceipmaestrorafaelbravomartin.es\/index.php?rest_route=\/wp\/v2\/users\/4"}],"replies":[{"embeddable":true,"href":"https:\/\/www.ceipmaestrorafaelbravomartin.es\/index.php?rest_route=%2Fwp%2Fv2%2Fcomments&post=1152"}],"version-history":[{"count":4,"href":"https:\/\/www.ceipmaestrorafaelbravomartin.es\/index.php?rest_route=\/wp\/v2\/posts\/1152\/revisions"}],"predecessor-version":[{"id":1156,"href":"https:\/\/www.ceipmaestrorafaelbravomartin.es\/index.php?rest_route=\/wp\/v2\/posts\/1152\/revisions\/1156"}],"wp:attachment":[{"href":"https:\/\/www.ceipmaestrorafaelbravomartin.es\/index.php?rest_route=%2Fwp%2Fv2%2Fmedia&parent=1152"}],"wp:term":[{"taxonomy":"category","embeddable":true,"href":"https:\/\/www.ceipmaestrorafaelbravomartin.es\/index.php?rest_route=%2Fwp%2Fv2%2Fcategories&post=1152"},{"taxonomy":"post_tag","embeddable":true,"href":"https:\/\/www.ceipmaestrorafaelbravomartin.es\/index.php?rest_route=%2Fwp%2Fv2%2Ftags&post=1152"}],"curies":[{"name":"wp","href":"https:\/\/api.w.org\/{rel}","templated":true}]}}