{"id":116,"date":"2010-12-20T10:19:36","date_gmt":"2010-12-20T09:19:36","guid":{"rendered":"http:\/\/blogasuncion.es\/?p=116"},"modified":"2014-10-12T20:14:48","modified_gmt":"2014-10-12T18:14:48","slug":"receta-hojaldre-de-turron","status":"publish","type":"post","link":"https:\/\/www.ceipmaestrorafaelbravomartin.es\/?p=116","title":{"rendered":"RECETA: HOJALDRE DE TURR\u00d3N"},"content":{"rendered":"<p style=\"margin-bottom: 0cm; font-style: normal\"><font color=\"#000000\"><font size=\"3\"><strong>1.Batimos media tableta de turr\u00f3n.<\/strong><\/font><\/font><\/p>\n<p style=\"margin-bottom: 0cm; font-style: normal\"><font color=\"#000000\"><font size=\"3\"><strong>2.Montamos la nata con unas varillas.<\/strong><\/font><\/font><\/p>\n<p style=\"margin-bottom: 0cm; font-style: normal\"><font color=\"#000000\"><font size=\"3\"><strong>3.Mezclamos la nata con el turr\u00f3n.<\/strong><\/font><\/font><\/p>\n<p style=\"margin-bottom: 0cm; font-style: normal\"><font color=\"#000000\"><font size=\"3\"><strong>4.Cortamos el hojaldre en cuadrados,y en cada uno de ellos ponemos un poco de la mezcla.<\/strong><\/font><\/font><\/p>\n<p style=\"margin-bottom: 0cm; font-style: normal\"><font color=\"#000000\"><font size=\"3\"><strong>5.Cerramos el hojaldre y los espolvoreamos con el az\u00facar glas\u00e9.<\/strong><\/font><\/font><\/p>\n<p style=\"margin-bottom: 0cm; font-style: normal\"><font color=\"#000000\"><font size=\"3\"><strong>6.Introducimos en el horno(calentado a la temperatura que indica el envase de hojaldre).<\/strong><\/font><\/font><\/p>\n<p style=\"margin-bottom: 0cm; font-style: normal\"><font color=\"#000000\"><font size=\"3\"><strong>7.Sacar cuando est\u00e9n dorados.<\/strong><\/font><\/font><\/p>\n<p style=\"margin-bottom: 0cm; font-style: normal\"> <\/p>\n<p style=\"margin-bottom: 0cm; font-style: normal\"> <\/p>\n<p style=\"margin-bottom: 0cm; font-style: normal\"><font color=\"#000000\">                 <font size=\"3\"><strong><font size=\"5\" style=\"font-size: 20pt\"><em>Buen provecho \ud83d\ude42<\/em><\/font><\/strong><\/font><\/font><\/p>\n<p style=\"margin-bottom: 0cm\">&nbsp;<\/p>\n<p style=\"margin-bottom: 0cm\"><font color=\"#000000\"><font size=\"5\" style=\"font-size: 20pt\"><em><strong>Realizado por:Raquel R. R. 6\u00ba A<\/strong><\/em><\/font><\/font><\/p>\n","protected":false},"excerpt":{"rendered":"<p><!-- \t\t@page { margin: 2cm } \t\tP { margin-bottom: 0.21cm } \t--> \t  <\/p>\n<p style=\"margin-bottom: 0cm\"><span style=\"color: #000000; font-size: 44.4px\" class=\"Apple-style-span\"><em><strong>Hojaldre de turr\u00f3n<\/strong><\/em><\/span><\/p>\n<p style=\"margin-bottom: 0cm\"> <\/p>\n<p style=\"margin-bottom: 0cm; font-style: normal\"><font color=\"#000000\"><font size=\"3\"><strong><u>Ingredientes:\u00a0<\/u><\/strong><\/font><\/font><\/p>\n<p style=\"margin-bottom: 0cm; font-style: normal\"><font color=\"#000000\"><font size=\"3\"><strong>-L\u00e1mina de hojaldre refrigerado.<\/strong><\/font><\/font><\/p>\n<p style=\"margin-bottom: 0cm; font-style: normal\"><font color=\"#000000\"><font size=\"3\"><strong>-Turr\u00f3n blando.<\/strong><\/font><\/font><\/p>\n<p style=\"margin-bottom: 0cm; font-style: normal\"><font color=\"#000000\"><font size=\"3\"><strong>-Nata l\u00edquida para montar.(200 ml)<\/strong><\/font><\/font><\/p>\n<p style=\"margin-bottom: 0cm; font-style: normal\"><font color=\"#000000\"><font size=\"3\"><strong>-Az\u00facar glas\u00e9.<\/strong><\/font><\/font><\/p>\n<p style=\"margin-bottom: 0cm; font-style: normal\">&nbsp;<\/p>\n<p style=\"margin-bottom: 0cm; font-style: normal\"><u><span style=\"color: #000000; font-size: medium\" class=\"Apple-style-span\"><strong>Procedimiento:<\/strong><\/span> <\/u><\/p>\n","protected":false},"author":4,"featured_media":0,"comment_status":"closed","ping_status":"open","sticky":false,"template":"","format":"standard","meta":{"jetpack_post_was_ever_published":false,"_jetpack_newsletter_access":"","_jetpack_dont_email_post_to_subs":false,"_jetpack_newsletter_tier_id":0,"_jetpack_memberships_contains_paywalled_content":false,"_jetpack_memberships_contains_paid_content":false,"footnotes":""},"categories":[34],"tags":[],"class_list":["post-116","post","type-post","status-publish","format-standard","hentry","category-recetas"],"jetpack_featured_media_url":"","jetpack_sharing_enabled":true,"jetpack_shortlink":"https:\/\/wp.me\/p9VlHp-1S","jetpack-related-posts":[{"id":140,"url":"https:\/\/www.ceipmaestrorafaelbravomartin.es\/?p=140","url_meta":{"origin":116,"position":0},"title":"Ntra Sra de la ASUNCI\u00d3N, una nueva etapa.","author":"CEIP Maestro Rafael Bravo Mart\u00edn","date":"8 febrero, 2011","format":false,"excerpt":"Si como qued\u00f3 reflejado en el art\u00edculo anterior, el nombre del Centro Nuestra Se\u00f1ora de la Asunci\u00f3n comenz\u00f3 en el curso 1960\/61se puede decir que en el curso 1981\/82 comienza una nueva etapa pues hasta ese momento todo el alumnado, y por tanto el profesorado, pertenec\u00eda al mismo Centro, Colegio\u2026","rel":"","context":"En \u00abHistoria\u00bb","block_context":{"text":"Historia","link":"https:\/\/www.ceipmaestrorafaelbravomartin.es\/?cat=43"},"img":{"alt_text":"","src":"","width":0,"height":0},"classes":[]},{"id":36,"url":"https:\/\/www.ceipmaestrorafaelbravomartin.es\/?p=36","url_meta":{"origin":116,"position":1},"title":"Plan biling\u00fce","author":"CEIP Maestro Rafael Bravo Mart\u00edn","date":"18 octubre, 2010","format":false,"excerpt":"\u00bfPOR QU\u00c9 SOMOS CENTRO BILING\u00dcE?La sociedad actual demanda la formaci\u00f3n pluriling\u00fce y multicultural, es decir, dominio de varios idiomas y conocimiento de distintas culturas. Esto no s\u00f3lo enriquece a nivel personal sino que favorece la\u00a0 inserci\u00f3n en la vida laboral y facilita la convivencia de distintas culturas en un mismo\u2026","rel":"","context":"En \u00abPlanes y programas\u00bb","block_context":{"text":"Planes y programas","link":"https:\/\/www.ceipmaestrorafaelbravomartin.es\/?cat=23"},"img":{"alt_text":"","src":"","width":0,"height":0},"classes":[]},{"id":198,"url":"https:\/\/www.ceipmaestrorafaelbravomartin.es\/?p=198","url_meta":{"origin":116,"position":2},"title":"Informaci\u00f3n Plan biling\u00fce curso 2011\/12","author":"CEIP Maestro Rafael Bravo Mart\u00edn","date":"4 noviembre, 2011","format":false,"excerpt":"PRESENTACI\u00d3N Atendiendo a las caracter\u00edsticas de nuestro Centro, de los recursos con los que contamos tanto personales como materiales, as\u00ed como de las caracter\u00edsticas propias de nuestro alumnado; procedemos a dar respuesta a la formaci\u00f3n que se requiere para la inclusi\u00f3n de los ni\u00f1os y las ni\u00f1as de nuestro colegio\u2026","rel":"","context":"En \u00abPlanes y programas\u00bb","block_context":{"text":"Planes y programas","link":"https:\/\/www.ceipmaestrorafaelbravomartin.es\/?cat=23"},"img":{"alt_text":"","src":"","width":0,"height":0},"classes":[]},{"id":83,"url":"https:\/\/www.ceipmaestrorafaelbravomartin.es\/?p=83","url_meta":{"origin":116,"position":3},"title":"Inauguramos nueva secci\u00f3n de foros","author":"CEIP Maestro Rafael Bravo Mart\u00edn","date":"14 noviembre, 2010","format":false,"excerpt":"Con la intenci\u00f3n de promover la participaci\u00f3n de toda la comunidad educativa y el intercambio de ideas y opiniones, tengo el placer de informaros de la inauguraci\u00f3n de una nueva secci\u00f3n en la que todos y todas pod\u00e9is participar. Pod\u00e9is encontrarla en el men\u00fa superior horizontal con el nombre de\u2026","rel":"","context":"En \u00abNoticias TIC\u00bb","block_context":{"text":"Noticias TIC","link":"https:\/\/www.ceipmaestrorafaelbravomartin.es\/?cat=19"},"img":{"alt_text":"","src":"","width":0,"height":0},"classes":[]},{"id":162,"url":"https:\/\/www.ceipmaestrorafaelbravomartin.es\/?p=162","url_meta":{"origin":116,"position":4},"title":"LA BICICLETA , UN MARAVILLOSO Y SALUDABLE MEDIO DE TRANSPORTE.","author":"CEIP Maestro Rafael Bravo Mart\u00edn","date":"17 junio, 2011","format":false,"excerpt":"Durante esto a\u00f1os,\u00a0 han sido muchos los ni\u00f1os\/as que han sacado su carnet de conducir bicicletas. El maestro Pepe Palma, junto con la maestra Puri llevan muchos a\u00f1os dedicando un d\u00eda a esta actividad tan maravillosa con los m\u00e1s peque\u00f1os\/as ( al finalizar su segundo curso de Educaci\u00f3n Primaria). \u00a0\u2026","rel":"","context":"En \u00abEd. F\u00edsica\u00bb","block_context":{"text":"Ed. F\u00edsica","link":"https:\/\/www.ceipmaestrorafaelbravomartin.es\/?cat=28"},"img":{"alt_text":"","src":"","width":0,"height":0},"classes":[]},{"id":580,"url":"https:\/\/www.ceipmaestrorafaelbravomartin.es\/?p=580","url_meta":{"origin":116,"position":5},"title":"Nueva denominaci\u00f3n CEIP Maestro Rafael Bravo Mart\u00edn","author":"CEIP Maestro Rafael Bravo Mart\u00edn","date":"10 octubre, 2013","format":false,"excerpt":"El d\u00eda 29 de enero de 2013, en sesi\u00f3n extraordinaria de Consejo Escolar celebrada tras el fallecimiento de Don Rafael Bravo Mart\u00edn, se aprob\u00f3 por unanimidad solicitar al Excelent\u00edsimo Ayuntamiento de Alcal\u00e1 del R\u00edo que el CEIP Ntra Sra de la Asunci\u00f3n pasara a llamarse CEIP Maestro Rafael Bravo Mart\u00edn\u2026","rel":"","context":"En \u00abHistoria\u00bb","block_context":{"text":"Historia","link":"https:\/\/www.ceipmaestrorafaelbravomartin.es\/?cat=43"},"img":{"alt_text":"","src":"","width":0,"height":0},"classes":[]}],"_links":{"self":[{"href":"https:\/\/www.ceipmaestrorafaelbravomartin.es\/index.php?rest_route=\/wp\/v2\/posts\/116","targetHints":{"allow":["GET"]}}],"collection":[{"href":"https:\/\/www.ceipmaestrorafaelbravomartin.es\/index.php?rest_route=\/wp\/v2\/posts"}],"about":[{"href":"https:\/\/www.ceipmaestrorafaelbravomartin.es\/index.php?rest_route=\/wp\/v2\/types\/post"}],"author":[{"embeddable":true,"href":"https:\/\/www.ceipmaestrorafaelbravomartin.es\/index.php?rest_route=\/wp\/v2\/users\/4"}],"replies":[{"embeddable":true,"href":"https:\/\/www.ceipmaestrorafaelbravomartin.es\/index.php?rest_route=%2Fwp%2Fv2%2Fcomments&post=116"}],"version-history":[{"count":1,"href":"https:\/\/www.ceipmaestrorafaelbravomartin.es\/index.php?rest_route=\/wp\/v2\/posts\/116\/revisions"}],"predecessor-version":[{"id":944,"href":"https:\/\/www.ceipmaestrorafaelbravomartin.es\/index.php?rest_route=\/wp\/v2\/posts\/116\/revisions\/944"}],"wp:attachment":[{"href":"https:\/\/www.ceipmaestrorafaelbravomartin.es\/index.php?rest_route=%2Fwp%2Fv2%2Fmedia&parent=116"}],"wp:term":[{"taxonomy":"category","embeddable":true,"href":"https:\/\/www.ceipmaestrorafaelbravomartin.es\/index.php?rest_route=%2Fwp%2Fv2%2Fcategories&post=116"},{"taxonomy":"post_tag","embeddable":true,"href":"https:\/\/www.ceipmaestrorafaelbravomartin.es\/index.php?rest_route=%2Fwp%2Fv2%2Ftags&post=116"}],"curies":[{"name":"wp","href":"https:\/\/api.w.org\/{rel}","templated":true}]}}