{"id":1182,"date":"2015-09-07T22:44:26","date_gmt":"2015-09-07T20:44:26","guid":{"rendered":"http:\/\/blogasuncion.es\/?p=1182"},"modified":"2015-09-08T16:15:38","modified_gmt":"2015-09-08T14:15:38","slug":"comenzamos-el-nuevo-curso","status":"publish","type":"post","link":"https:\/\/www.ceipmaestrorafaelbravomartin.es\/?p=1182","title":{"rendered":"Comenzamos el nuevo curso."},"content":{"rendered":"<p>El pr\u00f3ximo jueves 10 de septiembre, tendr\u00e1 lugar la <strong>Presentaci\u00f3n del curso 2015\/2016<\/strong>.<\/p>\n<p>La  entrada al centro comenzar\u00e1 con una bienvenida en el patio \u00abAntonio Mill\u00e1n Ruvira\u00bb a las 12:30 horas. Dicho acto ser\u00e1 realizado por la directora, as\u00ed como por la coordinadora de biling\u00fcismo. A continuaci\u00f3n la presentaci\u00f3n por curso ser\u00e1:<\/p>\n<p>&#8211; Infantil: Reuni\u00f3n de padres\/madres con las tutoras en el aula correspondiente, excepto los cursos de 4 a\u00f1os B y C, que ir\u00e1n al SUM.<\/p>\n<p>&#8211; Primero de primaria: Reuni\u00f3n con padres\/madres en el aula correspondiente.<\/p>\n<p>&#8211; De segundo a sexto: El alumnado en su clase correspondiente con el tutor\/a.<\/p>\n<p>El acto de presentaci\u00f3n finalizar\u00e1 a las 14:00 horas.<\/p>\n","protected":false},"excerpt":{"rendered":"<p>El pr\u00f3ximo jueves 10 de septiembre, tendr\u00e1 lugar la Presentaci\u00f3n del curso 2015\/2016. La entrada al centro comenzar\u00e1 con una bienvenida en el patio \u00abAntonio Mill\u00e1n Ruvira\u00bb a las 12:30 horas. Dicho acto ser\u00e1 realizado por la directora, as\u00ed como por la coordinadora de biling\u00fcismo. A continuaci\u00f3n la presentaci\u00f3n por [&hellip;]<\/p>\n","protected":false},"author":6,"featured_media":0,"comment_status":"closed","ping_status":"closed","sticky":false,"template":"","format":"standard","meta":{"jetpack_post_was_ever_published":false,"_jetpack_newsletter_access":"","_jetpack_dont_email_post_to_subs":false,"_jetpack_newsletter_tier_id":0,"_jetpack_memberships_contains_paywalled_content":false,"_jetpack_memberships_contains_paid_content":false,"footnotes":""},"categories":[103,2],"tags":[],"class_list":["post-1182","post","type-post","status-publish","format-standard","hentry","category-eventos","category-info"],"jetpack_featured_media_url":"","jetpack_sharing_enabled":true,"jetpack_shortlink":"https:\/\/wp.me\/p9VlHp-j4","jetpack-related-posts":[{"id":1534,"url":"https:\/\/www.ceipmaestrorafaelbravomartin.es\/?p=1534","url_meta":{"origin":1182,"position":0},"title":"Inicio de curso 2016\/2017.","author":"CEIP Maestro Rafael Bravo Mart\u00edn","date":"6 septiembre, 2016","format":false,"excerpt":"El pr\u00f3ximo\u00a0martes 13\u00a0de septiembre tendr\u00e1 lugar la presentaci\u00f3n del el curso escolar que ahora comienza. La entrada al centro conmenzar\u00e1 con una bienvenida en el patio \"Antonio Mill\u00e1n Ruvira\" a las 12:30 horas. En dicho acto nos dedicar\u00e1n unas palabras la directora del centro y la coordinadora del proyecto biling\u00fce.\u2026","rel":"","context":"En \u00abEl centro\u00bb","block_context":{"text":"El centro","link":"https:\/\/www.ceipmaestrorafaelbravomartin.es\/?cat=10"},"img":{"alt_text":"","src":"","width":0,"height":0},"classes":[]},{"id":3472,"url":"https:\/\/www.ceipmaestrorafaelbravomartin.es\/?p=3472","url_meta":{"origin":1182,"position":1},"title":"Inicio de curso","author":"CEIP Maestro Rafael Bravo Mart\u00edn","date":"4 septiembre, 2024","format":false,"excerpt":"Estimadas familias, El pr\u00f3ximo martes 10 de septiembre iniciamos el nuevo curso escolar cargado de ilusi\u00f3n y ganas de aprender. La organizaci\u00f3n ser\u00e1 de la siguiente manera:\u25cf De 3 a\u00f1os a 1\u00ba: se realizar\u00e1n reuniones de los padres y madres con los\/las tutores\/as a las horas abajo indicadas.\u25cf De 2\u00ba\u2026","rel":"","context":"En \u00abInformaci\u00f3n\u00bb","block_context":{"text":"Informaci\u00f3n","link":"https:\/\/www.ceipmaestrorafaelbravomartin.es\/?cat=2"},"img":{"alt_text":"","src":"","width":0,"height":0},"classes":[]},{"id":3551,"url":"https:\/\/www.ceipmaestrorafaelbravomartin.es\/?p=3551","url_meta":{"origin":1182,"position":2},"title":"Inicio de curso 2025\/2026","author":"CEIP Maestro Rafael Bravo Mart\u00edn","date":"5 septiembre, 2025","format":false,"excerpt":"Estimadas familias, El pr\u00f3ximo mi\u00e9rcoles 10 de septiembre iniciamos el nuevo curso escolar cargado de ilusi\u00f3n y ganas de aprender. La organizaci\u00f3n ser\u00e1 de la siguiente manera:\u25cf De 3 a\u00f1os a 1\u00ba: se realizar\u00e1n reuniones de los padres y madres con los\/las tutores\/as a las horas abajo indicadas.\u25cf De 2\u00ba\u2026","rel":"","context":"En \u00abInformaci\u00f3n\u00bb","block_context":{"text":"Informaci\u00f3n","link":"https:\/\/www.ceipmaestrorafaelbravomartin.es\/?cat=2"},"img":{"alt_text":"","src":"","width":0,"height":0},"classes":[]},{"id":206,"url":"https:\/\/www.ceipmaestrorafaelbravomartin.es\/?p=206","url_meta":{"origin":1182,"position":3},"title":"Convocatoria Reuni\u00f3n Informativa a las familias sobre PASEN","author":"CEIP Maestro Rafael Bravo Mart\u00edn","date":"18 noviembre, 2011","format":false,"excerpt":"Se convoca a todos los padres, madres y\/o los tutores legales del alumnado de 4\u00ba, 5\u00ba y 6\u00ba de primaria a la reuni\u00f3n informativa que tendr\u00e1 lugar el pr\u00f3ximo martes d\u00eda 22 de noviembre a las 17 horas en el Sal\u00f3n de Usos M\u00faltiples del Centro. El motivo es dar\u2026","rel":"","context":"En \u00abNoticias TIC\u00bb","block_context":{"text":"Noticias TIC","link":"https:\/\/www.ceipmaestrorafaelbravomartin.es\/?cat=19"},"img":{"alt_text":"","src":"","width":0,"height":0},"classes":[]},{"id":20,"url":"https:\/\/www.ceipmaestrorafaelbravomartin.es\/?p=20","url_meta":{"origin":1182,"position":4},"title":"Presentaci\u00f3n del curso 2010\/11","author":"CEIP Maestro Rafael Bravo Mart\u00edn","date":"13 septiembre, 2010","format":false,"excerpt":"En el d\u00eda de hoy, viernes 10 de septiembre de 2010, ha tenido lugar en nuestro Centro la \u00a0presentaci\u00f3n oficial de curso 2010\/11. El equipo directivo, encabezado por el Director del Centro D\u00ba. \u00a0Rafael Bravo Mart\u00edn, se dirigi\u00f3 a todos los asistentes al evento y explic\u00f3 algunas de las novedades\u2026","rel":"","context":"En \u00abPlanes y programas\u00bb","block_context":{"text":"Planes y programas","link":"https:\/\/www.ceipmaestrorafaelbravomartin.es\/?cat=9"},"img":{"alt_text":"","src":"","width":0,"height":0},"classes":[]},{"id":1463,"url":"https:\/\/www.ceipmaestrorafaelbravomartin.es\/?p=1463","url_meta":{"origin":1182,"position":5},"title":"Matriculaci\u00f3n curso 2016-2017","author":"CEIP Maestro Rafael Bravo Mart\u00edn","date":"25 mayo, 2016","format":false,"excerpt":"CURSO 2016-2017 HOJA DE MATRICULACI\u00d3N\u00a0 (que ya ha sido repartida al alumnado) Deber\u00e1 ser entregada al tutor\/a de su hijo\/a antes del Martes, d\u00eda 31 de Mayo. AULA MATINAL El plazo para solicitar plaza en el Aula Matinal es del 1 al 8 de Junio, ambos inclusive. El horario de\u2026","rel":"","context":"En \u00abEl centro\u00bb","block_context":{"text":"El centro","link":"https:\/\/www.ceipmaestrorafaelbravomartin.es\/?cat=10"},"img":{"alt_text":"","src":"","width":0,"height":0},"classes":[]}],"_links":{"self":[{"href":"https:\/\/www.ceipmaestrorafaelbravomartin.es\/index.php?rest_route=\/wp\/v2\/posts\/1182","targetHints":{"allow":["GET"]}}],"collection":[{"href":"https:\/\/www.ceipmaestrorafaelbravomartin.es\/index.php?rest_route=\/wp\/v2\/posts"}],"about":[{"href":"https:\/\/www.ceipmaestrorafaelbravomartin.es\/index.php?rest_route=\/wp\/v2\/types\/post"}],"author":[{"embeddable":true,"href":"https:\/\/www.ceipmaestrorafaelbravomartin.es\/index.php?rest_route=\/wp\/v2\/users\/6"}],"replies":[{"embeddable":true,"href":"https:\/\/www.ceipmaestrorafaelbravomartin.es\/index.php?rest_route=%2Fwp%2Fv2%2Fcomments&post=1182"}],"version-history":[{"count":5,"href":"https:\/\/www.ceipmaestrorafaelbravomartin.es\/index.php?rest_route=\/wp\/v2\/posts\/1182\/revisions"}],"predecessor-version":[{"id":1187,"href":"https:\/\/www.ceipmaestrorafaelbravomartin.es\/index.php?rest_route=\/wp\/v2\/posts\/1182\/revisions\/1187"}],"wp:attachment":[{"href":"https:\/\/www.ceipmaestrorafaelbravomartin.es\/index.php?rest_route=%2Fwp%2Fv2%2Fmedia&parent=1182"}],"wp:term":[{"taxonomy":"category","embeddable":true,"href":"https:\/\/www.ceipmaestrorafaelbravomartin.es\/index.php?rest_route=%2Fwp%2Fv2%2Fcategories&post=1182"},{"taxonomy":"post_tag","embeddable":true,"href":"https:\/\/www.ceipmaestrorafaelbravomartin.es\/index.php?rest_route=%2Fwp%2Fv2%2Ftags&post=1182"}],"curies":[{"name":"wp","href":"https:\/\/api.w.org\/{rel}","templated":true}]}}