{"id":1201,"date":"2015-10-01T21:31:30","date_gmt":"2015-10-01T19:31:30","guid":{"rendered":"http:\/\/blogasuncion.es\/?p=1201"},"modified":"2015-10-30T12:53:58","modified_gmt":"2015-10-30T11:53:58","slug":"organigrama-curso-20152016","status":"publish","type":"post","link":"https:\/\/www.ceipmaestrorafaelbravomartin.es\/?p=1201","title":{"rendered":"Organigrama curso 2015\/2016."},"content":{"rendered":"<p>Como todos los a\u00f1os, comenzamos un nuevo curso escolar con muchas ganas e ilusi\u00f3n por nuestro trabajo. En esta ocasi\u00f3n el equipo humano encargado de realizar la labor de ense\u00f1ar a los ni\u00f1os\/as de nuestro\u00a0colegio es el siguiente:<\/p>\n<p style=\"text-align: center;\"><strong>Educaci\u00f3n Infantil.<\/strong><\/p>\n<ul>\n<li style=\"text-align: left;\">Beatriz Ayll\u00f3n.<\/li>\n<li style=\"text-align: left;\">Rosario Duarte.<\/li>\n<li style=\"text-align: left;\">Mar\u00eda Trinidad Fern\u00e1ndez.<\/li>\n<li style=\"text-align: left;\">Mar\u00eda del Valme Flores.<\/li>\n<li style=\"text-align: left;\">Mar\u00eda Luisa Henry.<\/li>\n<li style=\"text-align: left;\">Mar\u00eda del Carmen Mart\u00edn.<\/li>\n<li style=\"text-align: left;\">Carmen Mar\u00eda Montes.<\/li>\n<li style=\"text-align: left;\">Ricardo Naranjo.<\/li>\n<li style=\"text-align: left;\">Concepci\u00f3n P\u00e9rez.<\/li>\n<li style=\"text-align: left;\">Ana Mar\u00eda Velasco.<\/li>\n<\/ul>\n<p style=\"text-align: center;\"><strong>Educaci\u00f3n primaria\/ primaria biling\u00fce.<\/strong><\/p>\n<ul>\n<li style=\"text-align: left;\">Fernando Alguacil.<\/li>\n<li style=\"text-align: left;\">Alejandro Bermejo.<\/li>\n<li style=\"text-align: left;\">Jos\u00e9 Miguel Bravo.<\/li>\n<li style=\"text-align: left;\">Vicente Garc\u00eda.<\/li>\n<li style=\"text-align: left;\">Purificaci\u00f3n Garc\u00eda.<\/li>\n<li style=\"text-align: left;\">Patrocinio G\u00f3mez.<\/li>\n<li style=\"text-align: left;\">Carlos Andr\u00e9s Guerra.<\/li>\n<li style=\"text-align: left;\">Roxana Guijas.<\/li>\n<li style=\"text-align: left;\">Aurora Mart\u00edn.<\/li>\n<li style=\"text-align: left;\">Mar\u00eda Isabel Moscoso.<\/li>\n<li style=\"text-align: left;\">Mar\u00eda Inmaculada Pay\u00e1n.<\/li>\n<li style=\"text-align: left;\">Mar\u00eda Isabel Reyes.<\/li>\n<li style=\"text-align: left;\">Inmaculada Rodr\u00edguez.<\/li>\n<li style=\"text-align: left;\">Tania Vargas.<\/li>\n<\/ul>\n<p style=\"text-align: center;\"><strong>Especialistas.<\/strong><\/p>\n<ul>\n<li style=\"text-align: left;\">\u00c1ngela Castillo (m\u00fasica &#8211; biling\u00fce).<\/li>\n<li style=\"text-align: left;\">Roc\u00edo Gallardo (ingl\u00e9s).<\/li>\n<li style=\"text-align: left;\">Mar\u00eda \u00c1ngeles Garc\u00eda (ingl\u00e9s).<\/li>\n<li style=\"text-align: left;\">Margarita Moreno (religi\u00f3n).<\/li>\n<li style=\"text-align: left;\">Olga Moreno (pedagog\u00eda terap\u00e9utica).<\/li>\n<li style=\"text-align: left;\">Dolores Pay\u00e1n (pedagog\u00eda terap\u00e9utica).<\/li>\n<li style=\"text-align: left;\">M\u00aa \u00c1ngeles Peinado (audici\u00f3n y lenguaje).<\/li>\n<li style=\"text-align: left;\">Mercedes R\u00edos (religi\u00f3n).<\/li>\n<li style=\"text-align: left;\">Andr\u00e9s Torres (educaci\u00f3n f\u00edsica).<\/li>\n<\/ul>\n<p style=\"text-align: center;\"><strong>Direcci\u00f3n.<\/strong><\/p>\n<ul>\n<li style=\"text-align: left;\">Noelia Carrasco (ingl\u00e9s &#8211; directora).<\/li>\n<li style=\"text-align: left;\">Antonia Guardiola (primaria biling\u00fce &#8211; jefatura de estudios).<\/li>\n<li style=\"text-align: left;\">Mois\u00e9s Olmedo (educaci\u00f3n f\u00edsica &#8211; secretar\u00eda).<\/li>\n<\/ul>\n<p style=\"text-align: center;\"><strong>Personal no docente.<\/strong><\/p>\n<ul>\n<li style=\"text-align: left;\">Mar\u00eda Dolores Rom\u00e1n.<\/li>\n<li style=\"text-align: left;\">Mar\u00eda Jos\u00e9 Vel\u00e1zquez.<\/li>\n<\/ul>\n<p style=\"text-align: left;\">\u00a0\u00a0\u00a0\u00a0\u00a0\u00a0 Seguro que entre todos\/as (profesorado, alumnado, AMPA y familias)\u00a0haremos posible un gran a\u00f1o escolar.<\/p>\n<p style=\"text-align: left;\">\u00a0\u00a0\u00a0\u00a0\u00a0\u00a0 Mucho \u00e1nimo y ganas de aprender.<\/p>\n<p>&nbsp;<\/p>\n","protected":false},"excerpt":{"rendered":"<p>Como todos los a\u00f1os, comenzamos un nuevo curso escolar con muchas ganas e ilusi\u00f3n por nuestro trabajo. En esta ocasi\u00f3n el equipo humano encargado de realizar la labor de ense\u00f1ar a los ni\u00f1os\/as de nuestro\u00a0colegio es el siguiente: Educaci\u00f3n Infantil. Beatriz Ayll\u00f3n. Rosario Duarte. Mar\u00eda Trinidad Fern\u00e1ndez. Mar\u00eda del Valme [&hellip;]<\/p>\n","protected":false},"author":6,"featured_media":0,"comment_status":"closed","ping_status":"closed","sticky":false,"template":"","format":"standard","meta":{"jetpack_post_was_ever_published":false,"_jetpack_newsletter_access":"","_jetpack_dont_email_post_to_subs":false,"_jetpack_newsletter_tier_id":0,"_jetpack_memberships_contains_paywalled_content":false,"_jetpack_memberships_contains_paid_content":false,"footnotes":""},"categories":[10,2],"tags":[],"class_list":["post-1201","post","type-post","status-publish","format-standard","hentry","category-centro","category-info"],"jetpack_featured_media_url":"","jetpack_sharing_enabled":true,"jetpack_shortlink":"https:\/\/wp.me\/p9VlHp-jn","jetpack-related-posts":[{"id":151,"url":"https:\/\/www.ceipmaestrorafaelbravomartin.es\/?p=151","url_meta":{"origin":1201,"position":0},"title":"Carnaval 2011","author":"CEIP Maestro Rafael Bravo Mart\u00edn","date":"17 marzo, 2011","format":false,"excerpt":"{jcomments on}Un a\u00f1o m\u00e1s nuestro colegio se visti\u00f3 con colores carnavalescos. Educaci\u00f3n Infantil y el Primer curso de Primaria, el pasado viernes, nos unimos para celebrar el Carnaval. Motivos meteorol\u00f3gicos adversos impidieron que nuestro ya tradicional \"pasacalles\" recorriera los aleda\u00f1os del Centro. \u00a0 No obstante la fiesta fue muy divertida:\u2026","rel":"","context":"En \u00abCurso 2010\/11\u00bb","block_context":{"text":"Curso 2010\/11","link":"https:\/\/www.ceipmaestrorafaelbravomartin.es\/?cat=40"},"img":{"alt_text":"","src":"","width":0,"height":0},"classes":[]},{"id":173,"url":"https:\/\/www.ceipmaestrorafaelbravomartin.es\/?p=173","url_meta":{"origin":1201,"position":1},"title":"Organigrama Curso Escolar 2012\/13","author":"CEIP Maestro Rafael Bravo Mart\u00edn","date":"2 septiembre, 2012","format":false,"excerpt":"En el Claustro celebrado el d\u00eda 3 de septiembre de 2012 qued\u00f3 establecido el organigrama para el curso escolar 2012\/13, siendo el que se describe a continuaci\u00f3n: INFANTIL 3 a\u00f1os A: Matilde Mart\u00edn Ma\u00f1ero. 3 a\u00f1os B: M\u00aa Luisa Henry Ben\u00edtez. 3 a\u00f1os C: Pilar Bernal Ballesteros. 4 a\u00f1os A:\u2026","rel":"","context":"En \u00abClaustro\u00bb","block_context":{"text":"Claustro","link":"https:\/\/www.ceipmaestrorafaelbravomartin.es\/?cat=11"},"img":{"alt_text":"","src":"","width":0,"height":0},"classes":[]},{"id":136,"url":"https:\/\/www.ceipmaestrorafaelbravomartin.es\/?p=136","url_meta":{"origin":1201,"position":2},"title":"Convocator\u00eda de Reuni\u00f3n Informativa a las familias sobre PASEN","author":"CEIP Maestro Rafael Bravo Mart\u00edn","date":"24 enero, 2011","format":false,"excerpt":"Se convoca a los tutores legales del alumnado del Centro a la reuni\u00f3n informativa que tendr\u00e1 lugar el pr\u00f3ximo martes d\u00eda 1 de febrero en el Sal\u00f3n de Usos M\u00faltiples del Centro. El motivo es dar a conocer la plataforma educativa PASEN que durante el presente curso escolar vamos a\u2026","rel":"","context":"En \u00abNoticias TIC\u00bb","block_context":{"text":"Noticias TIC","link":"https:\/\/www.ceipmaestrorafaelbravomartin.es\/?cat=19"},"img":{"alt_text":"","src":"","width":0,"height":0},"classes":[]},{"id":150,"url":"https:\/\/www.ceipmaestrorafaelbravomartin.es\/?p=150","url_meta":{"origin":1201,"position":3},"title":"PROFESORADO DEL CENTRO DESDE EL CURSO 1981\/82","author":"CEIP Maestro Rafael Bravo Mart\u00edn","date":"8 junio, 2011","format":false,"excerpt":"\u00a0\u00a0\u00a0 Tras el art\u00edculo sobre los Equipos Directivos, para el que el trabajo fotogr\u00e1fico ha sido aportado por D\u00aa Aurora Mart\u00edn, publicamos ahora el listado del profesorado que ha desempe\u00f1ado su labor profesional en el Centro desde el curso 1981\/82.","rel":"","context":"En \u00abHistoria\u00bb","block_context":{"text":"Historia","link":"https:\/\/www.ceipmaestrorafaelbravomartin.es\/?cat=43"},"img":{"alt_text":"","src":"","width":0,"height":0},"classes":[]},{"id":557,"url":"https:\/\/www.ceipmaestrorafaelbravomartin.es\/?p=557","url_meta":{"origin":1201,"position":4},"title":"Personal del Colegio para el curso 2013-2014","author":"CEIP Maestro Rafael Bravo Mart\u00edn","date":"27 septiembre, 2013","format":false,"excerpt":"El profesorado del CEIP Maestro Rafael Bravo Mart\u00edn lo forman: Educaci\u00f3n Infantil: - 3 a\u00f1os A: Sara Guti\u00e9rrez R.\u00a0\u00a0\u00a0\u00a0\u00a0\u00a0\u00a0\u00a0\u00a0\u00a0\u00a0\u00a0\u00a0\u00a0\u00a0\u00a0\u00a0\u00a0\u00a0\u00a0\u00a0\u00a0\u00a0\u00a0\u00a0\u00a0\u00a0\u00a0\u00a0\u00a0\u00a0\u00a0\u00a0\u00a0\u00a0\u00a0 - 3 a\u00f1os B:\u00a0M\u00aa del Carmen\u00a0Mart\u00edn M. - 4 a\u00f1os A: Matilde Mart\u00edn M.\u00a0\u00a0\u00a0\u00a0\u00a0\u00a0\u00a0\u00a0\u00a0\u00a0\u00a0\u00a0\u00a0\u00a0\u00a0\u00a0\u00a0\u00a0\u00a0\u00a0\u00a0\u00a0\u00a0\u00a0\u00a0\u00a0\u00a0\u00a0\u00a0\u00a0\u00a0\u00a0\u00a0\u00a0\u00a0\u00a0\u00a0 - 4 a\u00f1os B: M\u00aa Luisa Henry Ben\u00edtez - 4 a\u00f1os C: Trinidad Fern\u00e1ndez G.\u00a0\u00a0\u00a0\u00a0\u00a0\u00a0\u00a0\u00a0\u00a0\u00a0\u00a0\u00a0\u00a0\u00a0\u00a0\u00a0\u00a0\u00a0\u00a0\u00a0\u00a0\u00a0\u00a0\u00a0\u00a0\u00a0\u00a0\u00a0\u00a0 - 5\u2026","rel":"","context":"En \u00abEl centro\u00bb","block_context":{"text":"El centro","link":"https:\/\/www.ceipmaestrorafaelbravomartin.es\/?cat=10"},"img":{"alt_text":"","src":"","width":0,"height":0},"classes":[]},{"id":33,"url":"https:\/\/www.ceipmaestrorafaelbravomartin.es\/?p=33","url_meta":{"origin":1201,"position":5},"title":"Centro TIC","author":"CEIP Maestro Rafael Bravo Mart\u00edn","date":"18 octubre, 2010","format":false,"excerpt":"Nuestra sociedad actual est\u00e1 caracterizada por cambios r\u00e1pidos y profundos, especialmente motivados por el desarrollo de las Nuevas Tecnolog\u00edas de la Informaci\u00f3n y el Conocimiento. La escuela no puede estar ajena a este fen\u00f3meno y tenemos la obligaci\u00f3n de preparar a nuestros alumnos y alumnas para esta sociedad, en la\u2026","rel":"","context":"En \u00abPlanes y programas\u00bb","block_context":{"text":"Planes y programas","link":"https:\/\/www.ceipmaestrorafaelbravomartin.es\/?cat=23"},"img":{"alt_text":"","src":"","width":0,"height":0},"classes":[]}],"_links":{"self":[{"href":"https:\/\/www.ceipmaestrorafaelbravomartin.es\/index.php?rest_route=\/wp\/v2\/posts\/1201","targetHints":{"allow":["GET"]}}],"collection":[{"href":"https:\/\/www.ceipmaestrorafaelbravomartin.es\/index.php?rest_route=\/wp\/v2\/posts"}],"about":[{"href":"https:\/\/www.ceipmaestrorafaelbravomartin.es\/index.php?rest_route=\/wp\/v2\/types\/post"}],"author":[{"embeddable":true,"href":"https:\/\/www.ceipmaestrorafaelbravomartin.es\/index.php?rest_route=\/wp\/v2\/users\/6"}],"replies":[{"embeddable":true,"href":"https:\/\/www.ceipmaestrorafaelbravomartin.es\/index.php?rest_route=%2Fwp%2Fv2%2Fcomments&post=1201"}],"version-history":[{"count":2,"href":"https:\/\/www.ceipmaestrorafaelbravomartin.es\/index.php?rest_route=\/wp\/v2\/posts\/1201\/revisions"}],"predecessor-version":[{"id":1205,"href":"https:\/\/www.ceipmaestrorafaelbravomartin.es\/index.php?rest_route=\/wp\/v2\/posts\/1201\/revisions\/1205"}],"wp:attachment":[{"href":"https:\/\/www.ceipmaestrorafaelbravomartin.es\/index.php?rest_route=%2Fwp%2Fv2%2Fmedia&parent=1201"}],"wp:term":[{"taxonomy":"category","embeddable":true,"href":"https:\/\/www.ceipmaestrorafaelbravomartin.es\/index.php?rest_route=%2Fwp%2Fv2%2Fcategories&post=1201"},{"taxonomy":"post_tag","embeddable":true,"href":"https:\/\/www.ceipmaestrorafaelbravomartin.es\/index.php?rest_route=%2Fwp%2Fv2%2Ftags&post=1201"}],"curies":[{"name":"wp","href":"https:\/\/api.w.org\/{rel}","templated":true}]}}