{"id":1240,"date":"2015-11-17T10:25:25","date_gmt":"2015-11-17T09:25:25","guid":{"rendered":"http:\/\/blogasuncion.es\/?p=1240"},"modified":"2015-11-17T10:25:25","modified_gmt":"2015-11-17T09:25:25","slug":"maestro-en-nueva-york","status":"publish","type":"post","link":"https:\/\/www.ceipmaestrorafaelbravomartin.es\/?p=1240","title":{"rendered":"Maestro en Nueva York"},"content":{"rendered":"<p style=\"text-align: center;\">Entre 1929 y 1930 Espa\u00f1a tuvo\u00a0como embajador en Nueva York a uno de sus personajes mas ilustres y destacados, \u00a0el granadino Federico Garcia Lorca.<\/p>\n<p style=\"text-align: center;\">Ahora, nuestro cole, tambi\u00e9n ha tenido como embajador a uno de sus maestros m\u00e1s destacados, D. Jos\u00e9 Palma Casares.<\/p>\n<p style=\"text-align: center;\">Desde all\u00ed, ha querido hacernos llegar su recuerdo\u00a0 hacia la Comunidad Educativa del que durante tantos a\u00f1os fue y sigue siendo su centro.<\/p>\n<p style=\"text-align: center;\">\u00a1 Gracias compa\u00f1ero !<\/p>\n<p><a href=\"http:\/\/blogasuncion.es\/wp-content\/uploads\/2015\/11\/www.kizoa_.com_collage_2015-11-17_10-05-35.jpg\" target=\"_blank\"><img loading=\"lazy\" decoding=\"async\" data-attachment-id=\"1239\" data-permalink=\"https:\/\/www.ceipmaestrorafaelbravomartin.es\/?attachment_id=1239\" data-orig-file=\"https:\/\/www.ceipmaestrorafaelbravomartin.es\/wp-content\/uploads\/2015\/11\/www.kizoa_.com_collage_2015-11-17_10-05-35.jpg\" data-orig-size=\"1440,1080\" data-comments-opened=\"0\" data-image-meta=\"{&quot;aperture&quot;:&quot;0&quot;,&quot;credit&quot;:&quot;&quot;,&quot;camera&quot;:&quot;&quot;,&quot;caption&quot;:&quot;&quot;,&quot;created_timestamp&quot;:&quot;0&quot;,&quot;copyright&quot;:&quot;&quot;,&quot;focal_length&quot;:&quot;0&quot;,&quot;iso&quot;:&quot;0&quot;,&quot;shutter_speed&quot;:&quot;0&quot;,&quot;title&quot;:&quot;&quot;,&quot;orientation&quot;:&quot;0&quot;}\" data-image-title=\"www.kizoa.com_collage_2015-11-17_10-05-35\" data-image-description=\"\" data-image-caption=\"\" data-medium-file=\"https:\/\/www.ceipmaestrorafaelbravomartin.es\/wp-content\/uploads\/2015\/11\/www.kizoa_.com_collage_2015-11-17_10-05-35-300x225.jpg\" data-large-file=\"https:\/\/www.ceipmaestrorafaelbravomartin.es\/wp-content\/uploads\/2015\/11\/www.kizoa_.com_collage_2015-11-17_10-05-35-1024x768.jpg\" class=\"aligncenter wp-image-1239\" src=\"http:\/\/blogasuncion.es\/wp-content\/uploads\/2015\/11\/www.kizoa_.com_collage_2015-11-17_10-05-35-300x225.jpg\" alt=\"www.kizoa.com_collage_2015-11-17_10-05-35\" width=\"420\" height=\"319\" \/><\/a><\/p>\n<p style=\"text-align: left;\"><strong>P.D. Las im\u00e1genes publicadas cuentan con la autorizaci\u00f3n de su autor.<\/strong><\/p>\n","protected":false},"excerpt":{"rendered":"<p>Entre 1929 y 1930 Espa\u00f1a tuvo\u00a0como embajador en Nueva York a uno de sus personajes mas ilustres y destacados, \u00a0el granadino Federico Garcia Lorca. Ahora, nuestro cole, tambi\u00e9n ha tenido como embajador a uno de sus maestros m\u00e1s destacados, D. Jos\u00e9 Palma Casares. Desde all\u00ed, ha querido hacernos llegar su [&hellip;]<\/p>\n","protected":false},"author":4,"featured_media":0,"comment_status":"open","ping_status":"closed","sticky":false,"template":"","format":"standard","meta":{"jetpack_post_was_ever_published":false,"_jetpack_newsletter_access":"","_jetpack_dont_email_post_to_subs":false,"_jetpack_newsletter_tier_id":0,"_jetpack_memberships_contains_paywalled_content":false,"_jetpack_memberships_contains_paid_content":false,"footnotes":""},"categories":[24,8],"tags":[],"class_list":["post-1240","post","type-post","status-publish","format-standard","hentry","category-c59-dedicatorias","category-profesorado"],"jetpack_featured_media_url":"","jetpack_sharing_enabled":true,"jetpack_shortlink":"https:\/\/wp.me\/p9VlHp-k0","jetpack-related-posts":[{"id":76,"url":"https:\/\/www.ceipmaestrorafaelbravomartin.es\/?p=76","url_meta":{"origin":1240,"position":0},"title":"Libro recomendado: La monta\u00f1a farsante","author":"CEIP Maestro Rafael Bravo Mart\u00edn","date":"27 octubre, 2010","format":false,"excerpt":"La monta\u00f1a farsante , Sid Fleischman.Sid Fleischman, premiado much\u00edsimas veces por sus libros, es un maestro de la aventura, el humor y el suspense .Nunca le falta imaginaci\u00f3n para escribir sus libros.En \u00e9ste, a Wiley, hijo de un periodista, pueden pasarle las cosas m\u00e1s extra\u00f1as: que la b\u00fasqueda de su\u2026","rel":"","context":"En \u00abRecomendaciones\u00bb","block_context":{"text":"Recomendaciones","link":"https:\/\/www.ceipmaestrorafaelbravomartin.es\/?cat=22"},"img":{"alt_text":"","src":"","width":0,"height":0},"classes":[]},{"id":83,"url":"https:\/\/www.ceipmaestrorafaelbravomartin.es\/?p=83","url_meta":{"origin":1240,"position":1},"title":"Inauguramos nueva secci\u00f3n de foros","author":"CEIP Maestro Rafael Bravo Mart\u00edn","date":"14 noviembre, 2010","format":false,"excerpt":"Con la intenci\u00f3n de promover la participaci\u00f3n de toda la comunidad educativa y el intercambio de ideas y opiniones, tengo el placer de informaros de la inauguraci\u00f3n de una nueva secci\u00f3n en la que todos y todas pod\u00e9is participar. Pod\u00e9is encontrarla en el men\u00fa superior horizontal con el nombre de\u2026","rel":"","context":"En \u00abNoticias TIC\u00bb","block_context":{"text":"Noticias TIC","link":"https:\/\/www.ceipmaestrorafaelbravomartin.es\/?cat=19"},"img":{"alt_text":"","src":"","width":0,"height":0},"classes":[]},{"id":89,"url":"https:\/\/www.ceipmaestrorafaelbravomartin.es\/?p=89","url_meta":{"origin":1240,"position":2},"title":"Nueva versi\u00f3n de Guadalinex.","author":"CEIP Maestro Rafael Bravo Mart\u00edn","date":"16 noviembre, 2010","format":false,"excerpt":"\u00a0Ya tenemos la nueva versi\u00f3n de guadalinex lista para ser instalada en Centros TIC de Andaluc\u00eda. Para su instalaci\u00f3n el CGA ha dise\u00f1ado un nuevo sistema que simplifica el proceso, y que permite la instalaci\u00f3n de todas las distribuciones de Guadalinex.\u00a0 Para acceder a dicho men\u00fa de instalaci\u00f3n debemos seguir\u2026","rel":"","context":"En \u00abNoticias TIC\u00bb","block_context":{"text":"Noticias TIC","link":"https:\/\/www.ceipmaestrorafaelbravomartin.es\/?cat=19"},"img":{"alt_text":"","src":"https:\/\/i0.wp.com\/www.ceipmaestrorafaelbravomartin.es\/wp-content\/uploads\/2010\/11\/cgaedu10.png?resize=350%2C200&ssl=1","width":350,"height":200},"classes":[]},{"id":198,"url":"https:\/\/www.ceipmaestrorafaelbravomartin.es\/?p=198","url_meta":{"origin":1240,"position":3},"title":"Informaci\u00f3n Plan biling\u00fce curso 2011\/12","author":"CEIP Maestro Rafael Bravo Mart\u00edn","date":"4 noviembre, 2011","format":false,"excerpt":"PRESENTACI\u00d3N Atendiendo a las caracter\u00edsticas de nuestro Centro, de los recursos con los que contamos tanto personales como materiales, as\u00ed como de las caracter\u00edsticas propias de nuestro alumnado; procedemos a dar respuesta a la formaci\u00f3n que se requiere para la inclusi\u00f3n de los ni\u00f1os y las ni\u00f1as de nuestro colegio\u2026","rel":"","context":"En \u00abPlanes y programas\u00bb","block_context":{"text":"Planes y programas","link":"https:\/\/www.ceipmaestrorafaelbravomartin.es\/?cat=23"},"img":{"alt_text":"","src":"","width":0,"height":0},"classes":[]},{"id":2029,"url":"https:\/\/www.ceipmaestrorafaelbravomartin.es\/?p=2029","url_meta":{"origin":1240,"position":4},"title":"APRENDE A SEPARARTE","author":"CEIP Maestro Rafael Bravo Mart\u00edn","date":"8 febrero, 2020","format":false,"excerpt":"Dado el elevado n\u00famero de separaciones entre parejas que se producen hoy en d\u00eda,\u00a0son muchos los ni\u00f1os\/ni\u00f1as afectados por esta situaci\u00f3n, que ha dejado de ser excepcional para pasar a ser bastante habitual. Las\u00a0consecuencias\u00a0que sufre el hijo\/a de padres separados estar\u00e1n m\u00e1s relacionadas con las desavenencias familiares previas y asociadas\u2026","rel":"","context":"En \u00abA.M.P.A.\u00bb","block_context":{"text":"A.M.P.A.","link":"https:\/\/www.ceipmaestrorafaelbravomartin.es\/?cat=15"},"img":{"alt_text":"","src":"https:\/\/i0.wp.com\/www.ceipmaestrorafaelbravomartin.es\/wp-content\/uploads\/2020\/02\/aprende-a-separarte-cabecera.jpg_435216123.jpg?resize=350%2C200&ssl=1","width":350,"height":200,"srcset":"https:\/\/i0.wp.com\/www.ceipmaestrorafaelbravomartin.es\/wp-content\/uploads\/2020\/02\/aprende-a-separarte-cabecera.jpg_435216123.jpg?resize=350%2C200&ssl=1 1x, https:\/\/i0.wp.com\/www.ceipmaestrorafaelbravomartin.es\/wp-content\/uploads\/2020\/02\/aprende-a-separarte-cabecera.jpg_435216123.jpg?resize=525%2C300&ssl=1 1.5x, https:\/\/i0.wp.com\/www.ceipmaestrorafaelbravomartin.es\/wp-content\/uploads\/2020\/02\/aprende-a-separarte-cabecera.jpg_435216123.jpg?resize=700%2C400&ssl=1 2x, https:\/\/i0.wp.com\/www.ceipmaestrorafaelbravomartin.es\/wp-content\/uploads\/2020\/02\/aprende-a-separarte-cabecera.jpg_435216123.jpg?resize=1050%2C600&ssl=1 3x"},"classes":[]},{"id":139,"url":"https:\/\/www.ceipmaestrorafaelbravomartin.es\/?p=139","url_meta":{"origin":1240,"position":5},"title":"Incidencias en Pasen","author":"CEIP Maestro Rafael Bravo Mart\u00edn","date":"4 febrero, 2011","format":false,"excerpt":"Tras la sesi\u00f3n informativa sobre el uso de Pasen que se celebr\u00f3 el pasado martes, hemos recibido numerosas incidencias en relaci\u00f3n a las credenciales que se les ha proporcionado a los tutores legales y alumnado. Por causas ajenas al Centro, algunas de las claves no son correctas. Por tanto, si\u2026","rel":"","context":"En \u00abNoticias TIC\u00bb","block_context":{"text":"Noticias TIC","link":"https:\/\/www.ceipmaestrorafaelbravomartin.es\/?cat=19"},"img":{"alt_text":"","src":"","width":0,"height":0},"classes":[]}],"_links":{"self":[{"href":"https:\/\/www.ceipmaestrorafaelbravomartin.es\/index.php?rest_route=\/wp\/v2\/posts\/1240","targetHints":{"allow":["GET"]}}],"collection":[{"href":"https:\/\/www.ceipmaestrorafaelbravomartin.es\/index.php?rest_route=\/wp\/v2\/posts"}],"about":[{"href":"https:\/\/www.ceipmaestrorafaelbravomartin.es\/index.php?rest_route=\/wp\/v2\/types\/post"}],"author":[{"embeddable":true,"href":"https:\/\/www.ceipmaestrorafaelbravomartin.es\/index.php?rest_route=\/wp\/v2\/users\/4"}],"replies":[{"embeddable":true,"href":"https:\/\/www.ceipmaestrorafaelbravomartin.es\/index.php?rest_route=%2Fwp%2Fv2%2Fcomments&post=1240"}],"version-history":[{"count":4,"href":"https:\/\/www.ceipmaestrorafaelbravomartin.es\/index.php?rest_route=\/wp\/v2\/posts\/1240\/revisions"}],"predecessor-version":[{"id":1244,"href":"https:\/\/www.ceipmaestrorafaelbravomartin.es\/index.php?rest_route=\/wp\/v2\/posts\/1240\/revisions\/1244"}],"wp:attachment":[{"href":"https:\/\/www.ceipmaestrorafaelbravomartin.es\/index.php?rest_route=%2Fwp%2Fv2%2Fmedia&parent=1240"}],"wp:term":[{"taxonomy":"category","embeddable":true,"href":"https:\/\/www.ceipmaestrorafaelbravomartin.es\/index.php?rest_route=%2Fwp%2Fv2%2Fcategories&post=1240"},{"taxonomy":"post_tag","embeddable":true,"href":"https:\/\/www.ceipmaestrorafaelbravomartin.es\/index.php?rest_route=%2Fwp%2Fv2%2Ftags&post=1240"}],"curies":[{"name":"wp","href":"https:\/\/api.w.org\/{rel}","templated":true}]}}