{"id":1252,"date":"2015-11-30T13:44:18","date_gmt":"2015-11-30T12:44:18","guid":{"rendered":"http:\/\/blogasuncion.es\/?p=1252"},"modified":"2015-12-01T18:08:03","modified_gmt":"2015-12-01T17:08:03","slug":"certamen-de-carteles-y-cuentos-navidenos","status":"publish","type":"post","link":"https:\/\/www.ceipmaestrorafaelbravomartin.es\/?p=1252","title":{"rendered":"Certamen de carteles y cuentos navide\u00f1os."},"content":{"rendered":"<p>Se acercan fechas se\u00f1aladas en nuestro colegio, por ello empiezan actividades para estas fiestas. Desde la <strong>biblioteca del centro<\/strong> nos proponen las siguientes actividades:<\/p>\n<p><a href=\"http:\/\/blogasuncion.es\/wp-content\/uploads\/2015\/11\/IMG_20151130_120302039.jpg\"><img loading=\"lazy\" decoding=\"async\" data-attachment-id=\"1256\" data-permalink=\"https:\/\/www.ceipmaestrorafaelbravomartin.es\/?attachment_id=1256\" data-orig-file=\"https:\/\/www.ceipmaestrorafaelbravomartin.es\/wp-content\/uploads\/2015\/11\/IMG_20151130_120302039.jpg\" data-orig-size=\"1836,3264\" data-comments-opened=\"0\" data-image-meta=\"{&quot;aperture&quot;:&quot;2&quot;,&quot;credit&quot;:&quot;&quot;,&quot;camera&quot;:&quot;XT1068&quot;,&quot;caption&quot;:&quot;&quot;,&quot;created_timestamp&quot;:&quot;1039348800&quot;,&quot;copyright&quot;:&quot;&quot;,&quot;focal_length&quot;:&quot;3.54&quot;,&quot;iso&quot;:&quot;400&quot;,&quot;shutter_speed&quot;:&quot;0.03&quot;,&quot;title&quot;:&quot;&quot;,&quot;orientation&quot;:&quot;0&quot;}\" data-image-title=\"IMG_20151130_120302039\" data-image-description=\"\" data-image-caption=\"\" data-medium-file=\"https:\/\/www.ceipmaestrorafaelbravomartin.es\/wp-content\/uploads\/2015\/11\/IMG_20151130_120302039-169x300.jpg\" data-large-file=\"https:\/\/www.ceipmaestrorafaelbravomartin.es\/wp-content\/uploads\/2015\/11\/IMG_20151130_120302039-576x1024.jpg\" class=\"alignnone size-medium wp-image-1256\" src=\"http:\/\/blogasuncion.es\/wp-content\/uploads\/2015\/11\/IMG_20151130_120302039-169x300.jpg\" alt=\"IMG_20151130_120302039\" width=\"169\" height=\"300\" srcset=\"https:\/\/www.ceipmaestrorafaelbravomartin.es\/wp-content\/uploads\/2015\/11\/IMG_20151130_120302039-169x300.jpg 169w, https:\/\/www.ceipmaestrorafaelbravomartin.es\/wp-content\/uploads\/2015\/11\/IMG_20151130_120302039-576x1024.jpg 576w, https:\/\/www.ceipmaestrorafaelbravomartin.es\/wp-content\/uploads\/2015\/11\/IMG_20151130_120302039.jpg 1836w\" sizes=\"auto, (max-width: 169px) 100vw, 169px\" \/><\/a><a href=\"http:\/\/blogasuncion.es\/wp-content\/uploads\/2015\/11\/IMG_20151130_111938308.jpg\"><img loading=\"lazy\" decoding=\"async\" data-attachment-id=\"1253\" data-permalink=\"https:\/\/www.ceipmaestrorafaelbravomartin.es\/?attachment_id=1253\" data-orig-file=\"https:\/\/www.ceipmaestrorafaelbravomartin.es\/wp-content\/uploads\/2015\/11\/IMG_20151130_111938308.jpg\" data-orig-size=\"1836,3264\" data-comments-opened=\"0\" data-image-meta=\"{&quot;aperture&quot;:&quot;2&quot;,&quot;credit&quot;:&quot;&quot;,&quot;camera&quot;:&quot;XT1068&quot;,&quot;caption&quot;:&quot;&quot;,&quot;created_timestamp&quot;:&quot;1039348800&quot;,&quot;copyright&quot;:&quot;&quot;,&quot;focal_length&quot;:&quot;3.54&quot;,&quot;iso&quot;:&quot;400&quot;,&quot;shutter_speed&quot;:&quot;0.03&quot;,&quot;title&quot;:&quot;&quot;,&quot;orientation&quot;:&quot;0&quot;}\" data-image-title=\"IMG_20151130_111938308\" data-image-description=\"\" data-image-caption=\"\" data-medium-file=\"https:\/\/www.ceipmaestrorafaelbravomartin.es\/wp-content\/uploads\/2015\/11\/IMG_20151130_111938308-169x300.jpg\" data-large-file=\"https:\/\/www.ceipmaestrorafaelbravomartin.es\/wp-content\/uploads\/2015\/11\/IMG_20151130_111938308-576x1024.jpg\" class=\"alignnone size-medium wp-image-1253\" src=\"http:\/\/blogasuncion.es\/wp-content\/uploads\/2015\/11\/IMG_20151130_111938308-169x300.jpg\" alt=\"IMG_20151130_111938308\" width=\"169\" height=\"300\" srcset=\"https:\/\/www.ceipmaestrorafaelbravomartin.es\/wp-content\/uploads\/2015\/11\/IMG_20151130_111938308-169x300.jpg 169w, https:\/\/www.ceipmaestrorafaelbravomartin.es\/wp-content\/uploads\/2015\/11\/IMG_20151130_111938308-576x1024.jpg 576w, https:\/\/www.ceipmaestrorafaelbravomartin.es\/wp-content\/uploads\/2015\/11\/IMG_20151130_111938308.jpg 1836w\" sizes=\"auto, (max-width: 169px) 100vw, 169px\" \/><\/a><\/p>\n<p>Animaros y participad.<\/p>\n","protected":false},"excerpt":{"rendered":"<p>Se acercan fechas se\u00f1aladas en nuestro colegio, por ello empiezan actividades para estas fiestas. Desde la biblioteca del centro nos proponen las siguientes actividades: Animaros y participad.<\/p>\n","protected":false},"author":6,"featured_media":1253,"comment_status":"closed","ping_status":"closed","sticky":false,"template":"","format":"standard","meta":{"jetpack_post_was_ever_published":false,"_jetpack_newsletter_access":"","_jetpack_dont_email_post_to_subs":false,"_jetpack_newsletter_tier_id":0,"_jetpack_memberships_contains_paywalled_content":false,"_jetpack_memberships_contains_paid_content":false,"footnotes":""},"categories":[4,103,23,1],"tags":[],"class_list":["post-1252","post","type-post","status-publish","format-standard","has-post-thumbnail","hentry","category-s7-biblioteca","category-eventos","category-planes-y-programas","category-sin-categoria"],"jetpack_featured_media_url":"https:\/\/www.ceipmaestrorafaelbravomartin.es\/wp-content\/uploads\/2015\/11\/IMG_20151130_111938308.jpg","jetpack_sharing_enabled":true,"jetpack_shortlink":"https:\/\/wp.me\/p9VlHp-kc","jetpack-related-posts":[{"id":1582,"url":"https:\/\/www.ceipmaestrorafaelbravomartin.es\/?p=1582","url_meta":{"origin":1252,"position":0},"title":"Celebramos el trig\u00e9simo aniversario de nuestra Biblioteca Municipal","author":"CEIP Maestro Rafael Bravo Mart\u00edn","date":"21 noviembre, 2016","format":false,"excerpt":"La Biblioteca Municipal de Alcal\u00e1 del R\u00edo cumple 30 a\u00f1os y la Delegaci\u00f3n de Cultura est\u00e1 realizando actividades de fomento de la lectura en el marco de dicha celebraci\u00f3n. El alumnado de 5\u00ba de Primaria del CEIP Maestro Rafael Bravo Mart\u00edn ha realizado una actividad de decoraci\u00f3n de piedras que\u2026","rel":"","context":"En \u00abEl centro\u00bb","block_context":{"text":"El centro","link":"https:\/\/www.ceipmaestrorafaelbravomartin.es\/?cat=10"},"img":{"alt_text":"","src":"","width":0,"height":0},"classes":[]},{"id":1441,"url":"https:\/\/www.ceipmaestrorafaelbravomartin.es\/?p=1441","url_meta":{"origin":1252,"position":1},"title":"Jornadas culturales 2015\/2016","author":"CEIP Maestro Rafael Bravo Mart\u00edn","date":"26 abril, 2016","format":false,"excerpt":"La semana pasada y con motivo del d\u00eda internacional del libro, celebramos las jornadas culturales con diferentes actividades. Igualmente celebraremos una convivencia de toda la comunidad escolar (d\u00eda de puertas abiertas) hoy 26 de abril, donde participaremos en un mont\u00f3n de actividades divertid\u00edsimas y pasaremos un buen rato tod@s. Aqu\u00ed\u2026","rel":"","context":"En \u00abBiblioteca Escolar\u00bb","block_context":{"text":"Biblioteca Escolar","link":"https:\/\/www.ceipmaestrorafaelbravomartin.es\/?cat=4"},"img":{"alt_text":"","src":"https:\/\/i0.wp.com\/img.youtube.com\/vi\/2-rOH9WVaN4\/0.jpg?resize=350%2C200","width":350,"height":200},"classes":[]},{"id":1112,"url":"https:\/\/www.ceipmaestrorafaelbravomartin.es\/?p=1112","url_meta":{"origin":1252,"position":2},"title":"ME GUSTA LEER PORQUE&#8230;","author":"CEIP Maestro Rafael Bravo Mart\u00edn","date":"23 abril, 2015","format":false,"excerpt":"La celebraci\u00f3n del d\u00eda del libro se remonta a principios de siglo. La historia del libro se hace festiva y surgen actividades literarias en toda Espa\u00f1a. Hoy, el d\u00eda 23 de Abril se celebra en todo el mundo, el d\u00eda del libro internacional. \u00a0\u00a0 El Origen del d\u00eda del libro\u2026","rel":"","context":"En \u00abBiblioteca Escolar\u00bb","block_context":{"text":"Biblioteca Escolar","link":"https:\/\/www.ceipmaestrorafaelbravomartin.es\/?cat=4"},"img":{"alt_text":"","src":"","width":0,"height":0},"classes":[]},{"id":1589,"url":"https:\/\/www.ceipmaestrorafaelbravomartin.es\/?p=1589","url_meta":{"origin":1252,"position":3},"title":"Celebramos el trig\u00e9simo aniversario de nuestra Biblioteca Municipal (continuaci\u00f3n)","author":"CEIP Maestro Rafael Bravo Mart\u00edn","date":"25 noviembre, 2016","format":false,"excerpt":"Como ya se anunci\u00f3, se han seguido realizando actividades en nuestro centro para celebrar el aniversario de nuestra Biblioteca Municipal. Dando continuidad a la propuesta que desde all\u00ed se hizo, 5\u00baA en el \u00e1rea de Lengua, ha trabajado la poes\u00eda de Antonio Machado. Plasm\u00e1ndose como resultado final una de ellas\u2026","rel":"","context":"En \u00abInformaci\u00f3n\u00bb","block_context":{"text":"Informaci\u00f3n","link":"https:\/\/www.ceipmaestrorafaelbravomartin.es\/?cat=2"},"img":{"alt_text":"","src":"","width":0,"height":0},"classes":[]},{"id":1208,"url":"https:\/\/www.ceipmaestrorafaelbravomartin.es\/?p=1208","url_meta":{"origin":1252,"position":4},"title":"Presentaci\u00f3n de Halloween 2015","author":"CEIP Maestro Rafael Bravo Mart\u00edn","date":"3 noviembre, 2015","format":false,"excerpt":"Como todos los a\u00f1os, nos disponemos a preparar las actividades para el d\u00eda de Halloween. Parece que este a\u00f1o va a ser un d\u00eda muy aterrador. Happy Halloween. \u00a0 \u00a0","rel":"","context":"En \u00abBiblioteca Escolar\u00bb","block_context":{"text":"Biblioteca Escolar","link":"https:\/\/www.ceipmaestrorafaelbravomartin.es\/?cat=4"},"img":{"alt_text":"","src":"","width":0,"height":0},"classes":[]},{"id":1640,"url":"https:\/\/www.ceipmaestrorafaelbravomartin.es\/?p=1640","url_meta":{"origin":1252,"position":5},"title":"Ganador del concurso: \u00abUna mascota para la biblioteca\u00bb.","author":"CEIP Maestro Rafael Bravo Mart\u00edn","date":"16 enero, 2017","format":false,"excerpt":"Aqu\u00ed ten\u00e9is el ganador del concurso: \"una mascota para la biblioteca\". Su nombre es Jos\u00e9 Mar\u00eda y es de 4\u00ba A y su dibujo ha sido el ganador, por lo que aparecer\u00e1 en todos los carn\u00e9s de la biblioteca de nuestro colegio. Muchas felicidades y gracias a todos\/as por participar.","rel":"","context":"En \u00abBiblioteca Escolar\u00bb","block_context":{"text":"Biblioteca Escolar","link":"https:\/\/www.ceipmaestrorafaelbravomartin.es\/?cat=4"},"img":{"alt_text":"Carnet biblioteca con logo","src":"https:\/\/i0.wp.com\/www.ceipmaestrorafaelbravomartin.es\/wp-content\/uploads\/2017\/01\/Carnet-biblioteca-con-logo-300x200.jpg?resize=350%2C200","width":350,"height":200},"classes":[]}],"_links":{"self":[{"href":"https:\/\/www.ceipmaestrorafaelbravomartin.es\/index.php?rest_route=\/wp\/v2\/posts\/1252","targetHints":{"allow":["GET"]}}],"collection":[{"href":"https:\/\/www.ceipmaestrorafaelbravomartin.es\/index.php?rest_route=\/wp\/v2\/posts"}],"about":[{"href":"https:\/\/www.ceipmaestrorafaelbravomartin.es\/index.php?rest_route=\/wp\/v2\/types\/post"}],"author":[{"embeddable":true,"href":"https:\/\/www.ceipmaestrorafaelbravomartin.es\/index.php?rest_route=\/wp\/v2\/users\/6"}],"replies":[{"embeddable":true,"href":"https:\/\/www.ceipmaestrorafaelbravomartin.es\/index.php?rest_route=%2Fwp%2Fv2%2Fcomments&post=1252"}],"version-history":[{"count":6,"href":"https:\/\/www.ceipmaestrorafaelbravomartin.es\/index.php?rest_route=\/wp\/v2\/posts\/1252\/revisions"}],"predecessor-version":[{"id":1260,"href":"https:\/\/www.ceipmaestrorafaelbravomartin.es\/index.php?rest_route=\/wp\/v2\/posts\/1252\/revisions\/1260"}],"wp:featuredmedia":[{"embeddable":true,"href":"https:\/\/www.ceipmaestrorafaelbravomartin.es\/index.php?rest_route=\/wp\/v2\/media\/1253"}],"wp:attachment":[{"href":"https:\/\/www.ceipmaestrorafaelbravomartin.es\/index.php?rest_route=%2Fwp%2Fv2%2Fmedia&parent=1252"}],"wp:term":[{"taxonomy":"category","embeddable":true,"href":"https:\/\/www.ceipmaestrorafaelbravomartin.es\/index.php?rest_route=%2Fwp%2Fv2%2Fcategories&post=1252"},{"taxonomy":"post_tag","embeddable":true,"href":"https:\/\/www.ceipmaestrorafaelbravomartin.es\/index.php?rest_route=%2Fwp%2Fv2%2Ftags&post=1252"}],"curies":[{"name":"wp","href":"https:\/\/api.w.org\/{rel}","templated":true}]}}