{"id":128,"date":"2011-01-16T12:15:09","date_gmt":"2011-01-16T11:15:09","guid":{"rendered":"http:\/\/blogasuncion.es\/?p=128"},"modified":"2014-10-12T20:13:26","modified_gmt":"2014-10-12T18:13:26","slug":"iricardo","status":"publish","type":"post","link":"https:\/\/www.ceipmaestrorafaelbravomartin.es\/?p=128","title":{"rendered":"\u00a1RICARDO!"},"content":{"rendered":"<p>Hace poco ha venido a nuestro colegio una persona muy especial, (por lo menos para mi) es Ricardo! Para los que no sepan quien es Ricardo les dir\u00e9 que es un maestro  y una persona m\u00e1s buena que el pan.<\/p>\n<p> Ricardo se fue de este colegio hace ya cinco o seis a\u00f1os. Ahora ha  vuelto y nos ha dado una gran sorpresa a todos los que estuvimos con \u00e9l en infantil, bueno un poco tristes porque los de sexto solo estaremos un a\u00f1o contigo !qu\u00e9 poco! <\/p>\n<p>Muchos de los que estuvimos contigo  tenemos algunas manualidades  de las que hac\u00edamos; como la mano-paloma de la paz que hicimos, eso significa que aunque te hayas ido muchos a\u00f1os no te hemos olvidado. <\/p>\n<p> P.D: Una \u00faltima cosa solo para Ricardo que es el  que lo entiende: <strong>Nous  aimons tous beaucoup, vous \u00eates notre professeur pr\u00e9f\u00e9r\u00e9.<\/strong><\/p>\n<p>            *La frase significa que todos te queremos mucho, eres nuestro profesor preferido<span style=\"font-size: 15.84px\" class=\"Apple-style-span\">.<\/span><\/p>\n<p style=\"text-align: right\"><span style=\"font-size: 15.84px\" class=\"Apple-style-span\">                                                                                           Marina B. A. 6\u00baA<\/span><\/p>\n","protected":false},"excerpt":{"rendered":"<p>Hace poco ha venido a nuestro colegio una persona muy especial, (por lo menos para mi) es Ricardo! Para los que no sepan quien es Ricardo les dir\u00e9 que es un maestro y una persona m\u00e1s buena que el pan. Ricardo se fue de este colegio hace ya cinco o [&hellip;]<\/p>\n","protected":false},"author":4,"featured_media":0,"comment_status":"closed","ping_status":"open","sticky":false,"template":"","format":"standard","meta":{"jetpack_post_was_ever_published":false,"_jetpack_newsletter_access":"","_jetpack_dont_email_post_to_subs":false,"_jetpack_newsletter_tier_id":0,"_jetpack_memberships_contains_paywalled_content":false,"_jetpack_memberships_contains_paid_content":false,"footnotes":""},"categories":[31],"tags":[],"class_list":["post-128","post","type-post","status-publish","format-standard","hentry","category-cartas"],"jetpack_featured_media_url":"","jetpack_sharing_enabled":true,"jetpack_shortlink":"https:\/\/wp.me\/s9VlHp-iricardo","jetpack-related-posts":[{"id":255,"url":"https:\/\/www.ceipmaestrorafaelbravomartin.es\/?p=255","url_meta":{"origin":128,"position":0},"title":"EL C.E.I.P. NTRA. SRA. DE LA ASUNCI\u00d3N CON LA SELECCI\u00d3N ESPA\u00d1OLA","author":"CEIP Maestro Rafael Bravo Mart\u00edn","date":"14 junio, 2012","format":false,"excerpt":"Hace unos d\u00edas que ha comenzado la Eurocopa de f\u00fatbol \u201cPolon\u00eda \u2013Ucrania 2012 \u201c. Desde este centro queremos hacer participes a todos los ni\u00f1os\/as, aportando nuestro granito de arena para hacer llegar a Polon\u00eda\u00a0 y Ucrania toda nuestra ilusi\u00f3n. Durante estos d\u00edas hemos pedido a todos los alumnos\/as, que el\u2026","rel":"","context":"En \u00abEd. F\u00edsica\u00bb","block_context":{"text":"Ed. F\u00edsica","link":"https:\/\/www.ceipmaestrorafaelbravomartin.es\/?cat=28"},"img":{"alt_text":"","src":"","width":0,"height":0},"classes":[]},{"id":151,"url":"https:\/\/www.ceipmaestrorafaelbravomartin.es\/?p=151","url_meta":{"origin":128,"position":1},"title":"Carnaval 2011","author":"CEIP Maestro Rafael Bravo Mart\u00edn","date":"17 marzo, 2011","format":false,"excerpt":"{jcomments on}Un a\u00f1o m\u00e1s nuestro colegio se visti\u00f3 con colores carnavalescos. Educaci\u00f3n Infantil y el Primer curso de Primaria, el pasado viernes, nos unimos para celebrar el Carnaval. Motivos meteorol\u00f3gicos adversos impidieron que nuestro ya tradicional \"pasacalles\" recorriera los aleda\u00f1os del Centro. \u00a0 No obstante la fiesta fue muy divertida:\u2026","rel":"","context":"En \u00abCurso 2010\/11\u00bb","block_context":{"text":"Curso 2010\/11","link":"https:\/\/www.ceipmaestrorafaelbravomartin.es\/?cat=40"},"img":{"alt_text":"","src":"","width":0,"height":0},"classes":[]},{"id":162,"url":"https:\/\/www.ceipmaestrorafaelbravomartin.es\/?p=162","url_meta":{"origin":128,"position":2},"title":"LA BICICLETA , UN MARAVILLOSO Y SALUDABLE MEDIO DE TRANSPORTE.","author":"CEIP Maestro Rafael Bravo Mart\u00edn","date":"17 junio, 2011","format":false,"excerpt":"Durante esto a\u00f1os,\u00a0 han sido muchos los ni\u00f1os\/as que han sacado su carnet de conducir bicicletas. El maestro Pepe Palma, junto con la maestra Puri llevan muchos a\u00f1os dedicando un d\u00eda a esta actividad tan maravillosa con los m\u00e1s peque\u00f1os\/as ( al finalizar su segundo curso de Educaci\u00f3n Primaria). \u00a0\u2026","rel":"","context":"En \u00abEd. F\u00edsica\u00bb","block_context":{"text":"Ed. F\u00edsica","link":"https:\/\/www.ceipmaestrorafaelbravomartin.es\/?cat=28"},"img":{"alt_text":"","src":"","width":0,"height":0},"classes":[]},{"id":198,"url":"https:\/\/www.ceipmaestrorafaelbravomartin.es\/?p=198","url_meta":{"origin":128,"position":3},"title":"Informaci\u00f3n Plan biling\u00fce curso 2011\/12","author":"CEIP Maestro Rafael Bravo Mart\u00edn","date":"4 noviembre, 2011","format":false,"excerpt":"PRESENTACI\u00d3N Atendiendo a las caracter\u00edsticas de nuestro Centro, de los recursos con los que contamos tanto personales como materiales, as\u00ed como de las caracter\u00edsticas propias de nuestro alumnado; procedemos a dar respuesta a la formaci\u00f3n que se requiere para la inclusi\u00f3n de los ni\u00f1os y las ni\u00f1as de nuestro colegio\u2026","rel":"","context":"En \u00abPlanes y programas\u00bb","block_context":{"text":"Planes y programas","link":"https:\/\/www.ceipmaestrorafaelbravomartin.es\/?cat=23"},"img":{"alt_text":"","src":"","width":0,"height":0},"classes":[]},{"id":66,"url":"https:\/\/www.ceipmaestrorafaelbravomartin.es\/?p=66","url_meta":{"origin":128,"position":4},"title":"El colegio Asunci\u00f3n con la Roja.","author":"CEIP Maestro Rafael Bravo Mart\u00edn","date":"8 junio, 2010","format":false,"excerpt":"Hace unos d\u00edas que ha comenzado el mundial de f\u00fatbol de \"Sud\u00e1frica 2010\" y desde el centro queremos hacer part\u00edcipes a todos los ni\u00f1os\/as aportando nuestro granito de arena para hacer llegar a Sud\u00e1frica toda nuestra ilusi\u00f3n. Hoy mi\u00e9rcoles 16 de junio el alumnado del centro ha venido ataviado con\u2026","rel":"","context":"En \u00abCurso 2009\/10\u00bb","block_context":{"text":"Curso 2009\/10","link":"https:\/\/www.ceipmaestrorafaelbravomartin.es\/?cat=27"},"img":{"alt_text":"","src":"","width":0,"height":0},"classes":[]},{"id":1640,"url":"https:\/\/www.ceipmaestrorafaelbravomartin.es\/?p=1640","url_meta":{"origin":128,"position":5},"title":"Ganador del concurso: \u00abUna mascota para la biblioteca\u00bb.","author":"CEIP Maestro Rafael Bravo Mart\u00edn","date":"16 enero, 2017","format":false,"excerpt":"Aqu\u00ed ten\u00e9is el ganador del concurso: \"una mascota para la biblioteca\". Su nombre es Jos\u00e9 Mar\u00eda y es de 4\u00ba A y su dibujo ha sido el ganador, por lo que aparecer\u00e1 en todos los carn\u00e9s de la biblioteca de nuestro colegio. Muchas felicidades y gracias a todos\/as por participar.","rel":"","context":"En \u00abBiblioteca Escolar\u00bb","block_context":{"text":"Biblioteca Escolar","link":"https:\/\/www.ceipmaestrorafaelbravomartin.es\/?cat=4"},"img":{"alt_text":"Carnet biblioteca con logo","src":"https:\/\/i0.wp.com\/www.ceipmaestrorafaelbravomartin.es\/wp-content\/uploads\/2017\/01\/Carnet-biblioteca-con-logo-300x200.jpg?resize=350%2C200","width":350,"height":200},"classes":[]}],"_links":{"self":[{"href":"https:\/\/www.ceipmaestrorafaelbravomartin.es\/index.php?rest_route=\/wp\/v2\/posts\/128","targetHints":{"allow":["GET"]}}],"collection":[{"href":"https:\/\/www.ceipmaestrorafaelbravomartin.es\/index.php?rest_route=\/wp\/v2\/posts"}],"about":[{"href":"https:\/\/www.ceipmaestrorafaelbravomartin.es\/index.php?rest_route=\/wp\/v2\/types\/post"}],"author":[{"embeddable":true,"href":"https:\/\/www.ceipmaestrorafaelbravomartin.es\/index.php?rest_route=\/wp\/v2\/users\/4"}],"replies":[{"embeddable":true,"href":"https:\/\/www.ceipmaestrorafaelbravomartin.es\/index.php?rest_route=%2Fwp%2Fv2%2Fcomments&post=128"}],"version-history":[{"count":1,"href":"https:\/\/www.ceipmaestrorafaelbravomartin.es\/index.php?rest_route=\/wp\/v2\/posts\/128\/revisions"}],"predecessor-version":[{"id":936,"href":"https:\/\/www.ceipmaestrorafaelbravomartin.es\/index.php?rest_route=\/wp\/v2\/posts\/128\/revisions\/936"}],"wp:attachment":[{"href":"https:\/\/www.ceipmaestrorafaelbravomartin.es\/index.php?rest_route=%2Fwp%2Fv2%2Fmedia&parent=128"}],"wp:term":[{"taxonomy":"category","embeddable":true,"href":"https:\/\/www.ceipmaestrorafaelbravomartin.es\/index.php?rest_route=%2Fwp%2Fv2%2Fcategories&post=128"},{"taxonomy":"post_tag","embeddable":true,"href":"https:\/\/www.ceipmaestrorafaelbravomartin.es\/index.php?rest_route=%2Fwp%2Fv2%2Ftags&post=128"}],"curies":[{"name":"wp","href":"https:\/\/api.w.org\/{rel}","templated":true}]}}