{"id":1280,"date":"2015-12-22T08:25:43","date_gmt":"2015-12-22T07:25:43","guid":{"rendered":"http:\/\/blogasuncion.es\/?p=1280"},"modified":"2016-12-15T12:59:58","modified_gmt":"2016-12-15T11:59:58","slug":"en-memoria-de-maria-jesus","status":"publish","type":"post","link":"https:\/\/www.ceipmaestrorafaelbravomartin.es\/?p=1280","title":{"rendered":"En memoria de Mar\u00eda Jes\u00fas"},"content":{"rendered":"<p><a href=\"http:\/\/www.ceipmaestrorafaelbravomartin.es\/wp-content\/uploads\/2015\/12\/IMG_3300.jpg\" rel=\"attachment wp-att-1282\"><img loading=\"lazy\" decoding=\"async\" data-attachment-id=\"1282\" data-permalink=\"https:\/\/www.ceipmaestrorafaelbravomartin.es\/?attachment_id=1282\" data-orig-file=\"https:\/\/www.ceipmaestrorafaelbravomartin.es\/wp-content\/uploads\/2015\/12\/IMG_3300.jpg\" data-orig-size=\"998,1569\" data-comments-opened=\"0\" data-image-meta=\"{&quot;aperture&quot;:&quot;0&quot;,&quot;credit&quot;:&quot;&quot;,&quot;camera&quot;:&quot;&quot;,&quot;caption&quot;:&quot;&quot;,&quot;created_timestamp&quot;:&quot;0&quot;,&quot;copyright&quot;:&quot;&quot;,&quot;focal_length&quot;:&quot;0&quot;,&quot;iso&quot;:&quot;0&quot;,&quot;shutter_speed&quot;:&quot;0&quot;,&quot;title&quot;:&quot;&quot;,&quot;orientation&quot;:&quot;0&quot;}\" data-image-title=\"IMG_3300\" data-image-description=\"\" data-image-caption=\"\" data-medium-file=\"https:\/\/www.ceipmaestrorafaelbravomartin.es\/wp-content\/uploads\/2015\/12\/IMG_3300-191x300.jpg\" data-large-file=\"https:\/\/www.ceipmaestrorafaelbravomartin.es\/wp-content\/uploads\/2015\/12\/IMG_3300-651x1024.jpg\" class=\"aligncenter size-large wp-image-1282\" src=\"http:\/\/www.ceipmaestrorafaelbravomartin.es\/wp-content\/uploads\/2015\/12\/IMG_3300-651x1024.jpg\" alt=\"IMG_3300\" width=\"584\" height=\"919\" srcset=\"https:\/\/www.ceipmaestrorafaelbravomartin.es\/wp-content\/uploads\/2015\/12\/IMG_3300-651x1024.jpg 651w, https:\/\/www.ceipmaestrorafaelbravomartin.es\/wp-content\/uploads\/2015\/12\/IMG_3300-191x300.jpg 191w, https:\/\/www.ceipmaestrorafaelbravomartin.es\/wp-content\/uploads\/2015\/12\/IMG_3300.jpg 998w\" sizes=\"auto, (max-width: 584px) 100vw, 584px\" \/><\/a><\/p>\n<p>Desde nuestro Centro, queremos hacer llegar a toda la Comunidad Educativa, que el pr\u00f3ximo <strong>martes 22 de diciembre a las 19:00 h.<\/strong> se celebrar\u00e1 una misa en memoria de nuestra compa\u00f1era<strong> Mar\u00eda Jes\u00fas C\u00e1mara Dur\u00e1n<\/strong> en la <strong>Parroquia Ntra. Sra. de la Asunci\u00f3n de Alcal\u00e1 del R\u00edo.<\/strong><\/p>\n<p>&nbsp;<\/p>\n","protected":false},"excerpt":{"rendered":"<p>Desde nuestro Centro, queremos hacer llegar a toda la Comunidad Educativa, que el pr\u00f3ximo martes 22 de diciembre a las 19:00 h. se celebrar\u00e1 una misa en memoria de nuestra compa\u00f1era Mar\u00eda Jes\u00fas C\u00e1mara Dur\u00e1n en la Parroquia Ntra. Sra. de la Asunci\u00f3n de Alcal\u00e1 del R\u00edo. &nbsp;<\/p>\n","protected":false},"author":4,"featured_media":0,"comment_status":"closed","ping_status":"closed","sticky":false,"template":"","format":"standard","meta":{"jetpack_post_was_ever_published":false,"_jetpack_newsletter_access":"","_jetpack_dont_email_post_to_subs":false,"_jetpack_newsletter_tier_id":0,"_jetpack_memberships_contains_paywalled_content":false,"_jetpack_memberships_contains_paid_content":false,"footnotes":""},"categories":[24,10,2],"tags":[],"class_list":["post-1280","post","type-post","status-publish","format-standard","hentry","category-c59-dedicatorias","category-centro","category-info"],"jetpack_featured_media_url":"","jetpack_sharing_enabled":true,"jetpack_shortlink":"https:\/\/wp.me\/p9VlHp-kE","jetpack-related-posts":[{"id":1117,"url":"https:\/\/www.ceipmaestrorafaelbravomartin.es\/?p=1117","url_meta":{"origin":1280,"position":0},"title":"Nuestro Centro&#8230;","author":"CEIP Maestro Rafael Bravo Mart\u00edn","date":"28 abril, 2015","format":false,"excerpt":"En memoria de Abel Mart\u00ednez Oliva, profesor asesinado en acto de servicio en el Instituto Joan Fuster de Barcelona. La Comunidad Educativa.","rel":"","context":"En \u00abEl centro\u00bb","block_context":{"text":"El centro","link":"https:\/\/www.ceipmaestrorafaelbravomartin.es\/?cat=10"},"img":{"alt_text":"lazo_luto","src":"https:\/\/i0.wp.com\/blogasuncion.es\/wp-content\/uploads\/2015\/04\/lazo_luto-212x300.jpg?resize=350%2C200","width":350,"height":200},"classes":[]},{"id":657,"url":"https:\/\/www.ceipmaestrorafaelbravomartin.es\/?p=657","url_meta":{"origin":1280,"position":1},"title":"C\u00e1ritas","author":"CEIP Maestro Rafael Bravo Mart\u00edn","date":"8 febrero, 2014","format":false,"excerpt":"Hoy, 7 de febrero, se ha realizado la charla-coloquio anteriormente anunciada a cargo de tres representantes de C\u00c1RITAS. Han explicado la necesidad y la importancia de su labor y nos han mostrado su agradecimiento por nuestro apoyo y colaboraci\u00f3n. Destacamos el inter\u00e9s y entusiasmo de todos los asistententes a la\u2026","rel":"","context":"En \u00abEl centro\u00bb","block_context":{"text":"El centro","link":"https:\/\/www.ceipmaestrorafaelbravomartin.es\/?cat=10"},"img":{"alt_text":"","src":"","width":0,"height":0},"classes":[]},{"id":1633,"url":"https:\/\/www.ceipmaestrorafaelbravomartin.es\/?p=1633","url_meta":{"origin":1280,"position":2},"title":"1\u00aa Campa\u00f1a solidaria de recogida de juguetes","author":"CEIP Maestro Rafael Bravo Mart\u00edn","date":"24 diciembre, 2016","format":false,"excerpt":"Desde el CEIP Maestro Rafael Bravo Mart\u00edn, agradecemos a las Hermandades alcalare\u00f1as su colaboraci\u00f3n para difundir y recoger todo lo aportado en la 1\u00aa Campa\u00f1a solidaria de recogida de juguetes Mar\u00eda Jes\u00fas C\u00e1mara Dur\u00e1n. Dichas hermandades har\u00e1n llegar a su destino todos los juguetes. Gracias a la colaboraci\u00f3n de todos\u2026","rel":"","context":"En \u00abEl centro\u00bb","block_context":{"text":"El centro","link":"https:\/\/www.ceipmaestrorafaelbravomartin.es\/?cat=10"},"img":{"alt_text":"primera-campana","src":"https:\/\/i0.wp.com\/www.ceipmaestrorafaelbravomartin.es\/wp-content\/uploads\/2016\/12\/primera-campa%C3%B1a-1024x751.jpg?resize=350%2C200","width":350,"height":200,"srcset":"https:\/\/i0.wp.com\/www.ceipmaestrorafaelbravomartin.es\/wp-content\/uploads\/2016\/12\/primera-campa%C3%B1a-1024x751.jpg?resize=350%2C200 1x, https:\/\/i0.wp.com\/www.ceipmaestrorafaelbravomartin.es\/wp-content\/uploads\/2016\/12\/primera-campa%C3%B1a-1024x751.jpg?resize=525%2C300 1.5x"},"classes":[]},{"id":3217,"url":"https:\/\/www.ceipmaestrorafaelbravomartin.es\/?p=3217","url_meta":{"origin":1280,"position":3},"title":"RAFAEL","author":"CEIP Maestro Rafael Bravo Mart\u00edn","date":"19 enero, 2022","format":false,"excerpt":"Nueve a\u00f1os han pasado, pero el tiempo es caprichoso y juega con nuestra memoria. Sigues estando en tu cole y en nuestros recuerdos y, mientras que as\u00ed sea, estar\u00e1s en quienes tuvimos la suerte de conocerte. No te digo adi\u00f3s, s\u00f3lo te puedo decir: MERECI\u00d3 LA PENA. Aurora","rel":"","context":"En \u00abDedicatorias\u00bb","block_context":{"text":"Dedicatorias","link":"https:\/\/www.ceipmaestrorafaelbravomartin.es\/?cat=24"},"img":{"alt_text":"","src":"https:\/\/i0.wp.com\/www.ceipmaestrorafaelbravomartin.es\/wp-content\/uploads\/2022\/01\/collage_2022-00-02_18-29-29.png?resize=350%2C200&ssl=1","width":350,"height":200,"srcset":"https:\/\/i0.wp.com\/www.ceipmaestrorafaelbravomartin.es\/wp-content\/uploads\/2022\/01\/collage_2022-00-02_18-29-29.png?resize=350%2C200&ssl=1 1x, https:\/\/i0.wp.com\/www.ceipmaestrorafaelbravomartin.es\/wp-content\/uploads\/2022\/01\/collage_2022-00-02_18-29-29.png?resize=525%2C300&ssl=1 1.5x, https:\/\/i0.wp.com\/www.ceipmaestrorafaelbravomartin.es\/wp-content\/uploads\/2022\/01\/collage_2022-00-02_18-29-29.png?resize=700%2C400&ssl=1 2x, https:\/\/i0.wp.com\/www.ceipmaestrorafaelbravomartin.es\/wp-content\/uploads\/2022\/01\/collage_2022-00-02_18-29-29.png?resize=1050%2C600&ssl=1 3x, https:\/\/i0.wp.com\/www.ceipmaestrorafaelbravomartin.es\/wp-content\/uploads\/2022\/01\/collage_2022-00-02_18-29-29.png?resize=1400%2C800&ssl=1 4x"},"classes":[]},{"id":150,"url":"https:\/\/www.ceipmaestrorafaelbravomartin.es\/?p=150","url_meta":{"origin":1280,"position":4},"title":"PROFESORADO DEL CENTRO DESDE EL CURSO 1981\/82","author":"CEIP Maestro Rafael Bravo Mart\u00edn","date":"8 junio, 2011","format":false,"excerpt":"\u00a0\u00a0\u00a0 Tras el art\u00edculo sobre los Equipos Directivos, para el que el trabajo fotogr\u00e1fico ha sido aportado por D\u00aa Aurora Mart\u00edn, publicamos ahora el listado del profesorado que ha desempe\u00f1ado su labor profesional en el Centro desde el curso 1981\/82.","rel":"","context":"En \u00abHistoria\u00bb","block_context":{"text":"Historia","link":"https:\/\/www.ceipmaestrorafaelbravomartin.es\/?cat=43"},"img":{"alt_text":"","src":"","width":0,"height":0},"classes":[]},{"id":246,"url":"https:\/\/www.ceipmaestrorafaelbravomartin.es\/?p=246","url_meta":{"origin":1280,"position":5},"title":"\u00abThe Sleeping Clouds\u00bb y \u00abA Royal Visit\u00bb","author":"CEIP Maestro Rafael Bravo Mart\u00edn","date":"26 abril, 2012","format":false,"excerpt":"\u00a0 Con motivo del D\u00eda del Libro, los cursos 1\u00baB y 4\u00baB representaron dos peque\u00f1as obras teatrales en Idioma extranjero-Ingl\u00e9s, \u201cThe Sleeping Clouds\u201d y \u201c A Royal Visit\u201d respectivamente. Para los preparativos de las mismas y la obtenci\u00f3n de un magn\u00edfico resultado, contamos con la colaboraci\u00f3n de la comunidad educativa.\u2026","rel":"","context":"En \u00abPlanes y programas\u00bb","block_context":{"text":"Planes y programas","link":"https:\/\/www.ceipmaestrorafaelbravomartin.es\/?cat=23"},"img":{"alt_text":"","src":"","width":0,"height":0},"classes":[]}],"_links":{"self":[{"href":"https:\/\/www.ceipmaestrorafaelbravomartin.es\/index.php?rest_route=\/wp\/v2\/posts\/1280","targetHints":{"allow":["GET"]}}],"collection":[{"href":"https:\/\/www.ceipmaestrorafaelbravomartin.es\/index.php?rest_route=\/wp\/v2\/posts"}],"about":[{"href":"https:\/\/www.ceipmaestrorafaelbravomartin.es\/index.php?rest_route=\/wp\/v2\/types\/post"}],"author":[{"embeddable":true,"href":"https:\/\/www.ceipmaestrorafaelbravomartin.es\/index.php?rest_route=\/wp\/v2\/users\/4"}],"replies":[{"embeddable":true,"href":"https:\/\/www.ceipmaestrorafaelbravomartin.es\/index.php?rest_route=%2Fwp%2Fv2%2Fcomments&post=1280"}],"version-history":[{"count":3,"href":"https:\/\/www.ceipmaestrorafaelbravomartin.es\/index.php?rest_route=\/wp\/v2\/posts\/1280\/revisions"}],"predecessor-version":[{"id":1605,"href":"https:\/\/www.ceipmaestrorafaelbravomartin.es\/index.php?rest_route=\/wp\/v2\/posts\/1280\/revisions\/1605"}],"wp:attachment":[{"href":"https:\/\/www.ceipmaestrorafaelbravomartin.es\/index.php?rest_route=%2Fwp%2Fv2%2Fmedia&parent=1280"}],"wp:term":[{"taxonomy":"category","embeddable":true,"href":"https:\/\/www.ceipmaestrorafaelbravomartin.es\/index.php?rest_route=%2Fwp%2Fv2%2Fcategories&post=1280"},{"taxonomy":"post_tag","embeddable":true,"href":"https:\/\/www.ceipmaestrorafaelbravomartin.es\/index.php?rest_route=%2Fwp%2Fv2%2Ftags&post=1280"}],"curies":[{"name":"wp","href":"https:\/\/api.w.org\/{rel}","templated":true}]}}