{"id":13,"date":"2010-10-13T11:48:05","date_gmt":"2010-10-13T09:48:05","guid":{"rendered":"http:\/\/blogasuncion.es\/?p=13"},"modified":"2014-10-12T20:23:08","modified_gmt":"2014-10-12T18:23:08","slug":"consejo","status":"publish","type":"post","link":"https:\/\/www.ceipmaestrorafaelbravomartin.es\/?p=13","title":{"rendered":"Consejo escolar"},"content":{"rendered":"<div>\n<p style=\"text-align: center\">Los d\u00edas 26 y 27 de noviembre se celebraron las elecciones a Consejo escolar y se publicaron los resultados, quedando constituido, en sesi\u00f3n celebrada el 9 de diciembre, de la siguiente manera:<\/p>\n<p style=\"text-align: center\"><strong>Presidente<\/strong>: D. Rafael Bravo Mart\u00edn.<br \/> <strong>Jefa de Estudios:<\/strong> D\u00aa M\u00aa Jes\u00fas C\u00e1mara Dur\u00e1n.<br \/> <strong>Secretario<\/strong>: D. Jos\u00e9 Palma Casares.<\/p>\n<p style=\"text-align: center\"><strong>Profesorado:<\/strong><\/p>\n<p style=\"text-align: center\"> &#8211; D. Fernando Alguacil Ortiz.<br \/> &#8211; D\u00aa Noelia Carrasco Alvarado.<br \/> &#8211; D\u00aa Manuela Cerca Marroco.<br \/> &#8211; D\u00aa Aurora A. Mart\u00edn \u00c1lvarez.<br \/> &#8211; D\u00aa Vanessa Nore\u00f1a Albarr\u00e1n.<br \/> &#8211; D. Mois\u00e9s Olmedo Gonz\u00e1lez.<br \/> &#8211; D. Reyes S\u00e1nchez G\u00f3mez Coronado.<\/p>\n<p style=\"text-align: center\">&nbsp;<\/p>\n<p style=\"text-align: center\"><strong>Padres\/madres:<\/strong><\/p>\n<p style=\"text-align: center\"> -D. Rafael Jes\u00fas Bernal Morales.<br \/> -D\u00aa Ana M\u00aa Chamorro Jim\u00e9nez.<br \/> -D\u00aa Dolores Chamorro Jim\u00e9nez.<br \/> -D\u00aa M\u00aa Jos\u00e9 Fern\u00e1ndez Romero.<br \/> -D\u00aa M\u00aa Dolores Molina Perza.<br \/> -D\u00aa M\u00aa del Carmen Olmedo Fern\u00e1ndez.<br \/> -D. Francisco Puerto Romero.<\/p>\n<p style=\"text-align: center\"><strong>Representante del Ampa:<\/strong><br \/> &#8211; D\u00aa Leocadia Quiles Mart\u00ednez.<\/p>\n<p style=\"text-align: center\"><strong>Personal de Adm. Serv.<\/strong>:<br \/> &#8211; D. Antonio Mill\u00e1n Rubira.<\/p>\n<p style=\"text-align: center\"><strong>Ayuntamiento:<\/strong><br \/> &#8211; D\u00aa Sara Rodr\u00edguez Aurelio.<\/p>\n<\/p><\/div>\n","protected":false},"excerpt":{"rendered":"<p>Los d\u00edas 26 y 27 de noviembre se celebraron las elecciones a Consejo escolar y se publicaron los resultados, quedando constituido, en sesi\u00f3n celebrada el 9 de diciembre, de la siguiente manera: Presidente: D. Rafael Bravo Mart\u00edn. Jefa de Estudios: D\u00aa M\u00aa Jes\u00fas C\u00e1mara Dur\u00e1n. Secretario: D. Jos\u00e9 Palma Casares. [&hellip;]<\/p>\n","protected":false},"author":4,"featured_media":0,"comment_status":"closed","ping_status":"open","sticky":false,"template":"","format":"standard","meta":{"jetpack_post_was_ever_published":false,"_jetpack_newsletter_access":"","_jetpack_dont_email_post_to_subs":false,"_jetpack_newsletter_tier_id":0,"_jetpack_memberships_contains_paywalled_content":false,"_jetpack_memberships_contains_paid_content":false,"footnotes":""},"categories":[10],"tags":[],"class_list":["post-13","post","type-post","status-publish","format-standard","hentry","category-centro"],"jetpack_featured_media_url":"","jetpack_sharing_enabled":true,"jetpack_shortlink":"https:\/\/wp.me\/s9VlHp-consejo","jetpack-related-posts":[{"id":99,"url":"https:\/\/www.ceipmaestrorafaelbravomartin.es\/?p=99","url_meta":{"origin":13,"position":0},"title":"Consejo Escolar constituido en Noviembre de 2010","author":"CEIP Maestro Rafael Bravo Mart\u00edn","date":"3 diciembre, 2010","format":false,"excerpt":"En el Consejo Escolar celebrado el d\u00eda 30 de noviembre de 2010 se constituy\u00f3 el citado \u00f3rgano y las Comisiones establecidas por ley, quedando como sigue: 1. CONSEJO ESCOLAR Sector padres\/madres: Bernal Morales, Rafael Jes\u00fas. Bernal Morales, Trinidad. Chamorro Jim\u00e9nez, Ana Mar\u00eda. Chamorro Jim\u00e9nez, Dolores. Fern\u00e1ndez Calandria, Jos\u00e9 M\u00aa. Fern\u00e1ndez\u2026","rel":"","context":"En \u00abConsejo escolar\u00bb","block_context":{"text":"Consejo escolar","link":"https:\/\/www.ceipmaestrorafaelbravomartin.es\/?cat=12"},"img":{"alt_text":"","src":"","width":0,"height":0},"classes":[]},{"id":275,"url":"https:\/\/www.ceipmaestrorafaelbravomartin.es\/?p=275","url_meta":{"origin":13,"position":1},"title":"CONSTITUCI\u00d3N DEL NUEVO CONSEJO ESCOLAR","author":"CEIP Maestro Rafael Bravo Mart\u00edn","date":"27 noviembre, 2012","format":false,"excerpt":"El pasado martes 20 de noviembre de 2012, se reuni\u00f3 el Consejo Escolar de nuestro centro, en sesi\u00f3n extraordinaria para la constituci\u00f3n del nuevo Consejo Escolar (cursos 2012\/2013 y 2013\/2014) y la creaci\u00f3n de las comisiones permanete y de convivencia. Como resultado de las votaciones en los distintos sectores, el\u2026","rel":"","context":"En \u00abConsejo escolar\u00bb","block_context":{"text":"Consejo escolar","link":"https:\/\/www.ceipmaestrorafaelbravomartin.es\/?cat=12"},"img":{"alt_text":"","src":"","width":0,"height":0},"classes":[]},{"id":274,"url":"https:\/\/www.ceipmaestrorafaelbravomartin.es\/?p=274","url_meta":{"origin":13,"position":2},"title":"RESULTADOS DE LAS VOTACIONES PARA EL CONSEJO ESCOLAR","author":"CEIP Maestro Rafael Bravo Mart\u00edn","date":"14 noviembre, 2012","format":false,"excerpt":"El pr\u00f3ximo martes 20 de noviembre se constituir\u00e1 el nuevo Consejo Escolar para los cursos 2012\/2013, 2013\/2014. \u00a0 Concluido el proceso electoral tras las votaciones realizadas en los distintos sectores, los resultados son los siguientes: \u00a0 SECTOR PADRES\/MADRES: \u00a0 - D.\u00a0 RAFAEL BERNAL MORALES\u00a0\u00a0\u00a0\u00a0\u00a0\u00a0\u00a0\u00a0\u00a0\u00a0\u00a0\u00a0\u00a0\u00a0\u00a0\u00a0\u00a0\u00a0\u00a0\u00a0\u00a0 \u00a0\u00a0 77 VOTOS - D\u00aa. TRINIDAD\u2026","rel":"","context":"En \u00abEl centro\u00bb","block_context":{"text":"El centro","link":"https:\/\/www.ceipmaestrorafaelbravomartin.es\/?cat=10"},"img":{"alt_text":"","src":"","width":0,"height":0},"classes":[]},{"id":273,"url":"https:\/\/www.ceipmaestrorafaelbravomartin.es\/?p=273","url_meta":{"origin":13,"position":3},"title":"ELECCIONES AL CONSEJO ESCOLAR 2012","author":"CEIP Maestro Rafael Bravo Mart\u00edn","date":"24 octubre, 2012","format":false,"excerpt":"Las elecciones para la renovaci\u00f3n del Consejo Escolar por el sector de padres\/madres\u00a0 de nuestro centro, se celebrar\u00e1n el pr\u00f3ximo martes 13 de noviembre de 2012 (de 14:00 a 20:00 h.) , en la Direcci\u00f3n del mismo. \u00a0 Los\/as padres\/madres que han presentado su candidatura son los siguientes: \u00a0 \u00a0\u2026","rel":"","context":"En \u00abEl centro\u00bb","block_context":{"text":"El centro","link":"https:\/\/www.ceipmaestrorafaelbravomartin.es\/?cat=10"},"img":{"alt_text":"","src":"","width":0,"height":0},"classes":[]},{"id":98,"url":"https:\/\/www.ceipmaestrorafaelbravomartin.es\/?p=98","url_meta":{"origin":13,"position":4},"title":"Consejo Escolar del 30 de noviembre de 2010","author":"CEIP Maestro Rafael Bravo Mart\u00edn","date":"3 diciembre, 2010","format":false,"excerpt":"En Alcala del R\u00edo, siendo las 17 horas del d\u00eda 3 de noviembre, se reuni\u00f3 el Consejo Escolar del Centro en sesi\u00f3n extraordinaria. Los temas que se trataron fueron:","rel":"","context":"En \u00abConsejo escolar\u00bb","block_context":{"text":"Consejo escolar","link":"https:\/\/www.ceipmaestrorafaelbravomartin.es\/?cat=12"},"img":{"alt_text":"","src":"","width":0,"height":0},"classes":[]},{"id":580,"url":"https:\/\/www.ceipmaestrorafaelbravomartin.es\/?p=580","url_meta":{"origin":13,"position":5},"title":"Nueva denominaci\u00f3n CEIP Maestro Rafael Bravo Mart\u00edn","author":"CEIP Maestro Rafael Bravo Mart\u00edn","date":"10 octubre, 2013","format":false,"excerpt":"El d\u00eda 29 de enero de 2013, en sesi\u00f3n extraordinaria de Consejo Escolar celebrada tras el fallecimiento de Don Rafael Bravo Mart\u00edn, se aprob\u00f3 por unanimidad solicitar al Excelent\u00edsimo Ayuntamiento de Alcal\u00e1 del R\u00edo que el CEIP Ntra Sra de la Asunci\u00f3n pasara a llamarse CEIP Maestro Rafael Bravo Mart\u00edn\u2026","rel":"","context":"En \u00abHistoria\u00bb","block_context":{"text":"Historia","link":"https:\/\/www.ceipmaestrorafaelbravomartin.es\/?cat=43"},"img":{"alt_text":"","src":"","width":0,"height":0},"classes":[]}],"_links":{"self":[{"href":"https:\/\/www.ceipmaestrorafaelbravomartin.es\/index.php?rest_route=\/wp\/v2\/posts\/13","targetHints":{"allow":["GET"]}}],"collection":[{"href":"https:\/\/www.ceipmaestrorafaelbravomartin.es\/index.php?rest_route=\/wp\/v2\/posts"}],"about":[{"href":"https:\/\/www.ceipmaestrorafaelbravomartin.es\/index.php?rest_route=\/wp\/v2\/types\/post"}],"author":[{"embeddable":true,"href":"https:\/\/www.ceipmaestrorafaelbravomartin.es\/index.php?rest_route=\/wp\/v2\/users\/4"}],"replies":[{"embeddable":true,"href":"https:\/\/www.ceipmaestrorafaelbravomartin.es\/index.php?rest_route=%2Fwp%2Fv2%2Fcomments&post=13"}],"version-history":[{"count":1,"href":"https:\/\/www.ceipmaestrorafaelbravomartin.es\/index.php?rest_route=\/wp\/v2\/posts\/13\/revisions"}],"predecessor-version":[{"id":987,"href":"https:\/\/www.ceipmaestrorafaelbravomartin.es\/index.php?rest_route=\/wp\/v2\/posts\/13\/revisions\/987"}],"wp:attachment":[{"href":"https:\/\/www.ceipmaestrorafaelbravomartin.es\/index.php?rest_route=%2Fwp%2Fv2%2Fmedia&parent=13"}],"wp:term":[{"taxonomy":"category","embeddable":true,"href":"https:\/\/www.ceipmaestrorafaelbravomartin.es\/index.php?rest_route=%2Fwp%2Fv2%2Fcategories&post=13"},{"taxonomy":"post_tag","embeddable":true,"href":"https:\/\/www.ceipmaestrorafaelbravomartin.es\/index.php?rest_route=%2Fwp%2Fv2%2Ftags&post=13"}],"curies":[{"name":"wp","href":"https:\/\/api.w.org\/{rel}","templated":true}]}}