{"id":1321,"date":"2015-12-22T19:05:13","date_gmt":"2015-12-22T18:05:13","guid":{"rendered":"http:\/\/blogasuncion.es\/?p=1321"},"modified":"2015-12-22T21:36:44","modified_gmt":"2015-12-22T20:36:44","slug":"nuestro-agradecimiento-y-felices-fiestas","status":"publish","type":"post","link":"https:\/\/www.ceipmaestrorafaelbravomartin.es\/?p=1321","title":{"rendered":"Nuestro agradecimiento y \u00a1Felices Fiestas!"},"content":{"rendered":"<blockquote><p><a href=\"http:\/\/blogasuncion.es\/wp-content\/uploads\/2013\/10\/logo2_color.png\"><img loading=\"lazy\" decoding=\"async\" data-attachment-id=\"569\" data-permalink=\"https:\/\/www.ceipmaestrorafaelbravomartin.es\/?attachment_id=569\" data-orig-file=\"https:\/\/www.ceipmaestrorafaelbravomartin.es\/wp-content\/uploads\/2013\/10\/logo2_color.png\" data-orig-size=\"928,928\" data-comments-opened=\"1\" data-image-meta=\"{&quot;aperture&quot;:&quot;0&quot;,&quot;credit&quot;:&quot;&quot;,&quot;camera&quot;:&quot;&quot;,&quot;caption&quot;:&quot;&quot;,&quot;created_timestamp&quot;:&quot;0&quot;,&quot;copyright&quot;:&quot;&quot;,&quot;focal_length&quot;:&quot;0&quot;,&quot;iso&quot;:&quot;0&quot;,&quot;shutter_speed&quot;:&quot;0&quot;,&quot;title&quot;:&quot;&quot;}\" data-image-title=\"logo2_color\" data-image-description=\"\" data-image-caption=\"\" data-medium-file=\"https:\/\/www.ceipmaestrorafaelbravomartin.es\/wp-content\/uploads\/2013\/10\/logo2_color-300x300.png\" data-large-file=\"https:\/\/www.ceipmaestrorafaelbravomartin.es\/wp-content\/uploads\/2013\/10\/logo2_color.png\" class=\"aligncenter wp-image-569\" src=\"http:\/\/blogasuncion.es\/wp-content\/uploads\/2013\/10\/logo2_color.png\" alt=\"logo2_color\" width=\"171\" height=\"171\" srcset=\"https:\/\/www.ceipmaestrorafaelbravomartin.es\/wp-content\/uploads\/2013\/10\/logo2_color.png 928w, https:\/\/www.ceipmaestrorafaelbravomartin.es\/wp-content\/uploads\/2013\/10\/logo2_color-150x150.png 150w, https:\/\/www.ceipmaestrorafaelbravomartin.es\/wp-content\/uploads\/2013\/10\/logo2_color-300x300.png 300w\" sizes=\"auto, (max-width: 171px) 100vw, 171px\" \/><\/a>Estoy muy agradecida a todo el profesorado, a la AMPA Asunci\u00f3n, a madres y padres delegadas\/os, al personal de administraci\u00f3n y servicios de mi colegio Maestro Rafael Bravo Mart\u00edn y al Excelent\u00edsimo Ayuntamiento de Alcal\u00e1 del R\u00edo y su personal, por el trabajo y esfuerzo conjuntos, en unas fechas tan bonitas pero, que han coincidido con un duro golpe para toda la Comunidad Educativa. Ese esfuerzo y colaboraci\u00f3n han hecho posible el disfrute de nuestro alumnado y que las familias tengan un bonito recuerdo. A la empresa (Fusiound Eventos) que nos ha dejado el original y exitoso fotomat\u00f3n muuuchas gracias.<\/p><\/blockquote>\n<p><strong>\u00a1Feliz Navidad y una fant\u00e1stica entrada en el a\u00f1o 2016!<\/strong><\/p>\n<p>&nbsp;<\/p>\n","protected":false},"excerpt":{"rendered":"<p>Estoy muy agradecida a todo el profesorado, a la AMPA Asunci\u00f3n, a madres y padres delegadas\/os, al personal de administraci\u00f3n y servicios de mi colegio Maestro Rafael Bravo Mart\u00edn y al Excelent\u00edsimo Ayuntamiento de Alcal\u00e1 del R\u00edo y su personal, por el trabajo y esfuerzo conjuntos, en unas fechas tan [&hellip;]<\/p>\n","protected":false},"author":4,"featured_media":0,"comment_status":"open","ping_status":"closed","sticky":false,"template":"","format":"standard","meta":{"jetpack_post_was_ever_published":false,"_jetpack_newsletter_access":"","_jetpack_dont_email_post_to_subs":false,"_jetpack_newsletter_tier_id":0,"_jetpack_memberships_contains_paywalled_content":false,"_jetpack_memberships_contains_paid_content":false,"footnotes":""},"categories":[10,2,1],"tags":[],"class_list":["post-1321","post","type-post","status-publish","format-standard","hentry","category-centro","category-info","category-sin-categoria"],"jetpack_featured_media_url":"","jetpack_sharing_enabled":true,"jetpack_shortlink":"https:\/\/wp.me\/p9VlHp-lj","jetpack-related-posts":[{"id":709,"url":"https:\/\/www.ceipmaestrorafaelbravomartin.es\/?p=709","url_meta":{"origin":1321,"position":0},"title":"Informativo febrero &#8211; marzo","author":"CEIP Maestro Rafael Bravo Mart\u00edn","date":"29 marzo, 2014","format":false,"excerpt":"Como colof\u00f3n a las Jornadas Culturales de 2014, ofrecemos el informativo de nuestro CANAL 6\u00baB TV, en el que recogemos los diferentes eventos que se han ido produciendo durante los meses de febrero y marzo en nuestro centro. Destacamos el esfuerzo de todo el alumnado participante y, especialmente el de\u2026","rel":"","context":"En \u00abInformaci\u00f3n\u00bb","block_context":{"text":"Informaci\u00f3n","link":"https:\/\/www.ceipmaestrorafaelbravomartin.es\/?cat=2"},"img":{"alt_text":"","src":"","width":0,"height":0},"classes":[]},{"id":68,"url":"https:\/\/www.ceipmaestrorafaelbravomartin.es\/?p=68","url_meta":{"origin":1321,"position":1},"title":"Bob esponja y sus amigos y amigas","author":"CEIP Maestro Rafael Bravo Mart\u00edn","date":"26 octubre, 2010","format":false,"excerpt":"\u00a0\u00a0 Para los y las peques\u00a0Ya desde el curso pasado, las peripecias y aventuras de nuestro bob esponja, patricio, arenita, calamardo, el se\u00f1or cangrejo, plancton y demas personajes de este orignal serie entusuasma a ni\u00f1os y ni\u00f1as de nuestro colegio,Podemos destacar el alto grado de valores presentes en la serie,\u2026","rel":"","context":"En \u00abRecomendaciones\u00bb","block_context":{"text":"Recomendaciones","link":"https:\/\/www.ceipmaestrorafaelbravomartin.es\/?cat=22"},"img":{"alt_text":"","src":"https:\/\/i0.wp.com\/blogasuncion.es\/wp-content\/uploads\/2010\/10\/bob.jpg?resize=350%2C200","width":350,"height":200},"classes":[]},{"id":2292,"url":"https:\/\/www.ceipmaestrorafaelbravomartin.es\/?p=2292","url_meta":{"origin":1321,"position":2},"title":"Nuestros ratitos ci\u00e9ntificos en el Cole","author":"CEIP Maestro Rafael Bravo Mart\u00edn","date":"26 marzo, 2020","format":false,"excerpt":"A lo largo de los meses de febrero y marzo se han llevado a cabo charlas de mujeres cient\u00edficas de nuestro entorno. Estas charlas forman parte de la \"Iniciativa 11 de febrero\" que conmemora el D\u00eda Internacional de la Mujer y la Ni\u00f1a en la Ciencia y que pretende visibilizar\u2026","rel":"","context":"En \u00abPlan de Igualdad\u00bb","block_context":{"text":"Plan de Igualdad","link":"https:\/\/www.ceipmaestrorafaelbravomartin.es\/?cat=123"},"img":{"alt_text":"","src":"https:\/\/i0.wp.com\/img.youtube.com\/vi\/MFGgtR0Aako\/0.jpg?resize=350%2C200","width":350,"height":200},"classes":[]},{"id":1751,"url":"https:\/\/www.ceipmaestrorafaelbravomartin.es\/?p=1751","url_meta":{"origin":1321,"position":3},"title":"EL UNIVERSO","author":"CEIP Maestro Rafael Bravo Mart\u00edn","date":"18 octubre, 2017","format":false,"excerpt":"El alumnado de 5\u00ba B ha llevado a cabo un trabajo de investigaci\u00f3n sobre EL UNIVERSO. Han puesto en \u00e9l todo su inter\u00e9s y esfuerzo para despu\u00e9s\u00a0exponerlo en clase. La grabaci\u00f3n se ha hecho en 360\u00ba\u00a0, lo que nos permite movernos virtualmente dentro del aula\u00a0y ver tanto a los ponentes,\u2026","rel":"","context":"En \u00abTercer ciclo de Primaria\u00bb","block_context":{"text":"Tercer ciclo de Primaria","link":"https:\/\/www.ceipmaestrorafaelbravomartin.es\/?cat=25"},"img":{"alt_text":"","src":"","width":0,"height":0},"classes":[]},{"id":244,"url":"https:\/\/www.ceipmaestrorafaelbravomartin.es\/?p=244","url_meta":{"origin":1321,"position":4},"title":"\u00c1lvarez de la Chica entrega los Premios al Reconocimiento del M\u00e9rito en el \u00c1mbito Educ. de Sevilla","author":"CEIP Maestro Rafael Bravo Mart\u00edn","date":"13 abril, 2012","format":false,"excerpt":"Los galardones distinguen a personas y entidades que destacan por su contribuci\u00f3n a la mejora de la calidad de la ense\u00f1anza en la provincia Jueves, 12 de abril de 2012 El consejero de Educaci\u00f3n en funciones, Francisco \u00c1lvarez de la Chica, ha presidido el acto de entrega de los Premios\u2026","rel":"","context":"En \u00abEl centro\u00bb","block_context":{"text":"El centro","link":"https:\/\/www.ceipmaestrorafaelbravomartin.es\/?cat=10"},"img":{"alt_text":"","src":"","width":0,"height":0},"classes":[]},{"id":1699,"url":"https:\/\/www.ceipmaestrorafaelbravomartin.es\/?p=1699","url_meta":{"origin":1321,"position":5},"title":"Verbena de fin de curso 2017","author":"CEIP Maestro Rafael Bravo Mart\u00edn","date":"17 junio, 2017","format":false,"excerpt":"Se acerca el final de curso y que mejor forma de celebrarlo con nuestra tradicional verbena, se celebrar\u00e1 el pr\u00f3ximo viernes 23 de junio. La hora de inicio ser\u00e1 las 21:00 horas en el patio de nuestro colegio. Os animamos a todos y a todas a asistir, veremos bailes y\u2026","rel":"","context":"En \u00abA.M.P.A.\u00bb","block_context":{"text":"A.M.P.A.","link":"https:\/\/www.ceipmaestrorafaelbravomartin.es\/?cat=15"},"img":{"alt_text":"IMG-20170613-WA0005","src":"https:\/\/i0.wp.com\/www.ceipmaestrorafaelbravomartin.es\/wp-content\/uploads\/2017\/06\/IMG-20170613-WA0005-212x300.jpg?resize=350%2C200","width":350,"height":200},"classes":[]}],"_links":{"self":[{"href":"https:\/\/www.ceipmaestrorafaelbravomartin.es\/index.php?rest_route=\/wp\/v2\/posts\/1321","targetHints":{"allow":["GET"]}}],"collection":[{"href":"https:\/\/www.ceipmaestrorafaelbravomartin.es\/index.php?rest_route=\/wp\/v2\/posts"}],"about":[{"href":"https:\/\/www.ceipmaestrorafaelbravomartin.es\/index.php?rest_route=\/wp\/v2\/types\/post"}],"author":[{"embeddable":true,"href":"https:\/\/www.ceipmaestrorafaelbravomartin.es\/index.php?rest_route=\/wp\/v2\/users\/4"}],"replies":[{"embeddable":true,"href":"https:\/\/www.ceipmaestrorafaelbravomartin.es\/index.php?rest_route=%2Fwp%2Fv2%2Fcomments&post=1321"}],"version-history":[{"count":5,"href":"https:\/\/www.ceipmaestrorafaelbravomartin.es\/index.php?rest_route=\/wp\/v2\/posts\/1321\/revisions"}],"predecessor-version":[{"id":1334,"href":"https:\/\/www.ceipmaestrorafaelbravomartin.es\/index.php?rest_route=\/wp\/v2\/posts\/1321\/revisions\/1334"}],"wp:attachment":[{"href":"https:\/\/www.ceipmaestrorafaelbravomartin.es\/index.php?rest_route=%2Fwp%2Fv2%2Fmedia&parent=1321"}],"wp:term":[{"taxonomy":"category","embeddable":true,"href":"https:\/\/www.ceipmaestrorafaelbravomartin.es\/index.php?rest_route=%2Fwp%2Fv2%2Fcategories&post=1321"},{"taxonomy":"post_tag","embeddable":true,"href":"https:\/\/www.ceipmaestrorafaelbravomartin.es\/index.php?rest_route=%2Fwp%2Fv2%2Ftags&post=1321"}],"curies":[{"name":"wp","href":"https:\/\/api.w.org\/{rel}","templated":true}]}}