{"id":134,"date":"2011-01-24T11:28:10","date_gmt":"2011-01-24T10:28:10","guid":{"rendered":"http:\/\/blogasuncion.es\/?p=134"},"modified":"2014-10-12T20:13:13","modified_gmt":"2014-10-12T18:13:13","slug":"ping-pong","status":"publish","type":"post","link":"https:\/\/www.ceipmaestrorafaelbravomartin.es\/?p=134","title":{"rendered":"Liga de Ping Pong en los recreos"},"content":{"rendered":"<div>\n<div>\n<p>Esta semana comienza la liga de ping-pong. El objetivo de esta actividad \u00a0es fomentar la pr\u00e1ctica de este deporte entre nuestro alumnado. Se realiza durante los recreos y los participantes ser\u00e1n los ni\u00f1os y ni\u00f1as de 4\u00ba, 5\u00ba y 6\u00ba que se hayan apuntado previamente ( la actividad es voluntaria).<\/p>\n<p>Cada jugador\/a compite con compa\u00f1eros\/as de su curso (una liga para 4\u00ba, otra para 5\u00ba y otra para 6\u00ba) y juega un total de 8 partidos.<\/p>\n<p>\u00a0El sistema de puntuaci\u00f3n es:<\/p>\n<p>&#8211; 1 punto por jugar el partido, independientemente del resultado ( ganar o no).<\/p>\n<p>&#8211; 2 puntos por ganar el partido.<\/p>\n<p>&#8211; 0 puntos por no presentarse a jugar el partido.<\/p>\n<p>&nbsp;<\/p>\n<div style=\"text-align: center; border-collapse: collapse; font-family: 'Droid Sans', arial, sans-serif; font-size: 15.6px\"><font class=\"Apple-style-span\" color=\"#FF0000\">\u00a1\u00a1\u00c1NIMO Y A JUGAR!!<\/font><\/div>\n<\/div>\n<\/div>\n","protected":false},"excerpt":{"rendered":"<p>Esta semana comienza la liga de ping-pong. El objetivo de esta actividad \u00a0es fomentar la pr\u00e1ctica de este deporte entre nuestro alumnado. Se realiza durante los recreos y los participantes ser\u00e1n los ni\u00f1os y ni\u00f1as de 4\u00ba, 5\u00ba y 6\u00ba que se hayan apuntado previamente ( la actividad es voluntaria). [&hellip;]<\/p>\n","protected":false},"author":4,"featured_media":0,"comment_status":"closed","ping_status":"open","sticky":false,"template":"","format":"standard","meta":{"jetpack_post_was_ever_published":false,"_jetpack_newsletter_access":"","_jetpack_dont_email_post_to_subs":false,"_jetpack_newsletter_tier_id":0,"_jetpack_memberships_contains_paywalled_content":false,"_jetpack_memberships_contains_paid_content":false,"footnotes":""},"categories":[28],"tags":[],"class_list":["post-134","post","type-post","status-publish","format-standard","hentry","category-ef"],"jetpack_featured_media_url":"","jetpack_sharing_enabled":true,"jetpack_shortlink":"https:\/\/wp.me\/p9VlHp-2a","jetpack-related-posts":[{"id":10,"url":"https:\/\/www.ceipmaestrorafaelbravomartin.es\/?p=10","url_meta":{"origin":134,"position":0},"title":"Instalaciones","author":"CEIP Maestro Rafael Bravo Mart\u00edn","date":"13 octubre, 2010","format":false,"excerpt":"Nuestro colegio est\u00e1 formado por tres edificios: El primer edificio cuenta con tres plantas donde se ubican las aulas de Educaci\u00f3n Primaria: Ciclo 1\u00ba en planta baja.Ciclo 2\u00ba en planta primera.Ciclo 3\u00ba en la segunda planta. En el segundo edificio se ubica: Infantil (dos aulas de cada nivel).Dos aulas de\u2026","rel":"","context":"En \u00abEl centro\u00bb","block_context":{"text":"El centro","link":"https:\/\/www.ceipmaestrorafaelbravomartin.es\/?cat=10"},"img":{"alt_text":"","src":"","width":0,"height":0},"classes":[]},{"id":148,"url":"https:\/\/www.ceipmaestrorafaelbravomartin.es\/?p=148","url_meta":{"origin":134,"position":1},"title":"Semana Cultural: Nuestro Centro. Ayer y Hoy","author":"CEIP Maestro Rafael Bravo Mart\u00edn","date":"10 marzo, 2011","format":false,"excerpt":"Lema: Nuestro Centro. Ayer y Hoy. \u00a0 Durante la semana del 21 al 25 de marzo y durante un tiempo, cada curso con su tutor-a realizar\u00e1 una actividad relacionada con le lema de nuestra semana cultural.\u00a0 \u00a0 Actividades: - Limpieza del centro. - Decoraci\u00f3n del centro. - Conocimiento del centro.\u2026","rel":"","context":"En \u00abActividades extraescolares\u00bb","block_context":{"text":"Actividades extraescolares","link":"https:\/\/www.ceipmaestrorafaelbravomartin.es\/?cat=14"},"img":{"alt_text":"","src":"","width":0,"height":0},"classes":[]},{"id":162,"url":"https:\/\/www.ceipmaestrorafaelbravomartin.es\/?p=162","url_meta":{"origin":134,"position":2},"title":"LA BICICLETA , UN MARAVILLOSO Y SALUDABLE MEDIO DE TRANSPORTE.","author":"CEIP Maestro Rafael Bravo Mart\u00edn","date":"17 junio, 2011","format":false,"excerpt":"Durante esto a\u00f1os,\u00a0 han sido muchos los ni\u00f1os\/as que han sacado su carnet de conducir bicicletas. El maestro Pepe Palma, junto con la maestra Puri llevan muchos a\u00f1os dedicando un d\u00eda a esta actividad tan maravillosa con los m\u00e1s peque\u00f1os\/as ( al finalizar su segundo curso de Educaci\u00f3n Primaria). \u00a0\u2026","rel":"","context":"En \u00abEd. F\u00edsica\u00bb","block_context":{"text":"Ed. F\u00edsica","link":"https:\/\/www.ceipmaestrorafaelbravomartin.es\/?cat=28"},"img":{"alt_text":"","src":"","width":0,"height":0},"classes":[]},{"id":255,"url":"https:\/\/www.ceipmaestrorafaelbravomartin.es\/?p=255","url_meta":{"origin":134,"position":3},"title":"EL C.E.I.P. NTRA. SRA. DE LA ASUNCI\u00d3N CON LA SELECCI\u00d3N ESPA\u00d1OLA","author":"CEIP Maestro Rafael Bravo Mart\u00edn","date":"14 junio, 2012","format":false,"excerpt":"Hace unos d\u00edas que ha comenzado la Eurocopa de f\u00fatbol \u201cPolon\u00eda \u2013Ucrania 2012 \u201c. Desde este centro queremos hacer participes a todos los ni\u00f1os\/as, aportando nuestro granito de arena para hacer llegar a Polon\u00eda\u00a0 y Ucrania toda nuestra ilusi\u00f3n. Durante estos d\u00edas hemos pedido a todos los alumnos\/as, que el\u2026","rel":"","context":"En \u00abEd. F\u00edsica\u00bb","block_context":{"text":"Ed. F\u00edsica","link":"https:\/\/www.ceipmaestrorafaelbravomartin.es\/?cat=28"},"img":{"alt_text":"","src":"","width":0,"height":0},"classes":[]},{"id":25,"url":"https:\/\/www.ceipmaestrorafaelbravomartin.es\/?p=25","url_meta":{"origin":134,"position":4},"title":"Consejos para padres y madres.","author":"CEIP Maestro Rafael Bravo Mart\u00edn","date":"14 octubre, 2010","format":false,"excerpt":"\u00a0Normas sobre lecturas para padres y madres:","rel":"","context":"En \u00abInformaci\u00f3n\u00bb","block_context":{"text":"Informaci\u00f3n","link":"https:\/\/www.ceipmaestrorafaelbravomartin.es\/?cat=20"},"img":{"alt_text":"","src":"","width":0,"height":0},"classes":[]},{"id":2035,"url":"https:\/\/www.ceipmaestrorafaelbravomartin.es\/?p=2035","url_meta":{"origin":134,"position":5},"title":"D\u00cdA INTERNACIONAL DE LA MUJER Y LA NI\u00d1A EN LA CIENCIA","author":"CEIP Maestro Rafael Bravo Mart\u00edn","date":"8 febrero, 2020","format":false,"excerpt":"En la actualidad, las mujeres y ni\u00f1as encuentran barreras de muchos tipos, a veces muy sutiles, que dificultan su presencia en la ciencia. El 15 de diciembre de 2015 la Asamblea General de las Naciones Unidas proclam\u00f3 el 11 de febrero\u00a0D\u00eda Internacional de la Mujer y la Ni\u00f1a en la\u2026","rel":"","context":"En \u00abCoeducaci\u00f3n\u00bb","block_context":{"text":"Coeducaci\u00f3n","link":"https:\/\/www.ceipmaestrorafaelbravomartin.es\/?cat=114"},"img":{"alt_text":"","src":"https:\/\/i0.wp.com\/www.ceipmaestrorafaelbravomartin.es\/wp-content\/uploads\/2020\/02\/Cartel-Isabel-Fern%C3%A1ndez.jpg?resize=350%2C200&ssl=1","width":350,"height":200,"srcset":"https:\/\/i0.wp.com\/www.ceipmaestrorafaelbravomartin.es\/wp-content\/uploads\/2020\/02\/Cartel-Isabel-Fern%C3%A1ndez.jpg?resize=350%2C200&ssl=1 1x, https:\/\/i0.wp.com\/www.ceipmaestrorafaelbravomartin.es\/wp-content\/uploads\/2020\/02\/Cartel-Isabel-Fern%C3%A1ndez.jpg?resize=525%2C300&ssl=1 1.5x, https:\/\/i0.wp.com\/www.ceipmaestrorafaelbravomartin.es\/wp-content\/uploads\/2020\/02\/Cartel-Isabel-Fern%C3%A1ndez.jpg?resize=700%2C400&ssl=1 2x, https:\/\/i0.wp.com\/www.ceipmaestrorafaelbravomartin.es\/wp-content\/uploads\/2020\/02\/Cartel-Isabel-Fern%C3%A1ndez.jpg?resize=1050%2C600&ssl=1 3x, https:\/\/i0.wp.com\/www.ceipmaestrorafaelbravomartin.es\/wp-content\/uploads\/2020\/02\/Cartel-Isabel-Fern%C3%A1ndez.jpg?resize=1400%2C800&ssl=1 4x"},"classes":[]}],"_links":{"self":[{"href":"https:\/\/www.ceipmaestrorafaelbravomartin.es\/index.php?rest_route=\/wp\/v2\/posts\/134","targetHints":{"allow":["GET"]}}],"collection":[{"href":"https:\/\/www.ceipmaestrorafaelbravomartin.es\/index.php?rest_route=\/wp\/v2\/posts"}],"about":[{"href":"https:\/\/www.ceipmaestrorafaelbravomartin.es\/index.php?rest_route=\/wp\/v2\/types\/post"}],"author":[{"embeddable":true,"href":"https:\/\/www.ceipmaestrorafaelbravomartin.es\/index.php?rest_route=\/wp\/v2\/users\/4"}],"replies":[{"embeddable":true,"href":"https:\/\/www.ceipmaestrorafaelbravomartin.es\/index.php?rest_route=%2Fwp%2Fv2%2Fcomments&post=134"}],"version-history":[{"count":1,"href":"https:\/\/www.ceipmaestrorafaelbravomartin.es\/index.php?rest_route=\/wp\/v2\/posts\/134\/revisions"}],"predecessor-version":[{"id":935,"href":"https:\/\/www.ceipmaestrorafaelbravomartin.es\/index.php?rest_route=\/wp\/v2\/posts\/134\/revisions\/935"}],"wp:attachment":[{"href":"https:\/\/www.ceipmaestrorafaelbravomartin.es\/index.php?rest_route=%2Fwp%2Fv2%2Fmedia&parent=134"}],"wp:term":[{"taxonomy":"category","embeddable":true,"href":"https:\/\/www.ceipmaestrorafaelbravomartin.es\/index.php?rest_route=%2Fwp%2Fv2%2Fcategories&post=134"},{"taxonomy":"post_tag","embeddable":true,"href":"https:\/\/www.ceipmaestrorafaelbravomartin.es\/index.php?rest_route=%2Fwp%2Fv2%2Ftags&post=134"}],"curies":[{"name":"wp","href":"https:\/\/api.w.org\/{rel}","templated":true}]}}