{"id":1341,"date":"2016-01-19T09:00:13","date_gmt":"2016-01-19T08:00:13","guid":{"rendered":"http:\/\/blogasuncion.es\/?p=1341"},"modified":"2017-06-23T12:29:47","modified_gmt":"2017-06-23T10:29:47","slug":"rafael-2","status":"publish","type":"post","link":"https:\/\/www.ceipmaestrorafaelbravomartin.es\/?p=1341","title":{"rendered":"Rafael"},"content":{"rendered":"<p style=\"text-align: center;\">Gracias a toda la <strong>Comunidad Educativa<\/strong> de nuestro centro, tu voluntad, tu trabajo por un centro bien dotado, abierto, acogedor&#8230; sigue vivo, sigue creciendo y haciendo mejorar a todos los que en \u00e9l participamos.<\/p>\n<p style=\"text-align: center;\"><strong>\u00a1 Gracias Rafael !<\/strong><\/p>\n<p><iframe loading=\"lazy\" src=\"https:\/\/www.youtube.com\/embed\/I2dHcdnq6g4?rel=0\" width=\"640\" height=\"360\" frameborder=\"0\" allowfullscreen=\"allowfullscreen\"><\/iframe><\/p>\n<p><strong>Queremos recordar que nuestro cole decidi\u00f3 unirse a la campa\u00f1a de C\u00e1ritas 1Kg hace dos cursos y que esta se llevase a cabo en fechas cercanas al 19 de enero.<\/strong><\/p>\n<p style=\"text-align: center;\"><a href=\"http:\/\/blogasuncion.es\/wp-content\/uploads\/2016\/01\/16-01-19-13-42-26-455_deco.jpg\"><img loading=\"lazy\" decoding=\"async\" data-attachment-id=\"1346\" data-permalink=\"https:\/\/www.ceipmaestrorafaelbravomartin.es\/?attachment_id=1346\" data-orig-file=\"https:\/\/www.ceipmaestrorafaelbravomartin.es\/wp-content\/uploads\/2016\/01\/16-01-19-13-42-26-455_deco.jpg\" data-orig-size=\"1280,793\" data-comments-opened=\"0\" data-image-meta=\"{&quot;aperture&quot;:&quot;0&quot;,&quot;credit&quot;:&quot;&quot;,&quot;camera&quot;:&quot;ONE E1003&quot;,&quot;caption&quot;:&quot;&quot;,&quot;created_timestamp&quot;:&quot;0&quot;,&quot;copyright&quot;:&quot;&quot;,&quot;focal_length&quot;:&quot;0&quot;,&quot;iso&quot;:&quot;0&quot;,&quot;shutter_speed&quot;:&quot;0&quot;,&quot;title&quot;:&quot;&quot;,&quot;orientation&quot;:&quot;1&quot;}\" data-image-title=\"campa\u00f1a de c\u00e1ritas 2016\" data-image-description=\"\" data-image-caption=\"\" data-medium-file=\"https:\/\/www.ceipmaestrorafaelbravomartin.es\/wp-content\/uploads\/2016\/01\/16-01-19-13-42-26-455_deco-300x186.jpg\" data-large-file=\"https:\/\/www.ceipmaestrorafaelbravomartin.es\/wp-content\/uploads\/2016\/01\/16-01-19-13-42-26-455_deco-1024x634.jpg\" class=\"aligncenter  wp-image-1346\" src=\"http:\/\/blogasuncion.es\/wp-content\/uploads\/2016\/01\/16-01-19-13-42-26-455_deco-1024x634.jpg\" alt=\"campa\u00f1a de c\u00e1ritas 2016\" width=\"481\" height=\"302\" \/><\/a><\/p>\n","protected":false},"excerpt":{"rendered":"<p>Gracias a toda la Comunidad Educativa de nuestro centro, tu voluntad, tu trabajo por un centro bien dotado, abierto, acogedor&#8230; sigue vivo, sigue creciendo y haciendo mejorar a todos los que en \u00e9l participamos. \u00a1 Gracias Rafael ! Queremos recordar que nuestro cole decidi\u00f3 unirse a la campa\u00f1a de C\u00e1ritas [&hellip;]<\/p>\n","protected":false},"author":4,"featured_media":0,"comment_status":"closed","ping_status":"closed","sticky":false,"template":"","format":"standard","meta":{"jetpack_post_was_ever_published":false,"_jetpack_newsletter_access":"","_jetpack_dont_email_post_to_subs":false,"_jetpack_newsletter_tier_id":0,"_jetpack_memberships_contains_paywalled_content":false,"_jetpack_memberships_contains_paid_content":false,"footnotes":""},"categories":[24,10],"tags":[],"class_list":["post-1341","post","type-post","status-publish","format-standard","hentry","category-c59-dedicatorias","category-centro"],"jetpack_featured_media_url":"","jetpack_sharing_enabled":true,"jetpack_shortlink":"https:\/\/wp.me\/p9VlHp-lD","jetpack-related-posts":[{"id":1337,"url":"https:\/\/www.ceipmaestrorafaelbravomartin.es\/?p=1337","url_meta":{"origin":1341,"position":0},"title":"Actuaci\u00f3n del coro los Zambombe\u00f1os.","author":"CEIP Maestro Rafael Bravo Mart\u00edn","date":"1 enero, 2016","format":false,"excerpt":"Como viene siendo habitual en nuestro colegio, nos han visitado el coro local de los Zambombe\u00f1os y nos han deleitado con unos villancicos para alegrarnos las fiestas. Much\u00edsimas gracias a todos\/as por formar parte de nuestro centro. A continuaci\u00f3n os dejamos con la actuaci\u00f3n que hicieron al alumnado de infantil.\u2026","rel":"","context":"En \u00abEl centro\u00bb","block_context":{"text":"El centro","link":"https:\/\/www.ceipmaestrorafaelbravomartin.es\/?cat=10"},"img":{"alt_text":"","src":"https:\/\/i0.wp.com\/img.youtube.com\/vi\/AtavIiym7Ro\/0.jpg?resize=350%2C200","width":350,"height":200},"classes":[]},{"id":1623,"url":"https:\/\/www.ceipmaestrorafaelbravomartin.es\/?p=1623","url_meta":{"origin":1341,"position":1},"title":"Ya lleg\u00f3 la Navidad.","author":"CEIP Maestro Rafael Bravo Mart\u00edn","date":"20 diciembre, 2016","format":false,"excerpt":"Como todos los a\u00f1os en nuestro colegio, la Navidad es una fecha muy se\u00f1alada, en la que nos gusta regalar alegr\u00eda y felicidad a todo el mundo. Con estos fines nos gusta decorar nuestro centro con motivos navide\u00f1os que, desinteresadamente, han realizado familias y alumnado, para dar color y calor\u2026","rel":"","context":"En \u00abEl centro\u00bb","block_context":{"text":"El centro","link":"https:\/\/www.ceipmaestrorafaelbravomartin.es\/?cat=10"},"img":{"alt_text":"","src":"https:\/\/i0.wp.com\/img.youtube.com\/vi\/T0-wJWXxBo0\/0.jpg?resize=350%2C200","width":350,"height":200},"classes":[]},{"id":1104,"url":"https:\/\/www.ceipmaestrorafaelbravomartin.es\/?p=1104","url_meta":{"origin":1341,"position":2},"title":"Beatriz Bravo","author":"CEIP Maestro Rafael Bravo Mart\u00edn","date":"16 abril, 2015","format":false,"excerpt":"El pasado mi\u00e9rcoles 15 de abril, con motivo de la celebraci\u00f3n de las Jornadas Culturales de este curso 2014\/15, tuvimos el placer de disfrutar en nuestro centro de la aportaci\u00f3n que a dichas jornadas ha hecho\u00a0 BEATRIZ BRAVO ZAMBRANO. Deportista de \u00e9lite e hija de nuestro gran amigo, compa\u00f1ero, maestro\u2026","rel":"","context":"En \u00abEventos\u00bb","block_context":{"text":"Eventos","link":"https:\/\/www.ceipmaestrorafaelbravomartin.es\/?cat=103"},"img":{"alt_text":"","src":"","width":0,"height":0},"classes":[]},{"id":1644,"url":"https:\/\/www.ceipmaestrorafaelbravomartin.es\/?p=1644","url_meta":{"origin":1341,"position":3},"title":"RAFAEL&#8230; cuarto aniversario.","author":"CEIP Maestro Rafael Bravo Mart\u00edn","date":"18 enero, 2017","format":false,"excerpt":"Siempre te diferenciaste por tu car\u00e1cter, por tu apoyo... aquellas personas que logramos conocerte tuvimos mucha suerte por habernos cruzado contigo. Hace ya cuatro a\u00f1os que no est\u00e1s aqu\u00ed, pero seguimos teni\u00e9ndote en nuestro pensamiento. Permaneces en tu COLE. Seguimos recordando que nuestro cole decidi\u00f3 unirse a la campa\u00f1a de\u2026","rel":"","context":"En \u00abDedicatorias\u00bb","block_context":{"text":"Dedicatorias","link":"https:\/\/www.ceipmaestrorafaelbravomartin.es\/?cat=24"},"img":{"alt_text":"19-1-27","src":"https:\/\/i0.wp.com\/www.ceipmaestrorafaelbravomartin.es\/wp-content\/uploads\/2017\/01\/19-1-27-1024x751.jpg?resize=350%2C200","width":350,"height":200,"srcset":"https:\/\/i0.wp.com\/www.ceipmaestrorafaelbravomartin.es\/wp-content\/uploads\/2017\/01\/19-1-27-1024x751.jpg?resize=350%2C200 1x, https:\/\/i0.wp.com\/www.ceipmaestrorafaelbravomartin.es\/wp-content\/uploads\/2017\/01\/19-1-27-1024x751.jpg?resize=525%2C300 1.5x"},"classes":[]},{"id":1321,"url":"https:\/\/www.ceipmaestrorafaelbravomartin.es\/?p=1321","url_meta":{"origin":1341,"position":4},"title":"Nuestro agradecimiento y \u00a1Felices Fiestas!","author":"CEIP Maestro Rafael Bravo Mart\u00edn","date":"22 diciembre, 2015","format":false,"excerpt":"Estoy muy agradecida a todo el profesorado, a la AMPA Asunci\u00f3n, a madres y padres delegadas\/os, al personal de administraci\u00f3n y servicios de mi colegio Maestro Rafael Bravo Mart\u00edn y al Excelent\u00edsimo Ayuntamiento de Alcal\u00e1 del R\u00edo y su personal, por el trabajo y esfuerzo conjuntos, en unas fechas tan\u2026","rel":"","context":"En \u00abEl centro\u00bb","block_context":{"text":"El centro","link":"https:\/\/www.ceipmaestrorafaelbravomartin.es\/?cat=10"},"img":{"alt_text":"logo2_color","src":"https:\/\/i0.wp.com\/blogasuncion.es\/wp-content\/uploads\/2013\/10\/logo2_color.png?resize=350%2C200","width":350,"height":200},"classes":[]},{"id":1572,"url":"https:\/\/www.ceipmaestrorafaelbravomartin.es\/?p=1572","url_meta":{"origin":1341,"position":5},"title":"Halloween 2016","author":"CEIP Maestro Rafael Bravo Mart\u00edn","date":"2 noviembre, 2016","format":false,"excerpt":"Como venimos haciendo en nuestro colegio desde algunos a\u00f1os, el pasado viernes 28 de octubre, celebramos Halloween con un mont\u00f3n de actividades. Aqu\u00ed ten\u00e9is un v\u00eddeo resumen de todo lo que hubo en nuestro cole. https:\/\/youtu.be\/MAaA5_wjLtA Igualmente, queremos agradecer a las familias, AMPA y al profesorado participante del centro, su\u2026","rel":"","context":"En \u00abBiling\u00fcismo\u00bb","block_context":{"text":"Biling\u00fcismo","link":"https:\/\/www.ceipmaestrorafaelbravomartin.es\/?cat=109"},"img":{"alt_text":"","src":"https:\/\/i0.wp.com\/img.youtube.com\/vi\/MAaA5_wjLtA\/0.jpg?resize=350%2C200","width":350,"height":200},"classes":[]}],"_links":{"self":[{"href":"https:\/\/www.ceipmaestrorafaelbravomartin.es\/index.php?rest_route=\/wp\/v2\/posts\/1341","targetHints":{"allow":["GET"]}}],"collection":[{"href":"https:\/\/www.ceipmaestrorafaelbravomartin.es\/index.php?rest_route=\/wp\/v2\/posts"}],"about":[{"href":"https:\/\/www.ceipmaestrorafaelbravomartin.es\/index.php?rest_route=\/wp\/v2\/types\/post"}],"author":[{"embeddable":true,"href":"https:\/\/www.ceipmaestrorafaelbravomartin.es\/index.php?rest_route=\/wp\/v2\/users\/4"}],"replies":[{"embeddable":true,"href":"https:\/\/www.ceipmaestrorafaelbravomartin.es\/index.php?rest_route=%2Fwp%2Fv2%2Fcomments&post=1341"}],"version-history":[{"count":4,"href":"https:\/\/www.ceipmaestrorafaelbravomartin.es\/index.php?rest_route=\/wp\/v2\/posts\/1341\/revisions"}],"predecessor-version":[{"id":1347,"href":"https:\/\/www.ceipmaestrorafaelbravomartin.es\/index.php?rest_route=\/wp\/v2\/posts\/1341\/revisions\/1347"}],"wp:attachment":[{"href":"https:\/\/www.ceipmaestrorafaelbravomartin.es\/index.php?rest_route=%2Fwp%2Fv2%2Fmedia&parent=1341"}],"wp:term":[{"taxonomy":"category","embeddable":true,"href":"https:\/\/www.ceipmaestrorafaelbravomartin.es\/index.php?rest_route=%2Fwp%2Fv2%2Fcategories&post=1341"},{"taxonomy":"post_tag","embeddable":true,"href":"https:\/\/www.ceipmaestrorafaelbravomartin.es\/index.php?rest_route=%2Fwp%2Fv2%2Ftags&post=1341"}],"curies":[{"name":"wp","href":"https:\/\/api.w.org\/{rel}","templated":true}]}}