{"id":1363,"date":"2016-02-19T11:59:43","date_gmt":"2016-02-19T10:59:43","guid":{"rendered":"http:\/\/blogasuncion.es\/?p=1363"},"modified":"2016-02-19T11:59:43","modified_gmt":"2016-02-19T10:59:43","slug":"proceso-de-escolarizacion-curso-20162017","status":"publish","type":"post","link":"https:\/\/www.ceipmaestrorafaelbravomartin.es\/?p=1363","title":{"rendered":"Proceso de escolarizaci\u00f3n curso 2016\/2017"},"content":{"rendered":"<p>Del<strong> 1 al 31 de marzo<\/strong>, ambos inclusive, se abre plazo para la <strong>presentaci\u00f3n de solicitud<\/strong> de matriculaci\u00f3n para el pr\u00f3ximo curso tanto del alumnado de nuevo ingreso como del que cambie de centro.<\/p>\n<p><strong>En el tabl\u00f3n de anuncios<\/strong>, se publicar\u00e1<strong> toda la informaci\u00f3n<\/strong> al respecto: normativa, zona de influencia, recursos para la atenci\u00f3n al alumnado de necesidades educativas especiales, etc.<\/p>\n<p><strong>El horario de secretar\u00eda<\/strong> para la recogida y entrega de solicitudes es de <strong>9:00 a 11:30 horas.<\/strong><\/p>\n<p>Las fechas m\u00e1s significativas en el proceso de matriculaci\u00f3n son las siguientes:<\/p>\n<ul>\n<li><strong>Antes del 11 de abril<\/strong>: Se publicar\u00e1 la relaci\u00f3n de alumnado solicitante y la puntuaci\u00f3n obtenida.<\/li>\n<li><strong>Del d\u00eda 12 al 25 de abril<\/strong>: Periodo para realizar el <strong>tr\u00e1mite de audiencia<\/strong>, si fuera necesario.<\/li>\n<li><strong>El 10 de mayo<\/strong> se efectuar\u00e1 el <strong>sorteo<\/strong> p\u00fablico en la Delegaci\u00f3n de Educaci\u00f3n de Sevilla.<\/li>\n<li><strong>El d\u00eda 12 de mayo<\/strong> se publicar\u00e1 la <strong>lista de admitidos<\/strong>.<\/li>\n<li><strong>El d\u00eda 20 de mayo<\/strong> se adjudicar\u00e1 plaza al alumnado no admitido.<\/li>\n<li><strong>El 21 de mayo<\/strong> comenzar\u00e1 el plazo para la presentaci\u00f3n de<strong> recursos<\/strong> de alzada y reclamaciones.<\/li>\n<\/ul>\n<p style=\"text-align: right;\">El equipo directivo.<\/p>\n","protected":false},"excerpt":{"rendered":"<p>Del 1 al 31 de marzo, ambos inclusive, se abre plazo para la presentaci\u00f3n de solicitud de matriculaci\u00f3n para el pr\u00f3ximo curso tanto del alumnado de nuevo ingreso como del que cambie de centro. En el tabl\u00f3n de anuncios, se publicar\u00e1 toda la informaci\u00f3n al respecto: normativa, zona de influencia, [&hellip;]<\/p>\n","protected":false},"author":6,"featured_media":0,"comment_status":"closed","ping_status":"closed","sticky":false,"template":"","format":"standard","meta":{"jetpack_post_was_ever_published":false,"_jetpack_newsletter_access":"","_jetpack_dont_email_post_to_subs":false,"_jetpack_newsletter_tier_id":0,"_jetpack_memberships_contains_paywalled_content":false,"_jetpack_memberships_contains_paid_content":false,"footnotes":""},"categories":[46,10,2],"tags":[],"class_list":["post-1363","post","type-post","status-publish","format-standard","hentry","category-direccion","category-centro","category-info"],"jetpack_featured_media_url":"","jetpack_sharing_enabled":true,"jetpack_shortlink":"https:\/\/wp.me\/p9VlHp-lZ","jetpack-related-posts":[{"id":11,"url":"https:\/\/www.ceipmaestrorafaelbravomartin.es\/?p=11","url_meta":{"origin":1363,"position":0},"title":"Matriculaci\u00f3n Curso 2012-2013","author":"CEIP Maestro Rafael Bravo Mart\u00edn","date":"13 octubre, 2010","format":false,"excerpt":"Se comunica que est\u00e1 abierto el plazo de matriculaci\u00f3n para el pr\u00f3ximo curso 2012-13. Podr\u00e1n presentar el impreso de solicitud, que les ser\u00e1 facilitado en la Secretar\u00eda del Centro, en horario de 9 a 11 horas. Adem\u00e1s deber\u00e1n aportar fotocopia de la hoja del Libro de Familia donde est\u00e1 inscrito\u2026","rel":"","context":"En \u00abEl centro\u00bb","block_context":{"text":"El centro","link":"https:\/\/www.ceipmaestrorafaelbravomartin.es\/?cat=10"},"img":{"alt_text":"","src":"","width":0,"height":0},"classes":[]},{"id":159,"url":"https:\/\/www.ceipmaestrorafaelbravomartin.es\/?p=159","url_meta":{"origin":1363,"position":1},"title":"Consjejo Escolar del 10 de mayo de 2011","author":"CEIP Maestro Rafael Bravo Mart\u00edn","date":"26 mayo, 2011","format":false,"excerpt":"En el Consejo Escolar celebrado el 10 de mayo de 2011 a las 17:20 horas en sesi\u00f3n ordinaria, se trataron los siguientes puntos: \u00a0 Lectura y aprobaci\u00f3n del acta anterior. Aprobada. An\u00e1lisis de los resultados de la 2\u00aa evaluaci\u00f3n. Reglamento Org\u00e1nico de Centros de Infantil y Primaria. Don Rafael Bravo,\u2026","rel":"","context":"En \u00abConsejo escolar\u00bb","block_context":{"text":"Consejo escolar","link":"https:\/\/www.ceipmaestrorafaelbravomartin.es\/?cat=12"},"img":{"alt_text":"","src":"","width":0,"height":0},"classes":[]},{"id":303,"url":"https:\/\/www.ceipmaestrorafaelbravomartin.es\/?p=303","url_meta":{"origin":1363,"position":2},"title":"Proceso de escolarizaci\u00f3n 2013\/2014","author":"CEIP Maestro Rafael Bravo Mart\u00edn","date":"21 febrero, 2013","format":false,"excerpt":"Normativa que regula los criterios y el procedimiento de admisi\u00f3n del alumnado en los centros docentes p\u00fablicos y privados concertados.\u00a0 DECRETO 40\/2011, de 22 de febrero, por el que se regulan los criterios y el procedimiento de admisi\u00f3n del alumnado en los centros docentes p\u00fablicos y privados concertados para cursar\u2026","rel":"","context":"En \u00abEl centro\u00bb","block_context":{"text":"El centro","link":"https:\/\/www.ceipmaestrorafaelbravomartin.es\/?cat=10"},"img":{"alt_text":"","src":"","width":0,"height":0},"classes":[]},{"id":687,"url":"https:\/\/www.ceipmaestrorafaelbravomartin.es\/?p=687","url_meta":{"origin":1363,"position":3},"title":"Proceso de escolarizaci\u00f3n 2014\/2015","author":"CEIP Maestro Rafael Bravo Mart\u00edn","date":"4 marzo, 2014","format":false,"excerpt":"Normativa que regula los criterios y el procedimiento de admisi\u00f3n del alumnado en los centros docentes p\u00fablicos y privados concertados.\u00a0 DECRETO 40\/2011, de 22 de febrero, por el que se regulan los criterios y el procedimiento de admisi\u00f3n del alumnado en los centros docentes p\u00fablicos y privados concertados para cursar\u2026","rel":"","context":"En \u00abEl centro\u00bb","block_context":{"text":"El centro","link":"https:\/\/www.ceipmaestrorafaelbravomartin.es\/?cat=10"},"img":{"alt_text":"","src":"","width":0,"height":0},"classes":[]},{"id":2705,"url":"https:\/\/www.ceipmaestrorafaelbravomartin.es\/?p=2705","url_meta":{"origin":1363,"position":4},"title":"Tutorial de matriculaci\u00f3n","author":"CEIP Maestro Rafael Bravo Mart\u00edn","date":"28 mayo, 2020","format":false,"excerpt":"El periodo de matriculaci\u00f3n (del alumnado que ya pertenece al centro escolar) se abrir\u00e1 del 2 al 8 de junio. La matriculaci\u00f3n ha de hacerse online, debido al periodo tan excepcional en el que nos encontramos, para facilitar este proceso os dejamos un tutorial paso a paso de como realizar\u2026","rel":"","context":"En \u00abInformaci\u00f3n\u00bb","block_context":{"text":"Informaci\u00f3n","link":"https:\/\/www.ceipmaestrorafaelbravomartin.es\/?cat=20"},"img":{"alt_text":"","src":"https:\/\/i0.wp.com\/img.youtube.com\/vi\/7D1QzGex7SQ\/0.jpg?resize=350%2C200","width":350,"height":200},"classes":[]},{"id":146,"url":"https:\/\/www.ceipmaestrorafaelbravomartin.es\/?p=146","url_meta":{"origin":1363,"position":5},"title":"Abierto plazo de matriculaci\u00f3n para el curso 2011\/12","author":"CEIP Maestro Rafael Bravo Mart\u00edn","date":"2 marzo, 2011","format":false,"excerpt":"Se informa que durante todo el mes de marzo, hasta el d\u00eda 31 inclusive, \u00a0permanecer\u00e1 abierto el plazo de presentaci\u00f3n de solicitudes de admisi\u00f3n en los centros educativos p\u00fablicos y privados y concertados. Comienza de este modo el proceso de escolarizaci\u00f3n del curso 2011\/12 en el que participan todos los\u2026","rel":"","context":"En \u00abSecretar\u00eda\u00bb","block_context":{"text":"Secretar\u00eda","link":"https:\/\/www.ceipmaestrorafaelbravomartin.es\/?cat=16"},"img":{"alt_text":"","src":"","width":0,"height":0},"classes":[]}],"_links":{"self":[{"href":"https:\/\/www.ceipmaestrorafaelbravomartin.es\/index.php?rest_route=\/wp\/v2\/posts\/1363","targetHints":{"allow":["GET"]}}],"collection":[{"href":"https:\/\/www.ceipmaestrorafaelbravomartin.es\/index.php?rest_route=\/wp\/v2\/posts"}],"about":[{"href":"https:\/\/www.ceipmaestrorafaelbravomartin.es\/index.php?rest_route=\/wp\/v2\/types\/post"}],"author":[{"embeddable":true,"href":"https:\/\/www.ceipmaestrorafaelbravomartin.es\/index.php?rest_route=\/wp\/v2\/users\/6"}],"replies":[{"embeddable":true,"href":"https:\/\/www.ceipmaestrorafaelbravomartin.es\/index.php?rest_route=%2Fwp%2Fv2%2Fcomments&post=1363"}],"version-history":[{"count":3,"href":"https:\/\/www.ceipmaestrorafaelbravomartin.es\/index.php?rest_route=\/wp\/v2\/posts\/1363\/revisions"}],"predecessor-version":[{"id":1366,"href":"https:\/\/www.ceipmaestrorafaelbravomartin.es\/index.php?rest_route=\/wp\/v2\/posts\/1363\/revisions\/1366"}],"wp:attachment":[{"href":"https:\/\/www.ceipmaestrorafaelbravomartin.es\/index.php?rest_route=%2Fwp%2Fv2%2Fmedia&parent=1363"}],"wp:term":[{"taxonomy":"category","embeddable":true,"href":"https:\/\/www.ceipmaestrorafaelbravomartin.es\/index.php?rest_route=%2Fwp%2Fv2%2Fcategories&post=1363"},{"taxonomy":"post_tag","embeddable":true,"href":"https:\/\/www.ceipmaestrorafaelbravomartin.es\/index.php?rest_route=%2Fwp%2Fv2%2Ftags&post=1363"}],"curies":[{"name":"wp","href":"https:\/\/api.w.org\/{rel}","templated":true}]}}