{"id":1368,"date":"2016-02-24T21:17:59","date_gmt":"2016-02-24T20:17:59","guid":{"rendered":"http:\/\/blogasuncion.es\/?p=1368"},"modified":"2016-02-24T21:17:59","modified_gmt":"2016-02-24T20:17:59","slug":"dia-de-andalucia-2016","status":"publish","type":"post","link":"https:\/\/www.ceipmaestrorafaelbravomartin.es\/?p=1368","title":{"rendered":"D\u00eda de Andaluc\u00eda 2016"},"content":{"rendered":"<p style=\"text-align: center;\"><a href=\"http:\/\/blogasuncion.es\/wp-content\/uploads\/2016\/02\/Bandera-de-Andaluc\u00eda.jpg\"><img loading=\"lazy\" decoding=\"async\" data-attachment-id=\"1369\" data-permalink=\"https:\/\/www.ceipmaestrorafaelbravomartin.es\/?attachment_id=1369\" data-orig-file=\"https:\/\/www.ceipmaestrorafaelbravomartin.es\/wp-content\/uploads\/2016\/02\/Bandera-de-Andaluc\u00eda.jpg\" data-orig-size=\"1000,633\" data-comments-opened=\"0\" data-image-meta=\"{&quot;aperture&quot;:&quot;0&quot;,&quot;credit&quot;:&quot;&quot;,&quot;camera&quot;:&quot;&quot;,&quot;caption&quot;:&quot;&quot;,&quot;created_timestamp&quot;:&quot;0&quot;,&quot;copyright&quot;:&quot;&quot;,&quot;focal_length&quot;:&quot;0&quot;,&quot;iso&quot;:&quot;0&quot;,&quot;shutter_speed&quot;:&quot;0&quot;,&quot;title&quot;:&quot;&quot;,&quot;orientation&quot;:&quot;1&quot;}\" data-image-title=\"Bandera-de-Andaluc\u00eda\" data-image-description=\"\" data-image-caption=\"\" data-medium-file=\"https:\/\/www.ceipmaestrorafaelbravomartin.es\/wp-content\/uploads\/2016\/02\/Bandera-de-Andaluc\u00eda-300x190.jpg\" data-large-file=\"https:\/\/www.ceipmaestrorafaelbravomartin.es\/wp-content\/uploads\/2016\/02\/Bandera-de-Andaluc\u00eda.jpg\" class=\"aligncenter size-full wp-image-1369\" src=\"http:\/\/blogasuncion.es\/wp-content\/uploads\/2016\/02\/Bandera-de-Andaluc\u00eda.jpg\" alt=\"Bandera-de-Andaluc\u00eda\" width=\"1000\" height=\"633\" srcset=\"https:\/\/www.ceipmaestrorafaelbravomartin.es\/wp-content\/uploads\/2016\/02\/Bandera-de-Andaluc\u00eda.jpg 1000w, https:\/\/www.ceipmaestrorafaelbravomartin.es\/wp-content\/uploads\/2016\/02\/Bandera-de-Andaluc\u00eda-300x190.jpg 300w, https:\/\/www.ceipmaestrorafaelbravomartin.es\/wp-content\/uploads\/2016\/02\/Bandera-de-Andaluc\u00eda-474x300.jpg 474w\" sizes=\"auto, (max-width: 1000px) 100vw, 1000px\" \/><\/a><\/p>\n<p style=\"text-align: center;\">Con motivo de la celebraci\u00f3n del <strong>D\u00eda de Andaluc\u00eda<\/strong>, este a\u00f1o vamos a realizar el tradicional desayuno andaluz en colaboraci\u00f3n con nuestra<strong> AMPA<\/strong>.<\/p>\n<p style=\"text-align: center;\">Tambi\u00e9n escucharemos y cantaremos el <a href=\"http:\/\/www.juntadeandalucia.es\/html\/especiales\/28f2008\/images\/jda-himno_andalucia_1.mp3\" target=\"_blank\"><strong>Himno de Andaluc\u00eda<\/strong><\/a>, acompa\u00f1ado por el alumnado de 6\u00ba con las flautas y el alumnado de 5\u00ba con cariocas verdiblancas.<\/p>\n<p style=\"text-align: center;\">Los m\u00e1s peque\u00f1os y las m\u00e1s peque\u00f1as portar\u00e1n la<strong><a href=\"http:\/\/www.juntadeandalucia.es\/andalucia\/simbolos\/bandera.html\" target=\"_blank\"> Bandera de Andaluc\u00eda<\/a><\/strong>.<\/p>\n","protected":false},"excerpt":{"rendered":"<p>Con motivo de la celebraci\u00f3n del D\u00eda de Andaluc\u00eda, este a\u00f1o vamos a realizar el tradicional desayuno andaluz en colaboraci\u00f3n con nuestra AMPA. Tambi\u00e9n escucharemos y cantaremos el Himno de Andaluc\u00eda, acompa\u00f1ado por el alumnado de 6\u00ba con las flautas y el alumnado de 5\u00ba con cariocas verdiblancas. Los m\u00e1s [&hellip;]<\/p>\n","protected":false},"author":4,"featured_media":0,"comment_status":"closed","ping_status":"closed","sticky":false,"template":"","format":"standard","meta":{"jetpack_post_was_ever_published":false,"_jetpack_newsletter_access":"","_jetpack_dont_email_post_to_subs":false,"_jetpack_newsletter_tier_id":0,"_jetpack_memberships_contains_paywalled_content":false,"_jetpack_memberships_contains_paid_content":false,"footnotes":""},"categories":[10,2],"tags":[],"class_list":["post-1368","post","type-post","status-publish","format-standard","hentry","category-centro","category-info"],"jetpack_featured_media_url":"","jetpack_sharing_enabled":true,"jetpack_shortlink":"https:\/\/wp.me\/p9VlHp-m4","jetpack-related-posts":[{"id":306,"url":"https:\/\/www.ceipmaestrorafaelbravomartin.es\/?p=306","url_meta":{"origin":1368,"position":0},"title":"D\u00eda de Andaluc\u00eda 2013","author":"CEIP Maestro Rafael Bravo Mart\u00edn","date":"27 febrero, 2013","format":false,"excerpt":"Con motivo del D\u00eda de Andaluc\u00eda hemos realizado diversas actividades en nuestro Centro, tanto en Infantil como en Primaria. En 5\u00baB, se ha elaborado una emisi\u00f3n de noticias intentado recoger dichas actividades. Agradecer desde aqu\u00ed la colaboraci\u00f3n del alumnado y profesorado de las dos etapas.","rel":"","context":"En \u00abEl centro\u00bb","block_context":{"text":"El centro","link":"https:\/\/www.ceipmaestrorafaelbravomartin.es\/?cat=10"},"img":{"alt_text":"","src":"","width":0,"height":0},"classes":[]},{"id":1682,"url":"https:\/\/www.ceipmaestrorafaelbravomartin.es\/?p=1682","url_meta":{"origin":1368,"position":1},"title":"Celebraci\u00f3n del D\u00eda de Andaluc\u00eda.","author":"CEIP Maestro Rafael Bravo Mart\u00edn","date":"1 marzo, 2017","format":false,"excerpt":"El pasado viernes 24 de febrero, conmemoramos en nuestro colegio el D\u00eda de Andaluc\u00eda. Entre otras actividades, cantamos el himno, tuvimos un desayuno andaluz e hicimos unas ventanas con diferentes paisajes de nuestra comunidad aut\u00f3noma (\"una ventana al para\u00edso\"), entre otras muchas actividades. Os dejamos el v\u00eddeo de \"una ventana\u2026","rel":"","context":"En \u00abEl centro\u00bb","block_context":{"text":"El centro","link":"https:\/\/www.ceipmaestrorafaelbravomartin.es\/?cat=10"},"img":{"alt_text":"","src":"https:\/\/i0.wp.com\/img.youtube.com\/vi\/qB3wRcfgC20\/0.jpg?resize=350%2C200","width":350,"height":200},"classes":[]},{"id":283,"url":"https:\/\/www.ceipmaestrorafaelbravomartin.es\/?p=283","url_meta":{"origin":1368,"position":2},"title":"1\u00aa tirada del peri\u00f3dico &#8211;  2012-13","author":"CEIP Maestro Rafael Bravo Mart\u00edn","date":"15 enero, 2013","format":false,"excerpt":"TALLER DE PERI\u00d3DICO Otro a\u00f1o mas nos disponemos a sacar el peri\u00f3dico del colegio Asunci\u00f3n. Por lo tanto animamos a todo el alumnado, profesorado, padres y madres, a participar en esta edici\u00f3n de \u201c Ventana Escolar\u201d. Os recordamos la direcci\u00f3n de correo electr\u00f3nico: periodicoasuncion@gmail.com -Se admitir\u00e1n trabajos tanto a mano\u2026","rel":"","context":"En \u00abInformaci\u00f3n\u00bb","block_context":{"text":"Informaci\u00f3n","link":"https:\/\/www.ceipmaestrorafaelbravomartin.es\/?cat=17"},"img":{"alt_text":"","src":"","width":0,"height":0},"classes":[]},{"id":1816,"url":"https:\/\/www.ceipmaestrorafaelbravomartin.es\/?p=1816","url_meta":{"origin":1368,"position":3},"title":"SEXTO A : CARNAVAL 2018","author":"CEIP Maestro Rafael Bravo Mart\u00edn","date":"16 febrero, 2018","format":false,"excerpt":"Al estar tan cercano el D\u00eda de Andaluc\u00eda, el alumnado de Sexto A\u00a0 ha preparado unos antifaces que hagan alusi\u00f3n al mismo. Hemos contado con la colaboraci\u00f3n de las familias para hacerlos y tambi\u00e9n en las camisetas con los nombres de las provincias de nuestra Comunidad Aut\u00f3noma. Y por \u00faltimo\u2026","rel":"","context":"En \u00abEventos\u00bb","block_context":{"text":"Eventos","link":"https:\/\/www.ceipmaestrorafaelbravomartin.es\/?cat=103"},"img":{"alt_text":"","src":"","width":0,"height":0},"classes":[]},{"id":142,"url":"https:\/\/www.ceipmaestrorafaelbravomartin.es\/?p=142","url_meta":{"origin":1368,"position":4},"title":"Recursos para el d\u00eda de Andaluc\u00eda","author":"CEIP Maestro Rafael Bravo Mart\u00edn","date":"19 febrero, 2011","format":false,"excerpt":"Con motivo del D\u00eda de Andaluc\u00eda que pr\u00f3ximamente se celebrar\u00e1 en nuestro Centro he realizado una selecci\u00f3n de recursos para que puedan ser utilizados por los\/las maestros\/as en clase o por el alumnado en sus casas. Espero sean de utilidad.Haz clic en la imagen para acceder a ellos: \u00a0","rel":"","context":"En \u00abRecursos TIC\u00bb","block_context":{"text":"Recursos TIC","link":"https:\/\/www.ceipmaestrorafaelbravomartin.es\/?cat=44"},"img":{"alt_text":"","src":"https:\/\/i0.wp.com\/blogasuncion.es\/wp-content\/uploads\/2011\/02\/andalucia.jpg?resize=350%2C200","width":350,"height":200},"classes":[]},{"id":44,"url":"https:\/\/www.ceipmaestrorafaelbravomartin.es\/?p=44","url_meta":{"origin":1368,"position":5},"title":"La Consejer\u00eda de Educaci\u00f3n y Vodafone ofertan acceso a Internet","author":"CEIP Maestro Rafael Bravo Mart\u00edn","date":"20 octubre, 2010","format":false,"excerpt":"Recojo una notica publicada en la web ANDATIC (Asociacion de profesionales de la Educaci\u00f3n con las TIC), de la cual soy colaborador.","rel":"","context":"En \u00abNoticias TIC\u00bb","block_context":{"text":"Noticias TIC","link":"https:\/\/www.ceipmaestrorafaelbravomartin.es\/?cat=19"},"img":{"alt_text":"","src":"","width":0,"height":0},"classes":[]}],"_links":{"self":[{"href":"https:\/\/www.ceipmaestrorafaelbravomartin.es\/index.php?rest_route=\/wp\/v2\/posts\/1368","targetHints":{"allow":["GET"]}}],"collection":[{"href":"https:\/\/www.ceipmaestrorafaelbravomartin.es\/index.php?rest_route=\/wp\/v2\/posts"}],"about":[{"href":"https:\/\/www.ceipmaestrorafaelbravomartin.es\/index.php?rest_route=\/wp\/v2\/types\/post"}],"author":[{"embeddable":true,"href":"https:\/\/www.ceipmaestrorafaelbravomartin.es\/index.php?rest_route=\/wp\/v2\/users\/4"}],"replies":[{"embeddable":true,"href":"https:\/\/www.ceipmaestrorafaelbravomartin.es\/index.php?rest_route=%2Fwp%2Fv2%2Fcomments&post=1368"}],"version-history":[{"count":2,"href":"https:\/\/www.ceipmaestrorafaelbravomartin.es\/index.php?rest_route=\/wp\/v2\/posts\/1368\/revisions"}],"predecessor-version":[{"id":1371,"href":"https:\/\/www.ceipmaestrorafaelbravomartin.es\/index.php?rest_route=\/wp\/v2\/posts\/1368\/revisions\/1371"}],"wp:attachment":[{"href":"https:\/\/www.ceipmaestrorafaelbravomartin.es\/index.php?rest_route=%2Fwp%2Fv2%2Fmedia&parent=1368"}],"wp:term":[{"taxonomy":"category","embeddable":true,"href":"https:\/\/www.ceipmaestrorafaelbravomartin.es\/index.php?rest_route=%2Fwp%2Fv2%2Fcategories&post=1368"},{"taxonomy":"post_tag","embeddable":true,"href":"https:\/\/www.ceipmaestrorafaelbravomartin.es\/index.php?rest_route=%2Fwp%2Fv2%2Ftags&post=1368"}],"curies":[{"name":"wp","href":"https:\/\/api.w.org\/{rel}","templated":true}]}}