{"id":1373,"date":"2016-03-01T00:23:24","date_gmt":"2016-02-29T23:23:24","guid":{"rendered":"http:\/\/blogasuncion.es\/?p=1373"},"modified":"2016-03-01T00:23:24","modified_gmt":"2016-02-29T23:23:24","slug":"proceso-de-escolarizacion","status":"publish","type":"post","link":"https:\/\/www.ceipmaestrorafaelbravomartin.es\/?p=1373","title":{"rendered":"Proceso de escolarizaci\u00f3n."},"content":{"rendered":"<p>Hoy comienza el proceso de escolarizaci\u00f3n y desde el centro queremos mantenernos informados del proceso, por ello queremos compartir con ustedes el siguiente enlace que seguro os resultara de inter\u00e9s:<\/p>\n<p><a href=\"http:\/\/www.juntadeandalucia.es\/educacion\/portals\/web\/ced\/prensa\/-\/noticia\/detalle\/las-familias-podran-seguir-el-proceso-de-escolarizacion-en-andalucia-a-traves-del-movil-con-la\">http:\/\/www.juntadeandalucia.es\/educacion\/portals\/web\/ced\/prensa\/-\/noticia\/detalle\/las-familias-podran-seguir-el-proceso-de-escolarizacion-en-andalucia-a-traves-del-movil-con-la<\/a><\/p>\n<p>Un saludo.<\/p>\n","protected":false},"excerpt":{"rendered":"<p>Hoy comienza el proceso de escolarizaci\u00f3n y desde el centro queremos mantenernos informados del proceso, por ello queremos compartir con ustedes el siguiente enlace que seguro os resultara de inter\u00e9s: http:\/\/www.juntadeandalucia.es\/educacion\/portals\/web\/ced\/prensa\/-\/noticia\/detalle\/las-familias-podran-seguir-el-proceso-de-escolarizacion-en-andalucia-a-traves-del-movil-con-la Un saludo.<\/p>\n","protected":false},"author":6,"featured_media":0,"comment_status":"closed","ping_status":"closed","sticky":false,"template":"","format":"standard","meta":{"jetpack_post_was_ever_published":false,"_jetpack_newsletter_access":"","_jetpack_dont_email_post_to_subs":false,"_jetpack_newsletter_tier_id":0,"_jetpack_memberships_contains_paywalled_content":false,"_jetpack_memberships_contains_paid_content":false,"footnotes":""},"categories":[10,2],"tags":[],"class_list":["post-1373","post","type-post","status-publish","format-standard","hentry","category-centro","category-info"],"jetpack_featured_media_url":"","jetpack_sharing_enabled":true,"jetpack_shortlink":"https:\/\/wp.me\/p9VlHp-m9","jetpack-related-posts":[{"id":322,"url":"https:\/\/www.ceipmaestrorafaelbravomartin.es\/?p=322","url_meta":{"origin":1373,"position":0},"title":"ESCOLARIZACI\u00d3N CURSO 2013\/14","author":"CEIP Maestro Rafael Bravo Mart\u00edn","date":"17 junio, 2013","format":false,"excerpt":"Ante la Delegaci\u00f3n Territorial de Educaci\u00f3n, Cultura y Deporte se han formulado recurso\/s de alzada\/reclamaci\u00f3n\/es contra el proceso de admisi\u00f3n de alumnos y alumnas llevado a cabo en nuestro Centro para el curso escolar 2013\/14 en el nivel 1\u00ba del Segundo ciclo de Educaci\u00f3n Infantil. En consecuencia, dicho proceso de\u2026","rel":"","context":"En \u00abEl centro\u00bb","block_context":{"text":"El centro","link":"https:\/\/www.ceipmaestrorafaelbravomartin.es\/?cat=10"},"img":{"alt_text":"","src":"https:\/\/i0.wp.com\/2.bp.blogspot.com\/-3q3Twrxy2-Q\/Ub69xK9OVMI\/AAAAAAAADPk\/st6vnAHjRdM\/s400\/Paralizaci%C3%B3n.jpg?resize=350%2C200","width":350,"height":200},"classes":[]},{"id":3410,"url":"https:\/\/www.ceipmaestrorafaelbravomartin.es\/?p=3410","url_meta":{"origin":1373,"position":1},"title":"Jornada de puertas abiertas","author":"CEIP Maestro Rafael Bravo Mart\u00edn","date":"20 febrero, 2024","format":false,"excerpt":"El pr\u00f3ximo martes 5 de marzo a las 17:30, tendremos la jornada de puertas abiertas en nuestro colegio. Ser\u00e1n recibidos por miembros del equipo directivo, AMPA y maestros\/as que les acompa\u00f1aremos en una visita guiada, al igual que les aclararemos todas las dudas que pudieran surgir. Ya tienen toda la\u2026","rel":"","context":"En \u00abEscolarizaci\u00f3n\u00bb","block_context":{"text":"Escolarizaci\u00f3n","link":"https:\/\/www.ceipmaestrorafaelbravomartin.es\/?cat=146"},"img":{"alt_text":"","src":"https:\/\/i0.wp.com\/www.ceipmaestrorafaelbravomartin.es\/wp-content\/uploads\/2024\/02\/CARTEL-COLE.jpg?resize=350%2C200&ssl=1","width":350,"height":200,"srcset":"https:\/\/i0.wp.com\/www.ceipmaestrorafaelbravomartin.es\/wp-content\/uploads\/2024\/02\/CARTEL-COLE.jpg?resize=350%2C200&ssl=1 1x, https:\/\/i0.wp.com\/www.ceipmaestrorafaelbravomartin.es\/wp-content\/uploads\/2024\/02\/CARTEL-COLE.jpg?resize=525%2C300&ssl=1 1.5x, https:\/\/i0.wp.com\/www.ceipmaestrorafaelbravomartin.es\/wp-content\/uploads\/2024\/02\/CARTEL-COLE.jpg?resize=700%2C400&ssl=1 2x, https:\/\/i0.wp.com\/www.ceipmaestrorafaelbravomartin.es\/wp-content\/uploads\/2024\/02\/CARTEL-COLE.jpg?resize=1050%2C600&ssl=1 3x, https:\/\/i0.wp.com\/www.ceipmaestrorafaelbravomartin.es\/wp-content\/uploads\/2024\/02\/CARTEL-COLE.jpg?resize=1400%2C800&ssl=1 4x"},"classes":[]},{"id":2685,"url":"https:\/\/www.ceipmaestrorafaelbravomartin.es\/?p=2685","url_meta":{"origin":1373,"position":2},"title":"Admisi\u00f3n nuevo alumnado","author":"CEIP Maestro Rafael Bravo Mart\u00edn","date":"21 mayo, 2020","format":false,"excerpt":"A continuaci\u00f3n os enlazamos el calendario a tener en cuenta para el proceso de admisi\u00f3n en los centros docentes de Andaluc\u00eda. https:\/\/portals.ced.junta-andalucia.es\/educacion\/portals\/web\/escolarizacion\/infantil-a-bachillerato\/calendario Una vez admitidos, y como aparece el calendario , del 25 al 30 de junio deber\u00e1 formalizar la matr\u00edcula y los interesados podr\u00e1n solicitar aula matinal y comedor\u2026","rel":"","context":"En \u00abSecretar\u00eda\u00bb","block_context":{"text":"Secretar\u00eda","link":"https:\/\/www.ceipmaestrorafaelbravomartin.es\/?cat=16"},"img":{"alt_text":"","src":"","width":0,"height":0},"classes":[]},{"id":1363,"url":"https:\/\/www.ceipmaestrorafaelbravomartin.es\/?p=1363","url_meta":{"origin":1373,"position":3},"title":"Proceso de escolarizaci\u00f3n curso 2016\/2017","author":"CEIP Maestro Rafael Bravo Mart\u00edn","date":"19 febrero, 2016","format":false,"excerpt":"Del 1 al 31 de marzo, ambos inclusive, se abre plazo para la presentaci\u00f3n de solicitud de matriculaci\u00f3n para el pr\u00f3ximo curso tanto del alumnado de nuevo ingreso como del que cambie de centro. En el tabl\u00f3n de anuncios, se publicar\u00e1 toda la informaci\u00f3n al respecto: normativa, zona de influencia,\u2026","rel":"","context":"En \u00abDirecci\u00f3n\u00bb","block_context":{"text":"Direcci\u00f3n","link":"https:\/\/www.ceipmaestrorafaelbravomartin.es\/?cat=46"},"img":{"alt_text":"","src":"","width":0,"height":0},"classes":[]},{"id":146,"url":"https:\/\/www.ceipmaestrorafaelbravomartin.es\/?p=146","url_meta":{"origin":1373,"position":4},"title":"Abierto plazo de matriculaci\u00f3n para el curso 2011\/12","author":"CEIP Maestro Rafael Bravo Mart\u00edn","date":"2 marzo, 2011","format":false,"excerpt":"Se informa que durante todo el mes de marzo, hasta el d\u00eda 31 inclusive, \u00a0permanecer\u00e1 abierto el plazo de presentaci\u00f3n de solicitudes de admisi\u00f3n en los centros educativos p\u00fablicos y privados y concertados. Comienza de este modo el proceso de escolarizaci\u00f3n del curso 2011\/12 en el que participan todos los\u2026","rel":"","context":"En \u00abSecretar\u00eda\u00bb","block_context":{"text":"Secretar\u00eda","link":"https:\/\/www.ceipmaestrorafaelbravomartin.es\/?cat=16"},"img":{"alt_text":"","src":"","width":0,"height":0},"classes":[]},{"id":303,"url":"https:\/\/www.ceipmaestrorafaelbravomartin.es\/?p=303","url_meta":{"origin":1373,"position":5},"title":"Proceso de escolarizaci\u00f3n 2013\/2014","author":"CEIP Maestro Rafael Bravo Mart\u00edn","date":"21 febrero, 2013","format":false,"excerpt":"Normativa que regula los criterios y el procedimiento de admisi\u00f3n del alumnado en los centros docentes p\u00fablicos y privados concertados.\u00a0 DECRETO 40\/2011, de 22 de febrero, por el que se regulan los criterios y el procedimiento de admisi\u00f3n del alumnado en los centros docentes p\u00fablicos y privados concertados para cursar\u2026","rel":"","context":"En \u00abEl centro\u00bb","block_context":{"text":"El centro","link":"https:\/\/www.ceipmaestrorafaelbravomartin.es\/?cat=10"},"img":{"alt_text":"","src":"","width":0,"height":0},"classes":[]}],"_links":{"self":[{"href":"https:\/\/www.ceipmaestrorafaelbravomartin.es\/index.php?rest_route=\/wp\/v2\/posts\/1373","targetHints":{"allow":["GET"]}}],"collection":[{"href":"https:\/\/www.ceipmaestrorafaelbravomartin.es\/index.php?rest_route=\/wp\/v2\/posts"}],"about":[{"href":"https:\/\/www.ceipmaestrorafaelbravomartin.es\/index.php?rest_route=\/wp\/v2\/types\/post"}],"author":[{"embeddable":true,"href":"https:\/\/www.ceipmaestrorafaelbravomartin.es\/index.php?rest_route=\/wp\/v2\/users\/6"}],"replies":[{"embeddable":true,"href":"https:\/\/www.ceipmaestrorafaelbravomartin.es\/index.php?rest_route=%2Fwp%2Fv2%2Fcomments&post=1373"}],"version-history":[{"count":1,"href":"https:\/\/www.ceipmaestrorafaelbravomartin.es\/index.php?rest_route=\/wp\/v2\/posts\/1373\/revisions"}],"predecessor-version":[{"id":1374,"href":"https:\/\/www.ceipmaestrorafaelbravomartin.es\/index.php?rest_route=\/wp\/v2\/posts\/1373\/revisions\/1374"}],"wp:attachment":[{"href":"https:\/\/www.ceipmaestrorafaelbravomartin.es\/index.php?rest_route=%2Fwp%2Fv2%2Fmedia&parent=1373"}],"wp:term":[{"taxonomy":"category","embeddable":true,"href":"https:\/\/www.ceipmaestrorafaelbravomartin.es\/index.php?rest_route=%2Fwp%2Fv2%2Fcategories&post=1373"},{"taxonomy":"post_tag","embeddable":true,"href":"https:\/\/www.ceipmaestrorafaelbravomartin.es\/index.php?rest_route=%2Fwp%2Fv2%2Ftags&post=1373"}],"curies":[{"name":"wp","href":"https:\/\/api.w.org\/{rel}","templated":true}]}}