{"id":1435,"date":"2016-04-12T23:12:59","date_gmt":"2016-04-12T21:12:59","guid":{"rendered":"http:\/\/www.ceipmaestrorafaelbravomartin.es\/?p=1435"},"modified":"2016-04-12T23:13:34","modified_gmt":"2016-04-12T21:13:34","slug":"grabaciones-del-programa-la-banda-de-canal-sur","status":"publish","type":"post","link":"https:\/\/www.ceipmaestrorafaelbravomartin.es\/?p=1435","title":{"rendered":"Grabaci\u00f3n del programa La banda de Canal Sur."},"content":{"rendered":"<p style=\"text-align: justify;\">Hoy hemos tenido en el cole la visita del programa de\u00a0<strong>La Banda\u00a0<\/strong>de Canal Sur, nos han grabado haciendo cosas muy interesantes y divertidas (bailes, recitar poemas, tocar instrumentos, experimentos, etc). Podremos vernos en la tele los pr\u00f3ximos d\u00edas\u00a0<strong>14 y 15 de mayo<\/strong> a partir de las 8:45 de la ma\u00f1ana en Canal Sur. Tambi\u00e9n podremos ver el programa despu\u00e9s de su emisi\u00f3n, tanto en <em>televisi\u00f3n a la carta<\/em> del canal como en <em>youtube<\/em>.<\/p>\n<p style=\"text-align: justify;\">Estamos deseando de ver el resultado. \u00a1Qu\u00e9 nervios!<\/p>\n<p style=\"text-align: justify;\"><a href=\"http:\/\/www.ceipmaestrorafaelbravomartin.es\/wp-content\/uploads\/2016\/04\/collage-la-banda.jpg\" rel=\"attachment wp-att-1436\"><img loading=\"lazy\" decoding=\"async\" data-attachment-id=\"1436\" data-permalink=\"https:\/\/www.ceipmaestrorafaelbravomartin.es\/?attachment_id=1436\" data-orig-file=\"https:\/\/www.ceipmaestrorafaelbravomartin.es\/wp-content\/uploads\/2016\/04\/collage-la-banda.jpg\" data-orig-size=\"1024,768\" data-comments-opened=\"0\" data-image-meta=\"{&quot;aperture&quot;:&quot;0&quot;,&quot;credit&quot;:&quot;&quot;,&quot;camera&quot;:&quot;&quot;,&quot;caption&quot;:&quot;&quot;,&quot;created_timestamp&quot;:&quot;0&quot;,&quot;copyright&quot;:&quot;&quot;,&quot;focal_length&quot;:&quot;0&quot;,&quot;iso&quot;:&quot;0&quot;,&quot;shutter_speed&quot;:&quot;0&quot;,&quot;title&quot;:&quot;&quot;,&quot;orientation&quot;:&quot;0&quot;}\" data-image-title=\"collage la banda\" data-image-description=\"\" data-image-caption=\"\" data-medium-file=\"https:\/\/www.ceipmaestrorafaelbravomartin.es\/wp-content\/uploads\/2016\/04\/collage-la-banda-300x225.jpg\" data-large-file=\"https:\/\/www.ceipmaestrorafaelbravomartin.es\/wp-content\/uploads\/2016\/04\/collage-la-banda-1024x768.jpg\" class=\"alignnone size-medium wp-image-1436\" src=\"http:\/\/www.ceipmaestrorafaelbravomartin.es\/wp-content\/uploads\/2016\/04\/collage-la-banda-300x225.jpg\" alt=\"collage la banda\" width=\"300\" height=\"225\" srcset=\"https:\/\/www.ceipmaestrorafaelbravomartin.es\/wp-content\/uploads\/2016\/04\/collage-la-banda-300x225.jpg 300w, https:\/\/www.ceipmaestrorafaelbravomartin.es\/wp-content\/uploads\/2016\/04\/collage-la-banda-768x576.jpg 768w, https:\/\/www.ceipmaestrorafaelbravomartin.es\/wp-content\/uploads\/2016\/04\/collage-la-banda.jpg 1024w, https:\/\/www.ceipmaestrorafaelbravomartin.es\/wp-content\/uploads\/2016\/04\/collage-la-banda-400x300.jpg 400w\" sizes=\"auto, (max-width: 300px) 100vw, 300px\" \/><\/a><\/p>\n","protected":false},"excerpt":{"rendered":"<p>Hoy hemos tenido en el cole la visita del programa de\u00a0La Banda\u00a0de Canal Sur, nos han grabado haciendo cosas muy interesantes y divertidas (bailes, recitar poemas, tocar instrumentos, experimentos, etc). Podremos vernos en la tele los pr\u00f3ximos d\u00edas\u00a014 y 15 de mayo a partir de las 8:45 de la ma\u00f1ana [&hellip;]<\/p>\n","protected":false},"author":6,"featured_media":0,"comment_status":"closed","ping_status":"closed","sticky":false,"template":"","format":"standard","meta":{"jetpack_post_was_ever_published":false,"_jetpack_newsletter_access":"","_jetpack_dont_email_post_to_subs":false,"_jetpack_newsletter_tier_id":0,"_jetpack_memberships_contains_paywalled_content":false,"_jetpack_memberships_contains_paid_content":false,"footnotes":""},"categories":[10,103,2,3],"tags":[],"class_list":["post-1435","post","type-post","status-publish","format-standard","hentry","category-centro","category-eventos","category-info","category-noticiero"],"jetpack_featured_media_url":"","jetpack_sharing_enabled":true,"jetpack_shortlink":"https:\/\/wp.me\/p9VlHp-n9","jetpack-related-posts":[{"id":1453,"url":"https:\/\/www.ceipmaestrorafaelbravomartin.es\/?p=1453","url_meta":{"origin":1435,"position":0},"title":"Programa de Canal Sur \u00abLa banda\u00bb","author":"CEIP Maestro Rafael Bravo Mart\u00edn","date":"17 mayo, 2016","format":false,"excerpt":"Como ya comentamos, hace unos d\u00edas estuvo el programa de canal sur grabando en nuestro colegio. El fin de semana pasado se emiti\u00f3 por fin el esperado programa, aqu\u00ed pod\u00e9is ver como ha quedado el resultado... \u00a1Fant\u00e1stico! Programa de La Banda de Canal Sur. Muchas gracias a todos y a\u2026","rel":"","context":"En \u00abSin categor\u00eda\u00bb","block_context":{"text":"Sin categor\u00eda","link":"https:\/\/www.ceipmaestrorafaelbravomartin.es\/?cat=1"},"img":{"alt_text":"","src":"","width":0,"height":0},"classes":[]},{"id":37,"url":"https:\/\/www.ceipmaestrorafaelbravomartin.es\/?p=37","url_meta":{"origin":1435,"position":1},"title":"Plan de acompa\u00f1amiento","author":"CEIP Maestro Rafael Bravo Mart\u00edn","date":"18 octubre, 2010","format":false,"excerpt":"DESCRIPCI\u00d3NEl curso 2008-09 empez\u00f3 a funcionar en nuestro Colegio el Plan de Acompa\u00f1amiento, dirigido al alumnado del 3er. Ciclo que presentan dificultades de aprendizaje, escasez de h\u00e1bito de estudio, falta de madurez personal, desorganizaci\u00f3n, falta de habilidades sociales para integrarse en el Centro\u2026Este Plan pretende, por tanto, la mejora de\u2026","rel":"","context":"En \u00abPlanes y programas\u00bb","block_context":{"text":"Planes y programas","link":"https:\/\/www.ceipmaestrorafaelbravomartin.es\/?cat=23"},"img":{"alt_text":"","src":"","width":0,"height":0},"classes":[]},{"id":30,"url":"https:\/\/www.ceipmaestrorafaelbravomartin.es\/?p=30","url_meta":{"origin":1435,"position":2},"title":"Tr\u00e1nsito Infantil-Primaria.","author":"CEIP Maestro Rafael Bravo Mart\u00edn","date":"15 octubre, 2010","format":false,"excerpt":"El Programa de Tr\u00e1nsito (entendido como paso de una etapa a otra) de Infantil a Primaria se incluye dentro del Plan de Acci\u00f3n Tutorial, incluido a su vez en el Plan Anual de Centro (PAC) seg\u00fan la Orden 16\/11\/2007, por la que se regula la organizaci\u00f3n de la orientaci\u00f3n y\u2026","rel":"","context":"En \u00abPlanes y programas\u00bb","block_context":{"text":"Planes y programas","link":"https:\/\/www.ceipmaestrorafaelbravomartin.es\/?cat=23"},"img":{"alt_text":"","src":"","width":0,"height":0},"classes":[]},{"id":244,"url":"https:\/\/www.ceipmaestrorafaelbravomartin.es\/?p=244","url_meta":{"origin":1435,"position":3},"title":"\u00c1lvarez de la Chica entrega los Premios al Reconocimiento del M\u00e9rito en el \u00c1mbito Educ. de Sevilla","author":"CEIP Maestro Rafael Bravo Mart\u00edn","date":"13 abril, 2012","format":false,"excerpt":"Los galardones distinguen a personas y entidades que destacan por su contribuci\u00f3n a la mejora de la calidad de la ense\u00f1anza en la provincia Jueves, 12 de abril de 2012 El consejero de Educaci\u00f3n en funciones, Francisco \u00c1lvarez de la Chica, ha presidido el acto de entrega de los Premios\u2026","rel":"","context":"En \u00abEl centro\u00bb","block_context":{"text":"El centro","link":"https:\/\/www.ceipmaestrorafaelbravomartin.es\/?cat=10"},"img":{"alt_text":"","src":"","width":0,"height":0},"classes":[]},{"id":580,"url":"https:\/\/www.ceipmaestrorafaelbravomartin.es\/?p=580","url_meta":{"origin":1435,"position":4},"title":"Nueva denominaci\u00f3n CEIP Maestro Rafael Bravo Mart\u00edn","author":"CEIP Maestro Rafael Bravo Mart\u00edn","date":"10 octubre, 2013","format":false,"excerpt":"El d\u00eda 29 de enero de 2013, en sesi\u00f3n extraordinaria de Consejo Escolar celebrada tras el fallecimiento de Don Rafael Bravo Mart\u00edn, se aprob\u00f3 por unanimidad solicitar al Excelent\u00edsimo Ayuntamiento de Alcal\u00e1 del R\u00edo que el CEIP Ntra Sra de la Asunci\u00f3n pasara a llamarse CEIP Maestro Rafael Bravo Mart\u00edn\u2026","rel":"","context":"En \u00abHistoria\u00bb","block_context":{"text":"Historia","link":"https:\/\/www.ceipmaestrorafaelbravomartin.es\/?cat=43"},"img":{"alt_text":"","src":"","width":0,"height":0},"classes":[]},{"id":29,"url":"https:\/\/www.ceipmaestrorafaelbravomartin.es\/?p=29","url_meta":{"origin":1435,"position":5},"title":"Escuelas Deportivas","author":"CEIP Maestro Rafael Bravo Mart\u00edn","date":"15 octubre, 2010","format":false,"excerpt":"Escuelas deportivas es un programa totalmente subvencionado por la Consejer\u00eda de Educaci\u00f3n y su objetivo es regular todas las actividades fisico-deportivas que se realicen por las tarde en los centros escolares. Por lo tanto todas las actividades ser\u00e1n totalmente gratuitas.Adem\u00e1s estas actividades se contemplan como un complemento ideal para las\u2026","rel":"","context":"En \u00abPlanes y programas\u00bb","block_context":{"text":"Planes y programas","link":"https:\/\/www.ceipmaestrorafaelbravomartin.es\/?cat=23"},"img":{"alt_text":"Escuelas deportiva","src":"https:\/\/i0.wp.com\/blogasuncion.es\/wp-content\/uploads\/2010\/10\/deporteescuela-281x300.png?resize=350%2C200","width":350,"height":200},"classes":[]}],"_links":{"self":[{"href":"https:\/\/www.ceipmaestrorafaelbravomartin.es\/index.php?rest_route=\/wp\/v2\/posts\/1435","targetHints":{"allow":["GET"]}}],"collection":[{"href":"https:\/\/www.ceipmaestrorafaelbravomartin.es\/index.php?rest_route=\/wp\/v2\/posts"}],"about":[{"href":"https:\/\/www.ceipmaestrorafaelbravomartin.es\/index.php?rest_route=\/wp\/v2\/types\/post"}],"author":[{"embeddable":true,"href":"https:\/\/www.ceipmaestrorafaelbravomartin.es\/index.php?rest_route=\/wp\/v2\/users\/6"}],"replies":[{"embeddable":true,"href":"https:\/\/www.ceipmaestrorafaelbravomartin.es\/index.php?rest_route=%2Fwp%2Fv2%2Fcomments&post=1435"}],"version-history":[{"count":2,"href":"https:\/\/www.ceipmaestrorafaelbravomartin.es\/index.php?rest_route=\/wp\/v2\/posts\/1435\/revisions"}],"predecessor-version":[{"id":1438,"href":"https:\/\/www.ceipmaestrorafaelbravomartin.es\/index.php?rest_route=\/wp\/v2\/posts\/1435\/revisions\/1438"}],"wp:attachment":[{"href":"https:\/\/www.ceipmaestrorafaelbravomartin.es\/index.php?rest_route=%2Fwp%2Fv2%2Fmedia&parent=1435"}],"wp:term":[{"taxonomy":"category","embeddable":true,"href":"https:\/\/www.ceipmaestrorafaelbravomartin.es\/index.php?rest_route=%2Fwp%2Fv2%2Fcategories&post=1435"},{"taxonomy":"post_tag","embeddable":true,"href":"https:\/\/www.ceipmaestrorafaelbravomartin.es\/index.php?rest_route=%2Fwp%2Fv2%2Ftags&post=1435"}],"curies":[{"name":"wp","href":"https:\/\/api.w.org\/{rel}","templated":true}]}}