{"id":1441,"date":"2016-04-26T09:27:49","date_gmt":"2016-04-26T07:27:49","guid":{"rendered":"http:\/\/www.ceipmaestrorafaelbravomartin.es\/?p=1441"},"modified":"2016-04-26T09:27:49","modified_gmt":"2016-04-26T07:27:49","slug":"jornadas-culturales-20152016","status":"publish","type":"post","link":"https:\/\/www.ceipmaestrorafaelbravomartin.es\/?p=1441","title":{"rendered":"Jornadas culturales 2015\/2016"},"content":{"rendered":"<p>La semana pasada y con motivo del d\u00eda internacional del libro, celebramos las jornadas culturales con diferentes actividades. Igualmente celebraremos una convivencia de toda la comunidad escolar (d\u00eda de puertas abiertas) hoy 26 de abril, donde participaremos en un mont\u00f3n de actividades divertid\u00edsimas y pasaremos un buen rato tod@s.<\/p>\n<p>Aqu\u00ed ten\u00e9is un peque\u00f1o v\u00eddeo que recoge las actividades que realizamos la semana pasada.<\/p>\n<p><span class=\"embed-youtube\" style=\"text-align:center; display: block;\"><iframe loading=\"lazy\" class=\"youtube-player\" width=\"750\" height=\"422\" src=\"https:\/\/www.youtube.com\/embed\/2-rOH9WVaN4?version=3&#038;rel=1&#038;showsearch=0&#038;showinfo=1&#038;iv_load_policy=1&#038;fs=1&#038;hl=es-ES&#038;autohide=2&#038;wmode=transparent\" allowfullscreen=\"true\" style=\"border:0;\" sandbox=\"allow-scripts allow-same-origin allow-popups allow-presentation allow-popups-to-escape-sandbox\"><\/iframe><\/span><\/p>\n<p>&nbsp;<\/p>\n<p>&nbsp;<\/p>\n","protected":false},"excerpt":{"rendered":"<p>La semana pasada y con motivo del d\u00eda internacional del libro, celebramos las jornadas culturales con diferentes actividades. Igualmente celebraremos una convivencia de toda la comunidad escolar (d\u00eda de puertas abiertas) hoy 26 de abril, donde participaremos en un mont\u00f3n de actividades divertid\u00edsimas y pasaremos un buen rato tod@s. Aqu\u00ed [&hellip;]<\/p>\n","protected":false},"author":6,"featured_media":0,"comment_status":"closed","ping_status":"closed","sticky":false,"template":"","format":"standard","meta":{"jetpack_post_was_ever_published":false,"_jetpack_newsletter_access":"","_jetpack_dont_email_post_to_subs":false,"_jetpack_newsletter_tier_id":0,"_jetpack_memberships_contains_paywalled_content":false,"_jetpack_memberships_contains_paid_content":false,"footnotes":""},"categories":[4,103,2],"tags":[],"class_list":["post-1441","post","type-post","status-publish","format-standard","hentry","category-s7-biblioteca","category-eventos","category-info"],"jetpack_featured_media_url":"","jetpack_sharing_enabled":true,"jetpack_shortlink":"https:\/\/wp.me\/p9VlHp-nf","jetpack-related-posts":[{"id":1109,"url":"https:\/\/www.ceipmaestrorafaelbravomartin.es\/?p=1109","url_meta":{"origin":1441,"position":0},"title":"Jornadas Culturales 2015","author":"CEIP Maestro Rafael Bravo Mart\u00edn","date":"19 abril, 2015","format":false,"excerpt":"Durante los d\u00edas 15, 16 y 17 de abril se han desarrollado en nuestro centro las Jornadas Culturales del actual curso 2014\/15. En estas jornadas hemos realizado diversas actividades, de las cuales podemos ver muestras de ellas en el siguiente v\u00eddeo. Finalizando estos d\u00edas con el de Puertas Abiertas, donde\u2026","rel":"","context":"En \u00abEl centro\u00bb","block_context":{"text":"El centro","link":"https:\/\/www.ceipmaestrorafaelbravomartin.es\/?cat=10"},"img":{"alt_text":"","src":"","width":0,"height":0},"classes":[]},{"id":704,"url":"https:\/\/www.ceipmaestrorafaelbravomartin.es\/?p=704","url_meta":{"origin":1441,"position":1},"title":"Jornadas Culturales 2014:PLATERO CUMPLE CIEN A\u00d1OS","author":"CEIP Maestro Rafael Bravo Mart\u00edn","date":"26 marzo, 2014","format":false,"excerpt":"No hay otro burrito m\u00e1s longevo que Platero. Este a\u00f1o es el a\u00f1o de Platero. Cumple 100 a\u00f1os. La importancia de Platero la podemos comprobar por la cantidad de ediciones de esta eleg\u00eda, que s\u00f3lo es superada por la Biblia y el Quijote . Nuestro centro le dedica sus Jornadas\u2026","rel":"","context":"En \u00abNoticiero\u00bb","block_context":{"text":"Noticiero","link":"https:\/\/www.ceipmaestrorafaelbravomartin.es\/?cat=3"},"img":{"alt_text":"","src":"","width":0,"height":0},"classes":[]},{"id":1104,"url":"https:\/\/www.ceipmaestrorafaelbravomartin.es\/?p=1104","url_meta":{"origin":1441,"position":2},"title":"Beatriz Bravo","author":"CEIP Maestro Rafael Bravo Mart\u00edn","date":"16 abril, 2015","format":false,"excerpt":"El pasado mi\u00e9rcoles 15 de abril, con motivo de la celebraci\u00f3n de las Jornadas Culturales de este curso 2014\/15, tuvimos el placer de disfrutar en nuestro centro de la aportaci\u00f3n que a dichas jornadas ha hecho\u00a0 BEATRIZ BRAVO ZAMBRANO. Deportista de \u00e9lite e hija de nuestro gran amigo, compa\u00f1ero, maestro\u2026","rel":"","context":"En \u00abEventos\u00bb","block_context":{"text":"Eventos","link":"https:\/\/www.ceipmaestrorafaelbravomartin.es\/?cat=103"},"img":{"alt_text":"","src":"","width":0,"height":0},"classes":[]},{"id":241,"url":"https:\/\/www.ceipmaestrorafaelbravomartin.es\/?p=241","url_meta":{"origin":1441,"position":3},"title":"Semana Cultural 2012","author":"CEIP Maestro Rafael Bravo Mart\u00edn","date":"4 abril, 2012","format":false,"excerpt":"Este a\u00f1o la Semana Cultural de nuestro Centro se ha desarrollado en torno al Bicentenario de La Constituci\u00f3n de 1812 y el vig\u00e9simo aniversario de la Exposici\u00f3n Universal de Sevilla 1992. \u00a0 La Semana Cultural comenz\u00f3 el 16 de marzo con el D\u00eda de Puertas Abiertas y continu\u00f3 del 19\u2026","rel":"","context":"En \u00abCurso 2011\/12\u00bb","block_context":{"text":"Curso 2011\/12","link":"https:\/\/www.ceipmaestrorafaelbravomartin.es\/?cat=45"},"img":{"alt_text":"","src":"","width":0,"height":0},"classes":[]},{"id":316,"url":"https:\/\/www.ceipmaestrorafaelbravomartin.es\/?p=316","url_meta":{"origin":1441,"position":4},"title":"JORNADAS CULTURALES NTRA. SRA. DE LA ASUNCI\u00d3N 2013","author":"CEIP Maestro Rafael Bravo Mart\u00edn","date":"11 abril, 2013","format":false,"excerpt":"El libro centra las actividades de estas Jornadas Culturales 2013. Guadalquivir y Asunci\u00f3n se une a la celebraci\u00f3n de las mismas. 5\u00baB de Ntra. Sra. de la Asunci\u00f3n nos ofrece el v\u00eddeo cuento: STELALUNA de Janell Cannon. Seleccionado por aportar valores de integraci\u00f3n y solidaridad, aceptaci\u00f3n de uno mismo y\u2026","rel":"","context":"En \u00abNoticiero\u00bb","block_context":{"text":"Noticiero","link":"https:\/\/www.ceipmaestrorafaelbravomartin.es\/?cat=3"},"img":{"alt_text":"","src":"","width":0,"height":0},"classes":[]},{"id":148,"url":"https:\/\/www.ceipmaestrorafaelbravomartin.es\/?p=148","url_meta":{"origin":1441,"position":5},"title":"Semana Cultural: Nuestro Centro. Ayer y Hoy","author":"CEIP Maestro Rafael Bravo Mart\u00edn","date":"10 marzo, 2011","format":false,"excerpt":"Lema: Nuestro Centro. Ayer y Hoy. \u00a0 Durante la semana del 21 al 25 de marzo y durante un tiempo, cada curso con su tutor-a realizar\u00e1 una actividad relacionada con le lema de nuestra semana cultural.\u00a0 \u00a0 Actividades: - Limpieza del centro. - Decoraci\u00f3n del centro. - Conocimiento del centro.\u2026","rel":"","context":"En \u00abActividades extraescolares\u00bb","block_context":{"text":"Actividades extraescolares","link":"https:\/\/www.ceipmaestrorafaelbravomartin.es\/?cat=14"},"img":{"alt_text":"","src":"","width":0,"height":0},"classes":[]}],"_links":{"self":[{"href":"https:\/\/www.ceipmaestrorafaelbravomartin.es\/index.php?rest_route=\/wp\/v2\/posts\/1441","targetHints":{"allow":["GET"]}}],"collection":[{"href":"https:\/\/www.ceipmaestrorafaelbravomartin.es\/index.php?rest_route=\/wp\/v2\/posts"}],"about":[{"href":"https:\/\/www.ceipmaestrorafaelbravomartin.es\/index.php?rest_route=\/wp\/v2\/types\/post"}],"author":[{"embeddable":true,"href":"https:\/\/www.ceipmaestrorafaelbravomartin.es\/index.php?rest_route=\/wp\/v2\/users\/6"}],"replies":[{"embeddable":true,"href":"https:\/\/www.ceipmaestrorafaelbravomartin.es\/index.php?rest_route=%2Fwp%2Fv2%2Fcomments&post=1441"}],"version-history":[{"count":1,"href":"https:\/\/www.ceipmaestrorafaelbravomartin.es\/index.php?rest_route=\/wp\/v2\/posts\/1441\/revisions"}],"predecessor-version":[{"id":1442,"href":"https:\/\/www.ceipmaestrorafaelbravomartin.es\/index.php?rest_route=\/wp\/v2\/posts\/1441\/revisions\/1442"}],"wp:attachment":[{"href":"https:\/\/www.ceipmaestrorafaelbravomartin.es\/index.php?rest_route=%2Fwp%2Fv2%2Fmedia&parent=1441"}],"wp:term":[{"taxonomy":"category","embeddable":true,"href":"https:\/\/www.ceipmaestrorafaelbravomartin.es\/index.php?rest_route=%2Fwp%2Fv2%2Fcategories&post=1441"},{"taxonomy":"post_tag","embeddable":true,"href":"https:\/\/www.ceipmaestrorafaelbravomartin.es\/index.php?rest_route=%2Fwp%2Fv2%2Ftags&post=1441"}],"curies":[{"name":"wp","href":"https:\/\/api.w.org\/{rel}","templated":true}]}}