{"id":1445,"date":"2016-05-09T09:16:37","date_gmt":"2016-05-09T07:16:37","guid":{"rendered":"http:\/\/www.ceipmaestrorafaelbravomartin.es\/?p=1445"},"modified":"2017-06-23T12:29:16","modified_gmt":"2017-06-23T10:29:16","slug":"the-colours-of-the-rainbow","status":"publish","type":"post","link":"https:\/\/www.ceipmaestrorafaelbravomartin.es\/?p=1445","title":{"rendered":"The Colours of the Rainbow"},"content":{"rendered":"<p style=\"text-align: left;\">\u00a0\u00a0 La representaci\u00f3n de una obra teatral ofrece grandes posibilidades para el aprendizaje de una lengua extranjera, que es trabajada en su globalidad, que incide en una multiplicidad de estructuras y de vocabulario de manera integrada y completamente contextualizada; ampliando de forma sustancial la competencia de los estudiantes.<\/p>\n<p style=\"text-align: left;\">\u00a0\u00a0 Adem\u00e1s potencia la implicaci\u00f3n del alumnado no solo a nivel intelectual, sino emocional, imaginativo y creativo ayudando a combatir las inhibiciones, el desinter\u00e9s y la baja participaci\u00f3n que a veces se da en el aula porque sobre todo para ellos\/as es una actividad l\u00fadica: les gusta y se lo pasan bien.<\/p>\n<p style=\"text-align: left;\">\u00a0<strong>\u00a0 \u00abEl teatro es la pose\u00eda que se levanta del libro y se hace humana.\u00bb<\/strong><\/p>\n<p style=\"text-align: right;\"><strong>Federico Garc\u00eda Lorca<\/strong><\/p>\n<p><iframe loading=\"lazy\" src=\"https:\/\/www.youtube.com\/embed\/lGmtNV6-O2c?rel=0\" width=\"560\" height=\"315\" frameborder=\"0\" allowfullscreen=\"allowfullscreen\"><\/iframe><\/p>\n","protected":false},"excerpt":{"rendered":"<p>\u00a0\u00a0 La representaci\u00f3n de una obra teatral ofrece grandes posibilidades para el aprendizaje de una lengua extranjera, que es trabajada en su globalidad, que incide en una multiplicidad de estructuras y de vocabulario de manera integrada y completamente contextualizada; ampliando de forma sustancial la competencia de los estudiantes. \u00a0\u00a0 Adem\u00e1s [&hellip;]<\/p>\n","protected":false},"author":4,"featured_media":0,"comment_status":"closed","ping_status":"closed","sticky":false,"template":"","format":"standard","meta":{"jetpack_post_was_ever_published":false,"_jetpack_newsletter_access":"","_jetpack_dont_email_post_to_subs":false,"_jetpack_newsletter_tier_id":0,"_jetpack_memberships_contains_paywalled_content":false,"_jetpack_memberships_contains_paid_content":false,"footnotes":""},"categories":[23,25],"tags":[],"class_list":["post-1445","post","type-post","status-publish","format-standard","hentry","category-planes-y-programas","category-ciclo3"],"jetpack_featured_media_url":"","jetpack_sharing_enabled":true,"jetpack_shortlink":"https:\/\/wp.me\/p9VlHp-nj","jetpack-related-posts":[{"id":198,"url":"https:\/\/www.ceipmaestrorafaelbravomartin.es\/?p=198","url_meta":{"origin":1445,"position":0},"title":"Informaci\u00f3n Plan biling\u00fce curso 2011\/12","author":"CEIP Maestro Rafael Bravo Mart\u00edn","date":"4 noviembre, 2011","format":false,"excerpt":"PRESENTACI\u00d3N Atendiendo a las caracter\u00edsticas de nuestro Centro, de los recursos con los que contamos tanto personales como materiales, as\u00ed como de las caracter\u00edsticas propias de nuestro alumnado; procedemos a dar respuesta a la formaci\u00f3n que se requiere para la inclusi\u00f3n de los ni\u00f1os y las ni\u00f1as de nuestro colegio\u2026","rel":"","context":"En \u00abPlanes y programas\u00bb","block_context":{"text":"Planes y programas","link":"https:\/\/www.ceipmaestrorafaelbravomartin.es\/?cat=23"},"img":{"alt_text":"","src":"","width":0,"height":0},"classes":[]},{"id":202,"url":"https:\/\/www.ceipmaestrorafaelbravomartin.es\/?p=202","url_meta":{"origin":1445,"position":1},"title":"Nota informativa padres\/madres del Centro.","author":"CEIP Maestro Rafael Bravo Mart\u00edn","date":"10 noviembre, 2011","format":false,"excerpt":"\u00a0Estimados padres\/madres del CEIP Ntra. Sra. Asunci\u00f3n: \u00a0 Como est\u00e1is viendo la obra de arreglo del muro de la calle Luis Jaramillo est\u00e1 en marcha.. Lo previsto en el proyecto al finalizar la obra es hacer una puerta lateral al final de dicha calle. El solar que se encuentra enfrente\u2026","rel":"","context":"En \u00abConsejo escolar\u00bb","block_context":{"text":"Consejo escolar","link":"https:\/\/www.ceipmaestrorafaelbravomartin.es\/?cat=12"},"img":{"alt_text":"","src":"","width":0,"height":0},"classes":[]},{"id":162,"url":"https:\/\/www.ceipmaestrorafaelbravomartin.es\/?p=162","url_meta":{"origin":1445,"position":2},"title":"LA BICICLETA , UN MARAVILLOSO Y SALUDABLE MEDIO DE TRANSPORTE.","author":"CEIP Maestro Rafael Bravo Mart\u00edn","date":"17 junio, 2011","format":false,"excerpt":"Durante esto a\u00f1os,\u00a0 han sido muchos los ni\u00f1os\/as que han sacado su carnet de conducir bicicletas. El maestro Pepe Palma, junto con la maestra Puri llevan muchos a\u00f1os dedicando un d\u00eda a esta actividad tan maravillosa con los m\u00e1s peque\u00f1os\/as ( al finalizar su segundo curso de Educaci\u00f3n Primaria). \u00a0\u2026","rel":"","context":"En \u00abEd. F\u00edsica\u00bb","block_context":{"text":"Ed. F\u00edsica","link":"https:\/\/www.ceipmaestrorafaelbravomartin.es\/?cat=28"},"img":{"alt_text":"","src":"","width":0,"height":0},"classes":[]},{"id":138,"url":"https:\/\/www.ceipmaestrorafaelbravomartin.es\/?p=138","url_meta":{"origin":1445,"position":3},"title":"Nombre de nuestro Centro, por qu\u00e9 y desde cu\u00e1ndo.","author":"CEIP Maestro Rafael Bravo Mart\u00edn","date":"28 enero, 2011","format":false,"excerpt":"\u00a0\u00a0\u00a0 Para cualquier alcalare\u00f1o\/a no es extra\u00f1o el nombre de nuestro Centro, pues as\u00ed se llama la Patrona de Alcal\u00e1 del R\u00edo, no obstante la respuesta a las dos cuestiones planteadas las podemos encontrar en un Acta de Pleno del Ayuntamieno que resumida dice:\u00a0\u00a0 Sesi\u00f3n de Pleno del Ayuntamiento celebrada\u2026","rel":"","context":"En \u00abHistoria\u00bb","block_context":{"text":"Historia","link":"https:\/\/www.ceipmaestrorafaelbravomartin.es\/?cat=43"},"img":{"alt_text":"","src":"","width":0,"height":0},"classes":[]},{"id":2054,"url":"https:\/\/www.ceipmaestrorafaelbravomartin.es\/?p=2054","url_meta":{"origin":1445,"position":4},"title":"H\u00c1BITOS DE VIDA SALUDABLE","author":"CEIP Maestro Rafael Bravo Mart\u00edn","date":"11 febrero, 2020","format":false,"excerpt":"En el marco del \u201cPlan Escolar de Consumo de Frutas y Hortalizas\", recurso para promover Estilos de Vida Saludable del que nuestro centro es beneficiario, nos comunican que hemos resultado seleccionados para recibir el\u00a0\"Kit de\u00a0Materiales para Huertos Escolares\u201d El\u00a0material del que consta el Kit se\u00a0repartir\u00e1\u00a0a los centros educativos beneficiarios\u00a0dividido\u00a0en dos\u2026","rel":"","context":"En \u00abEl centro\u00bb","block_context":{"text":"El centro","link":"https:\/\/www.ceipmaestrorafaelbravomartin.es\/?cat=10"},"img":{"alt_text":"","src":"https:\/\/i0.wp.com\/www.ceipmaestrorafaelbravomartin.es\/wp-content\/uploads\/2020\/02\/unnamed.jpg?resize=350%2C200","width":350,"height":200,"srcset":"https:\/\/i0.wp.com\/www.ceipmaestrorafaelbravomartin.es\/wp-content\/uploads\/2020\/02\/unnamed.jpg?resize=350%2C200 1x, https:\/\/i0.wp.com\/www.ceipmaestrorafaelbravomartin.es\/wp-content\/uploads\/2020\/02\/unnamed.jpg?resize=525%2C300 1.5x"},"classes":[]},{"id":36,"url":"https:\/\/www.ceipmaestrorafaelbravomartin.es\/?p=36","url_meta":{"origin":1445,"position":5},"title":"Plan biling\u00fce","author":"CEIP Maestro Rafael Bravo Mart\u00edn","date":"18 octubre, 2010","format":false,"excerpt":"\u00bfPOR QU\u00c9 SOMOS CENTRO BILING\u00dcE?La sociedad actual demanda la formaci\u00f3n pluriling\u00fce y multicultural, es decir, dominio de varios idiomas y conocimiento de distintas culturas. Esto no s\u00f3lo enriquece a nivel personal sino que favorece la\u00a0 inserci\u00f3n en la vida laboral y facilita la convivencia de distintas culturas en un mismo\u2026","rel":"","context":"En \u00abPlanes y programas\u00bb","block_context":{"text":"Planes y programas","link":"https:\/\/www.ceipmaestrorafaelbravomartin.es\/?cat=23"},"img":{"alt_text":"","src":"","width":0,"height":0},"classes":[]}],"_links":{"self":[{"href":"https:\/\/www.ceipmaestrorafaelbravomartin.es\/index.php?rest_route=\/wp\/v2\/posts\/1445","targetHints":{"allow":["GET"]}}],"collection":[{"href":"https:\/\/www.ceipmaestrorafaelbravomartin.es\/index.php?rest_route=\/wp\/v2\/posts"}],"about":[{"href":"https:\/\/www.ceipmaestrorafaelbravomartin.es\/index.php?rest_route=\/wp\/v2\/types\/post"}],"author":[{"embeddable":true,"href":"https:\/\/www.ceipmaestrorafaelbravomartin.es\/index.php?rest_route=\/wp\/v2\/users\/4"}],"replies":[{"embeddable":true,"href":"https:\/\/www.ceipmaestrorafaelbravomartin.es\/index.php?rest_route=%2Fwp%2Fv2%2Fcomments&post=1445"}],"version-history":[{"count":3,"href":"https:\/\/www.ceipmaestrorafaelbravomartin.es\/index.php?rest_route=\/wp\/v2\/posts\/1445\/revisions"}],"predecessor-version":[{"id":1448,"href":"https:\/\/www.ceipmaestrorafaelbravomartin.es\/index.php?rest_route=\/wp\/v2\/posts\/1445\/revisions\/1448"}],"wp:attachment":[{"href":"https:\/\/www.ceipmaestrorafaelbravomartin.es\/index.php?rest_route=%2Fwp%2Fv2%2Fmedia&parent=1445"}],"wp:term":[{"taxonomy":"category","embeddable":true,"href":"https:\/\/www.ceipmaestrorafaelbravomartin.es\/index.php?rest_route=%2Fwp%2Fv2%2Fcategories&post=1445"},{"taxonomy":"post_tag","embeddable":true,"href":"https:\/\/www.ceipmaestrorafaelbravomartin.es\/index.php?rest_route=%2Fwp%2Fv2%2Ftags&post=1445"}],"curies":[{"name":"wp","href":"https:\/\/api.w.org\/{rel}","templated":true}]}}