{"id":1463,"date":"2016-05-25T14:07:41","date_gmt":"2016-05-25T12:07:41","guid":{"rendered":"http:\/\/www.ceipmaestrorafaelbravomartin.es\/?p=1463"},"modified":"2016-05-26T09:22:46","modified_gmt":"2016-05-26T07:22:46","slug":"matriculacion-curso-2016-2017","status":"publish","type":"post","link":"https:\/\/www.ceipmaestrorafaelbravomartin.es\/?p=1463","title":{"rendered":"Matriculaci\u00f3n curso 2016-2017"},"content":{"rendered":"<p><span style=\"text-decoration: underline;\"><strong>CURSO 2016-2017<\/strong><\/span><br \/>\n<span style=\"text-decoration: underline;\"><strong>HOJA DE MATRICULACI\u00d3N\u00a0 <\/strong><\/span><strong>(que ya ha sido repartida al alumnado)<\/strong><br \/>\n<strong>Deber\u00e1 ser entregada al tutor\/a de su hijo\/a antes del Martes, d\u00eda 31 de Mayo.<\/strong><\/p>\n<ul>\n<li><span style=\"text-decoration: underline;\"><strong>AULA MATINAL<\/strong><\/span><br \/>\nEl plazo para solicitar plaza en el Aula Matinal es del <span style=\"text-decoration: underline;\"><strong>1 al 8 de Junio<\/strong><\/span>, ambos inclusive. El horario de secretar\u00eda para la recogida y entrega de solicitudes es de<span style=\"text-decoration: underline;\"><strong> 09:00h a 11:00h.<\/strong><\/span><br \/>\nLa informaci\u00f3n al respecto est\u00e1 expuesta en el tabl\u00f3n de anuncios del Centro.<br \/>\nDeber\u00e1 presentar:<br \/>\n&#8211; Solicitud debidamente cumplimentada.<br \/>\n&#8211; Fotocopia de la primera hoja de la cartilla del banco, un recibo bancario u otro documento en el que se refleje el n\u00famero de cuenta y el C\u00d3DIGO IBAN.<br \/>\nSi uno o los dos progenitores realizan una actividad laboral remunerada, no pudiendo atender a sus hijos\/a en el horario del Aula Matinal deber\u00e1 entregar<span style=\"text-decoration: underline;\"> la Vida laboral o en el caso de ser funcionario\/a la Hoja de Servicios<\/span>, Adem\u00e1s:<br \/>\n&#8211;<span style=\"text-decoration: underline;\">Si el trabajo es por cuenta ajena:<\/span><br \/>\n<strong>. Certificaci\u00f3n<\/strong>, expedida al efecto, por la persona titular de la empresa o responsable de la misma (debidamente identificado: nombre completo, D.N.I., puesto que ocupa, etc.). Ha de estar <strong>emitida en el plazo de presentaci\u00f3n de la solicitud<\/strong> y contener la <strong>fecha<\/strong> desde la que los representantes legales del alumno\/a <strong>iniciaron su relaci\u00f3n laboral<\/strong> con la empresa y, en su caso, la duraci\u00f3n de la misma. Deber\u00e1 especificar el horario de trabajo.<br \/>\n&#8211;<span style=\"text-decoration: underline;\">Si el trabajo es por cuenta propia:<\/span><br \/>\n<strong>. Certificaci\u00f3n del alta del impuesto de Actividades Econ\u00f3micas<\/strong> y una <strong>declaraci\u00f3n responsable<\/strong> de la persona interesada sobre la vigencia de la misma.<br \/>\n. Si no existe obligaci\u00f3n legal de estar dado de alta en el Impuesto de Actividades Econ\u00f3micas, se acreditar\u00e1 mediante la presentaci\u00f3n de alguno de los siguientes documentos:<br \/>\n<strong>-Copia autenticada<\/strong> de la correspondiente Licencia de apertura expedida por el Ayuntamiento.<br \/>\n<strong>-Alta de Seguridad Social<\/strong> y una <strong>declaraci\u00f3n responsable<\/strong> de las personas interesadas sobre la vigencia de la misma.<br \/>\nAtentamente,<br \/>\nEl equipo directivo<\/li>\n<\/ul>\n<p><span style=\"text-decoration: underline;\"><strong>ENLACES A LOS IMPRESOS NECESARIOS PARA LA SOLICITUD DEL AULA MATINAL:<\/strong><\/span><\/p>\n<p><span style=\"text-decoration: underline;\"><strong><a href=\"http:\/\/www.ceipmaestrorafaelbravomartin.es\/wp-content\/uploads\/2016\/05\/Solicitud-Aula-Matinal.pdf\" rel=\"\">Solicitud Aula Matinal<\/a><\/strong><\/span><\/p>\n<p><span style=\"text-decoration: underline;\"><strong><a href=\"http:\/\/www.ceipmaestrorafaelbravomartin.es\/wp-content\/uploads\/2016\/05\/P\u00e1ginas-extra\u00eddas-de-BOJA12-156-00205.pdf\" rel=\"\">Bonificaci\u00f3n por los Servicios de Aula Matinal<\/a><\/strong><\/span><\/p>\n","protected":false},"excerpt":{"rendered":"<p>CURSO 2016-2017 HOJA DE MATRICULACI\u00d3N\u00a0 (que ya ha sido repartida al alumnado) Deber\u00e1 ser entregada al tutor\/a de su hijo\/a antes del Martes, d\u00eda 31 de Mayo. AULA MATINAL El plazo para solicitar plaza en el Aula Matinal es del 1 al 8 de Junio, ambos inclusive. El horario de [&hellip;]<\/p>\n","protected":false},"author":4,"featured_media":0,"comment_status":"closed","ping_status":"closed","sticky":false,"template":"","format":"standard","meta":{"jetpack_post_was_ever_published":false,"_jetpack_newsletter_access":"","_jetpack_dont_email_post_to_subs":false,"_jetpack_newsletter_tier_id":0,"_jetpack_memberships_contains_paywalled_content":false,"_jetpack_memberships_contains_paid_content":false,"footnotes":""},"categories":[10,2],"tags":[],"class_list":["post-1463","post","type-post","status-publish","format-standard","hentry","category-centro","category-info"],"jetpack_featured_media_url":"","jetpack_sharing_enabled":true,"jetpack_shortlink":"https:\/\/wp.me\/p9VlHp-nB","jetpack-related-posts":[{"id":146,"url":"https:\/\/www.ceipmaestrorafaelbravomartin.es\/?p=146","url_meta":{"origin":1463,"position":0},"title":"Abierto plazo de matriculaci\u00f3n para el curso 2011\/12","author":"CEIP Maestro Rafael Bravo Mart\u00edn","date":"2 marzo, 2011","format":false,"excerpt":"Se informa que durante todo el mes de marzo, hasta el d\u00eda 31 inclusive, \u00a0permanecer\u00e1 abierto el plazo de presentaci\u00f3n de solicitudes de admisi\u00f3n en los centros educativos p\u00fablicos y privados y concertados. Comienza de este modo el proceso de escolarizaci\u00f3n del curso 2011\/12 en el que participan todos los\u2026","rel":"","context":"En \u00abSecretar\u00eda\u00bb","block_context":{"text":"Secretar\u00eda","link":"https:\/\/www.ceipmaestrorafaelbravomartin.es\/?cat=16"},"img":{"alt_text":"","src":"","width":0,"height":0},"classes":[]},{"id":11,"url":"https:\/\/www.ceipmaestrorafaelbravomartin.es\/?p=11","url_meta":{"origin":1463,"position":1},"title":"Matriculaci\u00f3n Curso 2012-2013","author":"CEIP Maestro Rafael Bravo Mart\u00edn","date":"13 octubre, 2010","format":false,"excerpt":"Se comunica que est\u00e1 abierto el plazo de matriculaci\u00f3n para el pr\u00f3ximo curso 2012-13. Podr\u00e1n presentar el impreso de solicitud, que les ser\u00e1 facilitado en la Secretar\u00eda del Centro, en horario de 9 a 11 horas. Adem\u00e1s deber\u00e1n aportar fotocopia de la hoja del Libro de Familia donde est\u00e1 inscrito\u2026","rel":"","context":"En \u00abEl centro\u00bb","block_context":{"text":"El centro","link":"https:\/\/www.ceipmaestrorafaelbravomartin.es\/?cat=10"},"img":{"alt_text":"","src":"","width":0,"height":0},"classes":[]},{"id":3446,"url":"https:\/\/www.ceipmaestrorafaelbravomartin.es\/?p=3446","url_meta":{"origin":1463,"position":2},"title":"Matriculaci\u00f3n curso 2025\/2026","author":"CEIP Maestro Rafael Bravo Mart\u00edn","date":"1 junio, 2025","format":false,"excerpt":"Desde el 1 hasta el pr\u00f3ximo 9 de junio, podr\u00e1n matricular a su hijo\/a en nuestro centro para el curso 2025\/2026 pinchando en el siguiente enlace:https:\/\/www.juntadeandalucia.es\/educacion\/secretariavirtual\/accesoTramite\/365\/ Ser\u00e1 necesario el c\u00f3digo iAnde, que se encuentra en el apartado de mensajes de iPasen. Igualmente podr\u00e1n solicitar aula matinal o comedor en el\u2026","rel":"","context":"En \u00abMatriculaci\u00f3n\u00bb","block_context":{"text":"Matriculaci\u00f3n","link":"https:\/\/www.ceipmaestrorafaelbravomartin.es\/?cat=147"},"img":{"alt_text":"","src":"https:\/\/i0.wp.com\/img.youtube.com\/vi\/VCcL3E5x7lk\/0.jpg?resize=350%2C200","width":350,"height":200},"classes":[]},{"id":3270,"url":"https:\/\/www.ceipmaestrorafaelbravomartin.es\/?p=3270","url_meta":{"origin":1463,"position":3},"title":"Matriculaci\u00f3n curso 2023\/2024","author":"CEIP Maestro Rafael Bravo Mart\u00edn","date":"1 junio, 2023","format":false,"excerpt":"Desde hoy hasta el pr\u00f3ximo 8 de junio, podr\u00e1n matricular a su hijo\/a en nuestro centro para el curso 2022\/2023 pinchando en el siguiente enlace:https:\/\/www.juntadeandalucia.es\/educacion\/secretariavirtual\/accesoTramite\/365\/ Ser\u00e1 necesario el c\u00f3digo iAnde, que se encuentra en el apartado de mensajes de iPasen. Igualmente podr\u00e1n solicitar aula matinal o comedor en el mismo\u2026","rel":"","context":"En \u00abInformaci\u00f3n\u00bb","block_context":{"text":"Informaci\u00f3n","link":"https:\/\/www.ceipmaestrorafaelbravomartin.es\/?cat=20"},"img":{"alt_text":"","src":"https:\/\/i0.wp.com\/img.youtube.com\/vi\/VCcL3E5x7lk\/0.jpg?resize=350%2C200","width":350,"height":200},"classes":[]},{"id":2690,"url":"https:\/\/www.ceipmaestrorafaelbravomartin.es\/?p=2690","url_meta":{"origin":1463,"position":4},"title":"Renovaci\u00f3n de matr\u00edcula","author":"CEIP Maestro Rafael Bravo Mart\u00edn","date":"21 mayo, 2020","format":false,"excerpt":"El alumnado de nuestro centro debe renovar la matr\u00edcula para el curso 2020\/2021 del 2 al 8 de junio. Igualmente en ese mismo periodo se podr\u00e1 solicitar los servicios de aula matinal y comedor. Ambas gestiones deber\u00e1n hacerse preferentemente de forma telem\u00e1tica, a trav\u00e9s de la secretaria virtual de la\u2026","rel":"","context":"En \u00abSecretar\u00eda\u00bb","block_context":{"text":"Secretar\u00eda","link":"https:\/\/www.ceipmaestrorafaelbravomartin.es\/?cat=16"},"img":{"alt_text":"","src":"","width":0,"height":0},"classes":[]},{"id":1363,"url":"https:\/\/www.ceipmaestrorafaelbravomartin.es\/?p=1363","url_meta":{"origin":1463,"position":5},"title":"Proceso de escolarizaci\u00f3n curso 2016\/2017","author":"CEIP Maestro Rafael Bravo Mart\u00edn","date":"19 febrero, 2016","format":false,"excerpt":"Del 1 al 31 de marzo, ambos inclusive, se abre plazo para la presentaci\u00f3n de solicitud de matriculaci\u00f3n para el pr\u00f3ximo curso tanto del alumnado de nuevo ingreso como del que cambie de centro. En el tabl\u00f3n de anuncios, se publicar\u00e1 toda la informaci\u00f3n al respecto: normativa, zona de influencia,\u2026","rel":"","context":"En \u00abDirecci\u00f3n\u00bb","block_context":{"text":"Direcci\u00f3n","link":"https:\/\/www.ceipmaestrorafaelbravomartin.es\/?cat=46"},"img":{"alt_text":"","src":"","width":0,"height":0},"classes":[]}],"_links":{"self":[{"href":"https:\/\/www.ceipmaestrorafaelbravomartin.es\/index.php?rest_route=\/wp\/v2\/posts\/1463","targetHints":{"allow":["GET"]}}],"collection":[{"href":"https:\/\/www.ceipmaestrorafaelbravomartin.es\/index.php?rest_route=\/wp\/v2\/posts"}],"about":[{"href":"https:\/\/www.ceipmaestrorafaelbravomartin.es\/index.php?rest_route=\/wp\/v2\/types\/post"}],"author":[{"embeddable":true,"href":"https:\/\/www.ceipmaestrorafaelbravomartin.es\/index.php?rest_route=\/wp\/v2\/users\/4"}],"replies":[{"embeddable":true,"href":"https:\/\/www.ceipmaestrorafaelbravomartin.es\/index.php?rest_route=%2Fwp%2Fv2%2Fcomments&post=1463"}],"version-history":[{"count":7,"href":"https:\/\/www.ceipmaestrorafaelbravomartin.es\/index.php?rest_route=\/wp\/v2\/posts\/1463\/revisions"}],"predecessor-version":[{"id":1471,"href":"https:\/\/www.ceipmaestrorafaelbravomartin.es\/index.php?rest_route=\/wp\/v2\/posts\/1463\/revisions\/1471"}],"wp:attachment":[{"href":"https:\/\/www.ceipmaestrorafaelbravomartin.es\/index.php?rest_route=%2Fwp%2Fv2%2Fmedia&parent=1463"}],"wp:term":[{"taxonomy":"category","embeddable":true,"href":"https:\/\/www.ceipmaestrorafaelbravomartin.es\/index.php?rest_route=%2Fwp%2Fv2%2Fcategories&post=1463"},{"taxonomy":"post_tag","embeddable":true,"href":"https:\/\/www.ceipmaestrorafaelbravomartin.es\/index.php?rest_route=%2Fwp%2Fv2%2Ftags&post=1463"}],"curies":[{"name":"wp","href":"https:\/\/api.w.org\/{rel}","templated":true}]}}