{"id":147,"date":"2011-03-02T19:46:14","date_gmt":"2011-03-02T18:46:14","guid":{"rendered":"http:\/\/blogasuncion.es\/?p=147"},"modified":"2014-10-12T20:03:52","modified_gmt":"2014-10-12T18:03:52","slug":"ventana-escolar","status":"publish","type":"post","link":"https:\/\/www.ceipmaestrorafaelbravomartin.es\/?p=147","title":{"rendered":"Ventana Escolar"},"content":{"rendered":"<\/p>\n<\/div>\n<div>\n<object codebase=\"http:\/\/download.macromedia.com\/pub\/shockwave\/cabs\/flash\/swflash.cab#version=10,0,32,18\" classid=\"clsid:d27cdb6e-ae6d-11cf-96b8-444553540000\" type=\"application\/x-shockwave-flash\" height=\"385\" width=\"543\" style=\"display: block; margin-left: auto; margin-right: auto;\"><param name=\"allowfullscreen\" value=\"true\" \/><param name=\"menu\" value=\"false\" \/><param name=\"src\" value=\"http:\/\/static.issuu.com\/webembed\/viewers\/style1\/v1\/IssuuViewer.swf?mode=embed&amp;layout=http%3A%2F%2Fskin.issuu.com%2Fv%2Fgrass%2Flayout.xml&amp;showFlipBtn=true&amp;documentId=110302185303-aebb10502ef24bbeb28b29fab1cdbce7&amp;docName=periodicoasuncion&amp;username=asunquivir&amp;loadingInfoText=Ventana%20Escolar&amp;et=1299094785763&amp;er=60\" \/><\/object><br \/>\n&nbsp;  &nbsp;  &nbsp;  &nbsp;  &nbsp;  &nbsp;<\/div>\n<div><\/div>\n<div>\n<div style=\"width: 420px; text-align: left;\"><\/div>\n<\/div>\n","protected":false},"excerpt":{"rendered":"<div>\n<p>Publicamos la primera tirada de nuestro peri\u00f3dico (curso 2010\/2011) y tercera digital.<\/p>\n<p>\n","protected":false},"author":4,"featured_media":0,"comment_status":"closed","ping_status":"open","sticky":false,"template":"","format":"standard","meta":{"jetpack_post_was_ever_published":false,"_jetpack_newsletter_access":"","_jetpack_dont_email_post_to_subs":false,"_jetpack_newsletter_tier_id":0,"_jetpack_memberships_contains_paywalled_content":false,"_jetpack_memberships_contains_paid_content":false,"footnotes":""},"categories":[39],"tags":[],"class_list":["post-147","post","type-post","status-publish","format-standard","hentry","category-publicaciones"],"jetpack_featured_media_url":"","jetpack_sharing_enabled":true,"jetpack_shortlink":"https:\/\/wp.me\/p9VlHp-2n","jetpack-related-posts":[{"id":160,"url":"https:\/\/www.ceipmaestrorafaelbravomartin.es\/?p=160","url_meta":{"origin":147,"position":0},"title":"Ventana Escolar 2\u00aa tirada. Curso 2010-2011","author":"CEIP Maestro Rafael Bravo Mart\u00edn","date":"14 junio, 2011","format":false,"excerpt":"\u00a1Ya se acaba este curso! \u00a0 Con mucho esfuerzo y entusiasmo, hemos intentado y conseguido{jcomments on} publicar el segundo ejemplar de \"Ventana Escolar\", y como ya viene siendo costumbre tambi\u00e9n queremos mostrarlo en nuestra web. \u00a0 Desde el Taller de Peri\u00f3dico, queremos agradecer la colaboraci\u00f3n y el trabajo aportado por\u2026","rel":"","context":"En \u00abPublicaciones Ventana Escolar\u00bb","block_context":{"text":"Publicaciones Ventana Escolar","link":"https:\/\/www.ceipmaestrorafaelbravomartin.es\/?cat=39"},"img":{"alt_text":"","src":"","width":0,"height":0},"classes":[]},{"id":1502,"url":"https:\/\/www.ceipmaestrorafaelbravomartin.es\/?p=1502","url_meta":{"origin":147,"position":1},"title":"Ventana Escolar (junio 2016)","author":"CEIP Maestro Rafael Bravo Mart\u00edn","date":"21 junio, 2016","format":false,"excerpt":"Este curso s\u00f3lo hemos hecho una tirada de nuestro peri\u00f3dico. La publicamos ahora para que podamos ver la selecci\u00f3n de los trabajos realizados por nuestro alumnado. Dar las gracias a tod@s l@s participantes, aunque no se hayan publicado todos los art\u00edculos recibidos. \u00a1Feliz verano! \u00a0 Leer m\u00e1s publicaciones en Calam\u00e9o","rel":"","context":"En \u00abPeri\u00f3dico Escolar\u00bb","block_context":{"text":"Peri\u00f3dico Escolar","link":"https:\/\/www.ceipmaestrorafaelbravomartin.es\/?cat=6"},"img":{"alt_text":"","src":"","width":0,"height":0},"classes":[]},{"id":320,"url":"https:\/\/www.ceipmaestrorafaelbravomartin.es\/?p=320","url_meta":{"origin":147,"position":2},"title":"Ventana Escolar (junio de 2013)","author":"CEIP Maestro Rafael Bravo Mart\u00edn","date":"15 junio, 2013","format":false,"excerpt":"Con un poco de premura, y publicando ahora algunos de los art\u00edculos que fueron seleccionados en la primera tirada de este curso, lanzamos la segunda. Solamente se publicar\u00e1 el peri\u00f3dico completo en la versi\u00f3n digital. Se intentar\u00e1, en los d\u00edas que quedan de clase imprimir y repatir una versi\u00f3n reducida\u2026","rel":"","context":"En \u00abPeri\u00f3dico Escolar\u00bb","block_context":{"text":"Peri\u00f3dico Escolar","link":"https:\/\/www.ceipmaestrorafaelbravomartin.es\/?cat=6"},"img":{"alt_text":"","src":"https:\/\/i0.wp.com\/2.bp.blogspot.com\/-q1EcQRBaVWw\/Uby2_GXaCAI\/AAAAAAAADPQ\/9BL7O8gK0I8\/s400\/peri%C3%B3dico.jpg?resize=350%2C200","width":350,"height":200},"classes":[]},{"id":239,"url":"https:\/\/www.ceipmaestrorafaelbravomartin.es\/?p=239","url_meta":{"origin":147,"position":3},"title":"Ventana Escolar: curso 2011\/12","author":"CEIP Maestro Rafael Bravo Mart\u00edn","date":"26 marzo, 2012","format":false,"excerpt":"Publicamos, a pocos d\u00edas de Semana Santa, nuestro peri\u00f3dico escolar del curso 2011\/12. \u00a0 Se ha conseguido gracias a todo el alumnado, que ha realizado los distintos art\u00edculos, y al trabajo del profesorado encargado de la coordinaci\u00f3n del mismo. \u00a0 {jcomments on} Open publication - Free publishing - More escolar","rel":"","context":"En \u00abPublicaciones Ventana Escolar\u00bb","block_context":{"text":"Publicaciones Ventana Escolar","link":"https:\/\/www.ceipmaestrorafaelbravomartin.es\/?cat=39"},"img":{"alt_text":"","src":"","width":0,"height":0},"classes":[]},{"id":308,"url":"https:\/\/www.ceipmaestrorafaelbravomartin.es\/?p=308","url_meta":{"origin":147,"position":4},"title":"Ventana Escolar 2012\/13","author":"CEIP Maestro Rafael Bravo Mart\u00edn","date":"10 marzo, 2013","format":false,"excerpt":"Publicamos, a pocos d\u00edas de Semana Santa (como ya viene siendo habitual), nuestro peri\u00f3dico escolar del curso 2012\/13. Se ha conseguido gracias a todo el alumnado, que ha realizado los distintos art\u00edculos, y al trabajo del profesorado encargado de la coordinaci\u00f3n del mismo.","rel":"","context":"En \u00abPeri\u00f3dico Escolar\u00bb","block_context":{"text":"Peri\u00f3dico Escolar","link":"https:\/\/www.ceipmaestrorafaelbravomartin.es\/?cat=6"},"img":{"alt_text":"","src":"","width":0,"height":0},"classes":[]},{"id":84,"url":"https:\/\/www.ceipmaestrorafaelbravomartin.es\/?p=84","url_meta":{"origin":147,"position":5},"title":"Primera tirada del curso 2009\/10","author":"CEIP Maestro Rafael Bravo Mart\u00edn","date":"15 noviembre, 2010","format":false,"excerpt":"\u00a1Extra! \u00a1Extra! \u00a1Primera tirada de nuestro famoso peri\u00f3dico!","rel":"","context":"En \u00abPublicaciones Ventana Escolar\u00bb","block_context":{"text":"Publicaciones Ventana Escolar","link":"https:\/\/www.ceipmaestrorafaelbravomartin.es\/?cat=39"},"img":{"alt_text":"","src":"","width":0,"height":0},"classes":[]}],"_links":{"self":[{"href":"https:\/\/www.ceipmaestrorafaelbravomartin.es\/index.php?rest_route=\/wp\/v2\/posts\/147","targetHints":{"allow":["GET"]}}],"collection":[{"href":"https:\/\/www.ceipmaestrorafaelbravomartin.es\/index.php?rest_route=\/wp\/v2\/posts"}],"about":[{"href":"https:\/\/www.ceipmaestrorafaelbravomartin.es\/index.php?rest_route=\/wp\/v2\/types\/post"}],"author":[{"embeddable":true,"href":"https:\/\/www.ceipmaestrorafaelbravomartin.es\/index.php?rest_route=\/wp\/v2\/users\/4"}],"replies":[{"embeddable":true,"href":"https:\/\/www.ceipmaestrorafaelbravomartin.es\/index.php?rest_route=%2Fwp%2Fv2%2Fcomments&post=147"}],"version-history":[{"count":1,"href":"https:\/\/www.ceipmaestrorafaelbravomartin.es\/index.php?rest_route=\/wp\/v2\/posts\/147\/revisions"}],"predecessor-version":[{"id":929,"href":"https:\/\/www.ceipmaestrorafaelbravomartin.es\/index.php?rest_route=\/wp\/v2\/posts\/147\/revisions\/929"}],"wp:attachment":[{"href":"https:\/\/www.ceipmaestrorafaelbravomartin.es\/index.php?rest_route=%2Fwp%2Fv2%2Fmedia&parent=147"}],"wp:term":[{"taxonomy":"category","embeddable":true,"href":"https:\/\/www.ceipmaestrorafaelbravomartin.es\/index.php?rest_route=%2Fwp%2Fv2%2Fcategories&post=147"},{"taxonomy":"post_tag","embeddable":true,"href":"https:\/\/www.ceipmaestrorafaelbravomartin.es\/index.php?rest_route=%2Fwp%2Fv2%2Ftags&post=147"}],"curies":[{"name":"wp","href":"https:\/\/api.w.org\/{rel}","templated":true}]}}